{"id":33731,"date":"2023-11-14T13:28:10","date_gmt":"2023-11-14T11:28:10","guid":{"rendered":"https:\/\/www.greenpeace.org\/poland\/?p=33731"},"modified":"2023-11-14T19:41:59","modified_gmt":"2023-11-14T17:41:59","slug":"raport-nik-najwazniejszy-problem-odry-to-zasolenie","status":"publish","type":"post","link":"https:\/\/www.greenpeace.org\/poland\/aktualnosci\/33731\/raport-nik-najwazniejszy-problem-odry-to-zasolenie\/","title":{"rendered":"Raport NIK \u2013 najwa\u017cniejszy problem Odry to zasolenie"},"content":{"rendered":"\n<p>Opublikowany dzi\u015b raport Najwy\u017cszej Izby Kontroli nie pozostawia suchej nitki na dzia\u0142aniach instytucji publicznych w czasie katastrofy w Odrze. Kontrola NIK wykaza\u0142a, \u017ce instytucje pa\u0144stwowe nie zareagowa\u0142y wystarczaj\u0105co szybko i nie podj\u0119\u0142y \u017cadnych dzia\u0142a\u0144, kt\u00f3re zapobieg\u0142yby skali katastrofy. Jednoznacznie stwierdzi\u0142a te\u017c, \u017ce najwa\u017cniejszym problemem Odry jest jej zasolenie i brak dzia\u0142a\u0144, kt\u00f3re by jej dalsze zasalanie ogranicza\u0142o. Nie tylko Odra, ale tak\u017ce inne rzeki, do kt\u00f3rych odprowadzane s\u0105 s\u0142one \u015bcieki, zagro\u017cone s\u0105 katastrofami.<br><br>&#8211; Stan wody w polskich rzekach jest tragiczny. Rok po katastrofie w Odrze Wody Polskie podnios\u0142y dopuszczalne poziomy zasolenia w rzekach, mimo \u017ce to w\u0142a\u015bnie zasolenie by\u0142o jej g\u0142\u00f3wn\u0105 przyczyn\u0105. NIK stwierdzi\u0142a r\u00f3wnie\u017c, \u017ce poziom zasolenia w pozwoleniach na zrzuty \u015bciek\u00f3w, kt\u00f3re zosta\u0142y wydane przez Wody Polskie min. kopalniom w\u0119gla kamiennego, s\u0105 bardzo wysokie i sprzeczne z celem poprawy jako\u015bci w\u00f3d w rzekach. W Odrze zosta\u0142a drastycznie naruszona r\u00f3wnowaga ekosystemu, co jest skutkiem wieloletnich zaniecha\u0144 i b\u0142\u0119d\u00f3w oraz akceptowania zasalania Odry przez kopalnie \u2013 komentuje Anna Meres, Greenpeace Polska.<\/p>\n","protected":false},"excerpt":{"rendered":"<p>Opublikowany dzi\u015b raport Najwy\u017cszej Izby Kontroli nie pozostawia suchej nitki na dzia\u0142aniach instytucji publicznych w czasie katastrofy w Odrze. Kontrola NIK wykaza\u0142a, \u017ce instytucje pa\u0144stwowe nie zareagowa\u0142y wystarczaj\u0105co szybko i&hellip;<\/p>\n","protected":false},"author":25,"featured_media":33732,"comment_status":"closed","ping_status":"open","sticky":false,"template":"","format":"standard","meta":{"ep_exclude_from_search":false,"p4_og_title":"","p4_og_description":"","p4_og_image":"","p4_og_image_id":"","p4_seo_canonical_url":"","p4_campaign_name":"","p4_local_project":"","p4_basket_name":"","p4_department":"","footnotes":""},"categories":[2,3],"tags":[20,25,18],"p4-page-type":[14],"class_list":["post-33731","post","type-post","status-publish","format-standard","has-post-thumbnail","hentry","category-klimat-energia","category-przyroda","tag-morza","tag-paliwakopalne","tag-wegiel","p4-page-type-aktualnosci"],"_links":{"self":[{"href":"https:\/\/www.greenpeace.org\/poland\/wp-json\/wp\/v2\/posts\/33731","targetHints":{"allow":["GET"]}}],"collection":[{"href":"https:\/\/www.greenpeace.org\/poland\/wp-json\/wp\/v2\/posts"}],"about":[{"href":"https:\/\/www.greenpeace.org\/poland\/wp-json\/wp\/v2\/types\/post"}],"author":[{"embeddable":true,"href":"https:\/\/www.greenpeace.org\/poland\/wp-json\/wp\/v2\/users\/25"}],"replies":[{"embeddable":true,"href":"https:\/\/www.greenpeace.org\/poland\/wp-json\/wp\/v2\/comments?post=33731"}],"version-history":[{"count":3,"href":"https:\/\/www.greenpeace.org\/poland\/wp-json\/wp\/v2\/posts\/33731\/revisions"}],"predecessor-version":[{"id":33742,"href":"https:\/\/www.greenpeace.org\/poland\/wp-json\/wp\/v2\/posts\/33731\/revisions\/33742"}],"wp:featuredmedia":[{"embeddable":true,"href":"https:\/\/www.greenpeace.org\/poland\/wp-json\/wp\/v2\/media\/33732"}],"wp:attachment":[{"href":"https:\/\/www.greenpeace.org\/poland\/wp-json\/wp\/v2\/media?parent=33731"}],"wp:term":[{"taxonomy":"category","embeddable":true,"href":"https:\/\/www.greenpeace.org\/poland\/wp-json\/wp\/v2\/categories?post=33731"},{"taxonomy":"post_tag","embeddable":true,"href":"https:\/\/www.greenpeace.org\/poland\/wp-json\/wp\/v2\/tags?post=33731"},{"taxonomy":"p4-page-type","embeddable":true,"href":"https:\/\/www.greenpeace.org\/poland\/wp-json\/wp\/v2\/p4-page-type?post=33731"}],"curies":[{"name":"wp","href":"https:\/\/api.w.org\/{rel}","templated":true}]}}