{"id":33936,"date":"2023-11-30T18:36:17","date_gmt":"2023-11-30T16:36:17","guid":{"rendered":"https:\/\/www.greenpeace.org\/poland\/?p=33936"},"modified":"2023-11-30T18:36:20","modified_gmt":"2023-11-30T16:36:20","slug":"pis-znow-probuje-zablokowac-tania-energie-z-wiatru","status":"publish","type":"post","link":"https:\/\/www.greenpeace.org\/poland\/aktualnosci\/33936\/pis-znow-probuje-zablokowac-tania-energie-z-wiatru\/","title":{"rendered":"PiS zn\u00f3w pr\u00f3buje zablokowa\u0107 tani\u0105 energi\u0119 z wiatru"},"content":{"rendered":"\n<p>Komentarz Marka J\u00f3zefiaka, rzecznika prasowego i eksperta ds. polityki ekologicznej Greenpeace Polska:<\/p>\n\n<p>Oburzenie polityk\u00f3w Prawa i Sprawiedliwo\u015bci w sprawie wiatrak\u00f3w zakrawa na pod\u0142y \u017cart, to czystej wody hipokryzja. Politycy PiS-u sami wprowadzili Lex Knebel &#8211; ustaw\u0119, kt\u00f3r\u0105 ograniczyli prawa obywateli przy realizacji wielkich inwestycji. Na s\u0142ynnej serwetce zmienili kluczowe przepisy ustawy wiatrakowej! Potrafili zmienia\u0107 ustawy z dnia na dzie\u0144, a teraz chc\u0105 kogokolwiek poucza\u0107 o procesie legislacyjnym? <\/p>\n\n<p>Na straszeniu wiatrakami zyskuj\u0105 tylko obce pa\u0144stwa, kt\u00f3re nadal chc\u0105 nam sprzedawa\u0107 gaz i w\u0119giel. Tymczasem wed\u0142ug naukowc\u00f3w z Polskiej Akademii Nauk, zasada 500 metr\u00f3w odleg\u0142o\u015bci od siedzib ludzkich jest bezpieczna dla zdrowia. Tylko w 2022 roku wydali\u015bmy jako spo\u0142ecze\u0144stwo prawie 200 miliard\u00f3w z\u0142otych na paliwa z zagranicy. Odblokowanie wiatrak\u00f3w sprawi, \u017ce b\u0119dziemy mogli korzysta\u0107 z czystej i taniej energii produkowanej w Polsce. Greenpeace we\u017amie udzia\u0142 w pracach nad projektem ustawy w sprawie cen energii. Odblokowanie wiatrak\u00f3w to jedna z najpilniejszych spraw dla bezpiecze\u0144stwa energetycznego Polski.\u00a0<\/p>\n","protected":false},"excerpt":{"rendered":"<p>Oburzenie polityk\u00f3w PiS w sprawie wiatrak\u00f3w zakrawa na pod\u0142y \u017cart, to czystej wody hipokryzja. Na straszeniu wiatrakami zyskuj\u0105 tylko obce pa\u0144stwa, kt\u00f3re nadal chc\u0105 nam sprzedawa\u0107 gaz i w\u0119giel.<\/p>\n","protected":false},"author":37,"featured_media":33937,"comment_status":"closed","ping_status":"open","sticky":false,"template":"","format":"standard","meta":{"ep_exclude_from_search":false,"p4_og_title":"","p4_og_description":"","p4_og_image":"","p4_og_image_id":"","p4_seo_canonical_url":"","p4_campaign_name":"","p4_local_project":"","p4_basket_name":"","p4_department":"","footnotes":""},"categories":[2],"tags":[7,25,6],"p4-page-type":[14],"class_list":["post-33936","post","type-post","status-publish","format-standard","has-post-thumbnail","hentry","category-klimat-energia","tag-czysta-energia","tag-paliwakopalne","tag-klimat","p4-page-type-aktualnosci"],"_links":{"self":[{"href":"https:\/\/www.greenpeace.org\/poland\/wp-json\/wp\/v2\/posts\/33936","targetHints":{"allow":["GET"]}}],"collection":[{"href":"https:\/\/www.greenpeace.org\/poland\/wp-json\/wp\/v2\/posts"}],"about":[{"href":"https:\/\/www.greenpeace.org\/poland\/wp-json\/wp\/v2\/types\/post"}],"author":[{"embeddable":true,"href":"https:\/\/www.greenpeace.org\/poland\/wp-json\/wp\/v2\/users\/37"}],"replies":[{"embeddable":true,"href":"https:\/\/www.greenpeace.org\/poland\/wp-json\/wp\/v2\/comments?post=33936"}],"version-history":[{"count":1,"href":"https:\/\/www.greenpeace.org\/poland\/wp-json\/wp\/v2\/posts\/33936\/revisions"}],"predecessor-version":[{"id":33938,"href":"https:\/\/www.greenpeace.org\/poland\/wp-json\/wp\/v2\/posts\/33936\/revisions\/33938"}],"wp:featuredmedia":[{"embeddable":true,"href":"https:\/\/www.greenpeace.org\/poland\/wp-json\/wp\/v2\/media\/33937"}],"wp:attachment":[{"href":"https:\/\/www.greenpeace.org\/poland\/wp-json\/wp\/v2\/media?parent=33936"}],"wp:term":[{"taxonomy":"category","embeddable":true,"href":"https:\/\/www.greenpeace.org\/poland\/wp-json\/wp\/v2\/categories?post=33936"},{"taxonomy":"post_tag","embeddable":true,"href":"https:\/\/www.greenpeace.org\/poland\/wp-json\/wp\/v2\/tags?post=33936"},{"taxonomy":"p4-page-type","embeddable":true,"href":"https:\/\/www.greenpeace.org\/poland\/wp-json\/wp\/v2\/p4-page-type?post=33936"}],"curies":[{"name":"wp","href":"https:\/\/api.w.org\/{rel}","templated":true}]}}