{"id":34227,"date":"2024-03-08T03:02:26","date_gmt":"2024-03-08T01:02:26","guid":{"rendered":"https:\/\/www.greenpeace.org\/poland\/?p=34227"},"modified":"2024-03-13T16:42:19","modified_gmt":"2024-03-13T14:42:19","slug":"sila-kobiet-rozmowa-z-mirella-aktywistka-dzialajaca-dla-klimatu-i-przyrody","status":"publish","type":"post","link":"https:\/\/www.greenpeace.org\/poland\/blog\/34227\/sila-kobiet-rozmowa-z-mirella-aktywistka-dzialajaca-dla-klimatu-i-przyrody\/","title":{"rendered":"Si\u0142a kobiet &#8211; rozmowa z Mirell\u0105, aktywistk\u0105 dzia\u0142aj\u0105c\u0105 dla klimatu i przyrody"},"content":{"rendered":"\n<p>Dzi\u015b Dzie\u0144 Kobiet. To dobra okazja, by przypomnie\u0107, \u017ce <strong>cho\u0107 skutki zmiany klimatu dotykaj\u0105 wszystkich, to jednak nie wszystkich w r\u00f3wnym stopniu. <\/strong>Nara\u017cenie na zmiany klimatyczne jest pot\u0119gowane przez nier\u00f3wno\u015bci zwi\u0105zane z p\u0142ci\u0105, pochodzeniem etnicznym czy czynnikami ekonomicznymi. <strong>Kobiety cz\u0119sto nara\u017cone s\u0105 na wi\u0119ksze ryzyko i obci\u0105\u017cenia zwi\u0105zane ze skutkami zmian klimatu w sytuacji ub\u00f3stwa oraz ze wzgl\u0119du na istniej\u0105ce role, obowi\u0105zki i normy kulturowe. <\/strong>Jednocze\u015bnie to r\u00f3wnie\u017c one cz\u0119sto stoj\u0105 na czele ruch\u00f3w i organizacji spo\u0142ecznych dzia\u0142aj\u0105cych na rzecz zmiany, <strong>stanowi\u0105 si\u0142\u0119 nap\u0119dow\u0105 dzia\u0142a\u0144 na rzecz ochrony \u015brodowiska.<\/strong><\/p>\n\n<div class=\"wp-block-media-text has-media-on-the-right is-stacked-on-mobile is-style-default has-action-yellow-background-color has-background\" style=\"grid-template-columns:auto 33%\"><div class=\"wp-block-media-text__content\">\n<h3 class=\"wp-block-heading has-medium-font-size\"><strong>Dlatego chcemy Ci\u0119 dzi\u015b zaprosi\u0107 do przeczytania kr\u00f3tkiej rozmowy z Mirell\u0105, aktywistk\u0105 klimatyczn\u0105, mam\u0105 tr\u00f3jki dzieci, obro\u0144czyni\u0105 Odry.<\/strong><\/h3>\n<\/div><figure class=\"wp-block-media-text__media\"><img loading=\"lazy\" decoding=\"async\" width=\"300\" height=\"300\" src=\"https:\/\/www.greenpeace.org\/static\/planet4-poland-stateless\/2024\/03\/c9f98cb0-mirella.webp\" alt=\"\" sizes=\"auto, (min-width: 1600px) calc((1320px - 24px) \/ 3.0303),(min-width: 1200px) calc((1140px - 24px) \/ 3.0303),(min-width: 992px) calc((960px - 24px) \/ 3.0303),(min-width: 768px) calc((720px - 24px) \/ 3.0303),(min-width: 601px) calc((540px - 24px) \/ 3.0303),(min-width: 577px) calc((540px - 24px) \/ 1), calc(100vw - 24px)\" srcset=\"\" class=\"wp-image-34228 size-full\"\/><\/figure><\/div>\n\n<p><strong>Dlaczego zacz\u0119\u0142a\u015b dzia\u0142a\u0107 na rzecz klimatu i przyrody?<\/strong><\/p>\n\n<p>Jestem cz\u0119\u015bci\u0105 natury i jej dobrostan jest w moim sercu. Od kilku lat zacz\u0119\u0142y do mnie dochodzi\u0107 informacje m\u00f3wi\u0105ce o post\u0119puj\u0105cej zmianie klimatu, jej przyczynach i mo\u017cliwych skutkach. Wizja katastrofy klimatycznej poparta raportami naukowc\u00f3w z ca\u0142ego \u015bwiata przerazi\u0142a mnie. Jestem mam\u0105 tr\u00f3jki dzieci i nie chc\u0119, aby &#8211; gdy mnie ju\u017c nie b\u0119dzie &#8211; ich \u017cycie by\u0142o zagro\u017cone przez ekstremalne warunki klimatyczne, brak wody i \u017cywno\u015bci czy brak mo\u017cliwo\u015bci oddychania czystym powietrzem. Zada\u0142am sobie pytanie: jak JA mog\u0119 si\u0119 przyczyni\u0107 si\u0119 do powstrzymania zmiany klimatu?&nbsp;<\/p>\n\n<p>Postanowi\u0142am nie by\u0107 biern\u0105 i spr\u00f3bowa\u0107 podj\u0105\u0107 dzia\u0142ania proklimatyczne. Zacz\u0119\u0142o si\u0119 od osobistych zmian: przej\u015bcia na diet\u0119 ro\u015blinn\u0105, ograniczenia jazdy samochodem, wprowadzenia zasady minimalizmu, z czasem zacz\u0119\u0142am dzia\u0142a\u0107 lokalnie. Obserwowa\u0142am te\u017c dzia\u0142ania organizacji dzia\u0142aj\u0105cych na rzecz ochrony klimatu, zacz\u0119\u0142am je wspiera\u0107, a\u017c do\u0142\u0105czy\u0142am do wybranych, w tym Greenpeace, by sta\u0107 si\u0119 wolontariuszk\u0105 i aktywistk\u0105 klimatyczn\u0105.\u00a0<\/p>\n\n<p><strong>W zesz\u0142ym roku wraz z aktywistkami i aktywistami Greenpeace wzi\u0119\u0142a\u015b udzia\u0142 w obywatelskiej blokadzie zrzutu \u015bciek\u00f3w do Odry. Dlaczego si\u0119 na to zdecydowa\u0142a\u015b?<\/strong><\/p>\n\n<p>To by\u0142a dla mnie bardzo wa\u017cna sprawa. Ca\u0142\u0105 rodzin\u0105 bardzo mocno prze\u017cyli\u015bmy katastrof\u0119 Odry. Gdy zobaczyli\u015bmy w telewizji pierwsze obrazy pokazuj\u0105ce jej skal\u0119 &#8211; p\u0142akali\u015bmy. Nie mogli\u015bmy uwierzy\u0107 w to, co si\u0119 dzieje. Jak to mo\u017cliwe, \u017ce kto\u015b dopu\u015bci\u0142 do tak ogromnego zaniedbania? Jak to si\u0119 sta\u0142o, \u017ce tyle ryb i innych stworze\u0144 wodnych musia\u0142o straci\u0107 \u017cycie? Po roku od katastrofy nasze w\u0142adze nie zrobi\u0142y w\u0142a\u015bciwie nic poza monitorowaniem stanu w\u00f3d. S\u0142one \u015bcieki dalej p\u0142yn\u0119\u0142y do Odry. Blokuj\u0105c zrzut \u015bciek\u00f3w pokazali\u015bmy, jak bardzo potrzebne jest pilne dzia\u0142anie. To by\u0142 m\u00f3j protest przeciwko bierno\u015bci rz\u0105du i czuj\u0119 dum\u0119, \u017ce mog\u0119 dzia\u0142a\u0107 dla Odry.<\/p>\n<div class=\"EmptyMessage\">Block content is empty. Check the block&#8217;s settings or remove it.<\/div>\n<p><strong>Nie ba\u0142a\u015b si\u0119 represji?<\/strong><\/p>\n\n<p>Nie ba\u0142am si\u0119. By\u0142am na to przygotowana. Moja rodzina mnie w tym bardzo wspiera\u0142a &#8211; na blokadzie by\u0142am te\u017c przedstawicielk\u0105 naszej rodziny i robi\u0142am to r\u00f3wnie\u017c w jej imieniu. By\u0142am gotowa odda\u0107 cz\u0119\u015b\u0107 mojej wolno\u015bci, by by\u0107 cz\u0119\u015bci\u0105 zmian systemowych dobrych dla przyrody i klimatu.<\/p>\n\n<p><strong>Robi\u0142a\u015b to dla swojej rodziny?<\/strong><\/p>\n\n<p>Tak, ca\u0142y czas my\u015bl\u0119 o moich dzieciach i ich przysz\u0142o\u015bci. Zmiany klimatu i niszczenie przyrody post\u0119puj\u0105 i nie mog\u0119 na to patrze\u0107 biernie. Przysz\u0142o\u015b\u0107 moich dzieci i przysz\u0142ych pokole\u0144 jest dla mnie bardzo wa\u017cna. Dlatego zale\u017cy mi, by mie\u0107 wp\u0142yw na jej kszta\u0142t, na zmian\u0119 na lepsze. Zale\u017cy mi, by moje dzieci mog\u0142y \u017cy\u0107 w \u015bwiecie, jaki ja zna\u0142am. Albo lepszym. Chc\u0119, by kiedy\u015b, w przysz\u0142o\u015bci, kiedy mnie ju\u017c nie b\u0119dzie, mog\u0142y pomy\u015ble\u0107, \u017ce ich mama robi\u0142a wszystko, by uratowa\u0107 klimat.<\/p>\n\n<figure class=\"wp-block-image size-large\"><img loading=\"lazy\" decoding=\"async\" width=\"1024\" height=\"683\" src=\"https:\/\/www.greenpeace.org\/static\/planet4-poland-stateless\/2023\/04\/e7dcb1c8-20230424_gp_rura_dsc07986-1024x683.jpg\" alt=\"\" class=\"wp-image-32681\" srcset=\"https:\/\/www.greenpeace.org\/static\/planet4-poland-stateless\/2023\/04\/e7dcb1c8-20230424_gp_rura_dsc07986-1024x683.jpg 1024w, https:\/\/www.greenpeace.org\/static\/planet4-poland-stateless\/2023\/04\/e7dcb1c8-20230424_gp_rura_dsc07986-500x333.jpg 500w, https:\/\/www.greenpeace.org\/static\/planet4-poland-stateless\/2023\/04\/e7dcb1c8-20230424_gp_rura_dsc07986-768x512.jpg 768w, https:\/\/www.greenpeace.org\/static\/planet4-poland-stateless\/2023\/04\/e7dcb1c8-20230424_gp_rura_dsc07986-1536x1024.jpg 1536w, https:\/\/www.greenpeace.org\/static\/planet4-poland-stateless\/2023\/04\/e7dcb1c8-20230424_gp_rura_dsc07986-2048x1366.jpg 2048w, https:\/\/www.greenpeace.org\/static\/planet4-poland-stateless\/2023\/04\/e7dcb1c8-20230424_gp_rura_dsc07986-510x340.jpg 510w\" sizes=\"auto, (max-width: 1024px) 100vw, 1024px\" \/><figcaption class=\"wp-element-caption\">Blokada zrzutu \u015bciek\u00f3w kopalnianych do dop\u0142ywu Odry, w kt\u00f3rej bra\u0142a udzia\u0142 Mirella<div class=\"credit icon-left\"> \u00a9 Max Zieli\u0144ski<\/div><\/figcaption><\/figure>\n\n<p><strong>Jakie wyzwania maj\u0105 przed sob\u0105 kobiety dzia\u0142aj\u0105ce na rzecz klimatu i przyrody?<\/strong><\/p>\n\n<p>Najwi\u0119kszym wyzwaniem jest znalezienie czasu, bo temat\u00f3w i mo\u017cliwo\u015bci dzia\u0142a\u0144 jest bardzo wiele. Stworzy\u0142am system, w kt\u00f3rym dziel\u0119 czas na obowi\u0105zki domowe, rodzinne, prac\u0119 zawodow\u0105, hobby, relaks w naturze i dzia\u0142ania dla ochrony klimatu: wolontariat w organizacjach, wyjazdy szkoleniowe, udzia\u0142 w protestach itp.<\/p>\n\n<p>Poza brakiem czasu mierz\u0119 si\u0119 te\u017c czasem z brakiem zrozumienia, krytyk\u0105 i zdziwieniem znajomym &#8211; \u201cprzecie\u017c i tak nie naprawisz \u015bwiata\u201d, m\u00f3wi\u0105. Ale s\u0105 te\u017c przychylne g\u0142osy, kt\u00f3re mi dzi\u0119kuj\u0105, \u017ce dzia\u0142am w imieniu nas wszystkich dla dobra planety.&nbsp;<\/p>\n\n<p><strong>Cz\u0119sto kobietom dzia\u0142aj\u0105cym na rzecz klimatu i przyrody m\u00f3wi si\u0119, \u017ce powinny siedzie\u0107 w domu albo \u017ce ich miejsce jest \u201cprzy garach\u201d. Jak si\u0119 do tego odnosisz?&nbsp;<\/strong><\/p>\n\n<p>Kryzys klimatyczny ma twarz kobiety, to one najbardziej cierpi\u0105 w wyniku jego skutk\u00f3w. Za kryzys klimatyczny g\u0142\u00f3wnie odpowiedzialni s\u0105 bogaci biali m\u0119\u017cczy\u017ani, kt\u00f3rzy zbudowali swoje fortuny na wyzysku kolonialnym, paliwach kopalnych czy niszczeniu przyrody. Ja mam to szcz\u0119\u015bcie, \u017ce jestem w zwi\u0105zku partnerskim od wielu lat i wiem, \u017ce jest mo\u017cliwe r\u00f3wnoprawne szcz\u0119\u015bliwe \u017cycie bez podcinania skrzyde\u0142 wolno\u015bci osobistej. Moja rodzina widzia\u0142a, jak bardzo absorbuje mnie zmiana klimatu, jak poznawanie kolejnych informacji o post\u0119puj\u0105cym niszczeniu \u015brodowiska wyzwala we mnie potrzeb\u0119 dzia\u0142a\u0144. Dlatego gdy powiedzia\u0142am, \u017ce chc\u0119 aktywnie dzia\u0142a\u0107 na rzecz klimatu i przyrody, spotka\u0142am si\u0119 z ich zrozumieniem i pomoc\u0105. Moje dzieci zrozumia\u0142y, \u017ce robi\u0119 to dla nich, dla ratowania ich przysz\u0142o\u015bci, aby mog\u0142y \u017cy\u0107 w czystym \u015brodowisku i w \u015bwiecie, w kt\u00f3rym panuje pok\u00f3j. Mam wra\u017cenie, \u017ce w ruchach proklimatycznych dzia\u0142a wi\u0119cej kobiet lub os\u00f3b niebinarnych ni\u017c m\u0119\u017cczyzn i g\u0142\u0119boko wierz\u0119, \u017ce to one uratuj\u0105 \u015bwiat.&nbsp;<\/p>\n\n<p><strong>Czy masz jakie\u015b przes\u0142anie do kobiet, kt\u00f3re ju\u017c dzia\u0142aj\u0105 dla klimatu i przyrody albo kt\u00f3re chc\u0105 zacz\u0105\u0107?&nbsp;<\/strong><\/p>\n\n<p>Je\u017celi ju\u017c aktywnie dzia\u0142asz to wielkie brawa dla Ciebie &#8211; r\u00f3b to dalej i nie poddawaj si\u0119! Dbaj o siebie, bo pomaganie planecie to maraton, a nie sprint.<\/p>\n\n<p>Je\u017celi martwi Ci\u0119 zmiana klimatu, boisz si\u0119 o przysz\u0142o\u015b\u0107 swoich dzieci i przysz\u0142ych pokole\u0144, nie ma w Tobie zgody na niszczenie \u015brodowiska w imi\u0119 zysk\u00f3w i chorego prawa, masowego wymierania gatunk\u00f3w, zaniku bior\u00f3\u017cnorodno\u015bci to prze\u0142am si\u0119 i zacznij dzia\u0142a\u0107! Od drobnych krok\u00f3w do wielkich zmian. Ka\u017cde nawet najmniejsze dzia\u0142anie ma sens, daje przyk\u0142ad i zach\u0119ca innych. Presja spo\u0142eczna buduje zmiany systemowe, kt\u00f3re pomagaj\u0105 chroni\u0107 klimat. Wsp\u00f3lne, aktywne dzia\u0142ania na rzecz klimatu i przyrody, bycie w grupie ludzi my\u015bl\u0105cych podobnie i wspieraj\u0105cych si\u0119 to najlepsze antidotum na przeciwdzia\u0142anie depresji klimatycznej.<\/p>\n<div class=\"EmptyMessage\">Block content is empty. Check the block&#8217;s settings or remove it.<\/div>","protected":false},"excerpt":{"rendered":"<p>Dzi\u015b Dzie\u0144 Kobiet. To dobra okazja, by przypomnie\u0107, \u017ce cho\u0107 skutki zmiany klimatu dotykaj\u0105 wszystkich, to jednak nie wszystkich w r\u00f3wnym stopniu. Nara\u017cenie na zmiany klimatyczne jest pot\u0119gowane przez nier\u00f3wno\u015bci&hellip;<\/p>\n","protected":false},"author":25,"featured_media":34228,"comment_status":"closed","ping_status":"open","sticky":false,"template":"","format":"standard","meta":{"ep_exclude_from_search":false,"p4_og_title":"","p4_og_description":"","p4_og_image":"https:\/\/www.greenpeace.org\/static\/planet4-poland-stateless\/2024\/03\/c9f98cb0-mirella.webp","p4_og_image_id":"34228","p4_seo_canonical_url":"","p4_campaign_name":"","p4_local_project":"","p4_basket_name":"","p4_department":"","footnotes":""},"categories":[2,3],"tags":[24,26,6],"p4-page-type":[108],"class_list":["post-34227","post","type-post","status-publish","format-standard","has-post-thumbnail","hentry","category-klimat-energia","category-przyroda","tag-aktywizm","tag-ochrona-przyrody","tag-klimat","p4-page-type-blog"],"_links":{"self":[{"href":"https:\/\/www.greenpeace.org\/poland\/wp-json\/wp\/v2\/posts\/34227","targetHints":{"allow":["GET"]}}],"collection":[{"href":"https:\/\/www.greenpeace.org\/poland\/wp-json\/wp\/v2\/posts"}],"about":[{"href":"https:\/\/www.greenpeace.org\/poland\/wp-json\/wp\/v2\/types\/post"}],"author":[{"embeddable":true,"href":"https:\/\/www.greenpeace.org\/poland\/wp-json\/wp\/v2\/users\/25"}],"replies":[{"embeddable":true,"href":"https:\/\/www.greenpeace.org\/poland\/wp-json\/wp\/v2\/comments?post=34227"}],"version-history":[{"count":6,"href":"https:\/\/www.greenpeace.org\/poland\/wp-json\/wp\/v2\/posts\/34227\/revisions"}],"predecessor-version":[{"id":34245,"href":"https:\/\/www.greenpeace.org\/poland\/wp-json\/wp\/v2\/posts\/34227\/revisions\/34245"}],"wp:featuredmedia":[{"embeddable":true,"href":"https:\/\/www.greenpeace.org\/poland\/wp-json\/wp\/v2\/media\/34228"}],"wp:attachment":[{"href":"https:\/\/www.greenpeace.org\/poland\/wp-json\/wp\/v2\/media?parent=34227"}],"wp:term":[{"taxonomy":"category","embeddable":true,"href":"https:\/\/www.greenpeace.org\/poland\/wp-json\/wp\/v2\/categories?post=34227"},{"taxonomy":"post_tag","embeddable":true,"href":"https:\/\/www.greenpeace.org\/poland\/wp-json\/wp\/v2\/tags?post=34227"},{"taxonomy":"p4-page-type","embeddable":true,"href":"https:\/\/www.greenpeace.org\/poland\/wp-json\/wp\/v2\/p4-page-type?post=34227"}],"curies":[{"name":"wp","href":"https:\/\/api.w.org\/{rel}","templated":true}]}}