{"id":34507,"date":"2024-04-25T11:23:20","date_gmt":"2024-04-25T09:23:20","guid":{"rendered":"https:\/\/www.greenpeace.org\/poland\/?p=34507"},"modified":"2024-04-25T14:25:28","modified_gmt":"2024-04-25T12:25:28","slug":"wielki-test-miodu","status":"publish","type":"post","link":"https:\/\/www.greenpeace.org\/poland\/aktualnosci\/34507\/wielki-test-miodu\/","title":{"rendered":"Wielki Test Miodu"},"content":{"rendered":"\n<p>Uwaga! Greenpeace zagl\u0105da do s\u0142oik\u00f3w! Wielki Test Miodu poka\u017ce, co kryje si\u0119 w polskim miodzie i czy jest to bezpieczne dla pszcz\u00f3\u0142, innych owad\u00f3w zapylaj\u0105cych i dla nas wszystkich.<\/p>\n\n<p>Wielki Testu Miodu:<\/p>\n\n<ul class=\"wp-block-list\">\n<li>zbada obecno\u015b\u0107 pestycyd\u00f3w w miodzie<\/li>\n\n\n\n<li>poka\u017ce, jakie zagro\u017cenia czyhaj\u0105 na owady zapylaj\u0105ce<\/li>\n\n\n\n<li>wska\u017ce stan \u015brodowiska, w jakim \u017cyj\u0105 owady zapylaj\u0105ce, a tak\u017ce my wszyscy<\/li>\n\n\n\n<li>poka\u017ce, czy to, co jemy, czy jest bezpieczne i zdrowe (nie chodzi tylko o mi\u00f3d!)<\/li>\n\n\n\n<li>sprawdzi skuteczno\u015b\u0107 polityki ochrony przyrody w Polsce.<\/li>\n<\/ul>\n\n<p>Rusza jedenasta edycja akcji Adoptuj Pszczo\u0142\u0119 prowadzonej przez Greenpeace Polska! Jak co roku, mo\u017cna do niej do\u0142\u0105czy\u0107 przez stron\u0119 <a href=\"http:\/\/www.adoptujpszczole.pl\">www.adoptujpszczole.pl<\/a>. Pod tym adresem mo\u017cna wesprze\u0107 dzia\u0142ania na rzecz ochrony owady zapylaj\u0105cych. W tym roku Greenpeace przeprowadzi Wielki Test Miodu. Wytypuje do badania pasieki ze wszystkich wojew\u00f3dztw i sprawdzimy ich mi\u00f3d na obecno\u015b\u0107 pestycyd\u00f3w. Testowane b\u0119d\u0105 najpopularniejsze odmiany miod\u00f3w: wielokwiatowe i rzepakowe, a tak\u017ce gryczane i te z ekologicznymi certyfikatami.\u00a0<\/p>\n\t\t\t<section\n\t\t\tclass=\"boxout post-29417 \"\n\t\t\t\n\t\t>\n\t\t\t<a\n\t\t\t\tdata-ga-category=\"Take Action Boxout\"\n\t\t\t\tdata-ga-action=\"Image\"\n\t\t\t\tdata-ga-label=\"n\/a\"\n\t\t\t\tclass=\"cover-card-overlay\"\n\t\t\t\thref=\"https:\/\/www.greenpeace.org\/poland\/dzialaj-old\/adoptuj-pszczole\/\" \n\t\t\t><\/a>\n\t\t\t\t\t\t\t<img\n\t\t\t\t\t\tsrc=\"https:\/\/www.greenpeace.org\/static\/planet4-poland-stateless\/2023\/05\/35431639-trzmiel-w-krokusie-ap10-1024x470.jpg\"\n\t\t\t\t\t\tsrcset=\"https:\/\/www.greenpeace.org\/static\/planet4-poland-stateless\/2023\/05\/35431639-trzmiel-w-krokusie-ap10-500x230.jpg 500w, https:\/\/www.greenpeace.org\/static\/planet4-poland-stateless\/2023\/05\/35431639-trzmiel-w-krokusie-ap10-1024x470.jpg 1024w, https:\/\/www.greenpeace.org\/static\/planet4-poland-stateless\/2023\/05\/35431639-trzmiel-w-krokusie-ap10-768x353.jpg 768w, https:\/\/www.greenpeace.org\/static\/planet4-poland-stateless\/2023\/05\/35431639-trzmiel-w-krokusie-ap10-1536x706.jpg 1536w, https:\/\/www.greenpeace.org\/static\/planet4-poland-stateless\/2023\/05\/35431639-trzmiel-w-krokusie-ap10-510x234.jpg 510w, https:\/\/www.greenpeace.org\/static\/planet4-poland-stateless\/2023\/05\/35431639-trzmiel-w-krokusie-ap10.jpg 1920w\"\n\t\t\t\t\t\tsizes=\"(min-width: 1000px) 358px, (min-width: 780px) 313px, 88px\"\n\t\t\t\t\t\talt=\"Dzika Pszczo\u0142a\" title=\"Dzika Pszczo\u0142a\"\n\t\t\t\t\/>\n            \t\t\t<div class=\"boxout-content\">\n\t\t\t\t\t\t\t\t\t<a\n\t\t\t\t\t\tclass=\"boxout-heading medium\"\n\t\t\t\t\t\tdata-ga-category=\"Take Action Boxout\"\n\t\t\t\t\t\tdata-ga-action=\"Title\"\n\t\t\t\t\t\tdata-ga-label=\"n\/a\"\n\t\t\t\t\t\thref=\"https:\/\/www.greenpeace.org\/poland\/dzialaj-old\/adoptuj-pszczole\/\"\n\t\t\t\t\t\t\n\t\t\t\t\t>\n\t\t\t\t\t\tWe\u017a udzia\u0142 w akcji &#8222;Adoptuj Pszczo\u0142\u0119&#8221;\n\t\t\t\t\t<\/a>\n\t\t\t\t\t\t\t\t\t\t\t\t\t<p class=\"boxout-excerpt\">We\u017a udzia\u0142 w najstarszej i najfajniejszej akcji pomocy pszczo\u0142om, w kt\u00f3rej od ponad 10 lat dziesi\u0105tki tysi\u0119cy os\u00f3b staj\u0105 sie pszczelimi bohaterami i bohaterkami ratuj\u0105c owady zapylaj\u0105ce!<\/p>\n\t\t\t\t                                    <a\n                        class=\"btn btn-primary\"\n                        data-ga-category=\"Take Action Boxout\"\n                        data-ga-action=\"Call to Action\"\n                        data-ga-label=\"n\/a\"\n                        href=\"https:\/\/www.greenpeace.org\/poland\/dzialaj-old\/adoptuj-pszczole\/\"\n                        \n                    >\n                        Dzia\u0142aj!\n                    <\/a>\n                \t\t\t<\/div>\n\t\t\t\t\t<\/section>\n\t\n<p>\u2013 Pom\u00f3\u017ccie nam pozna\u0107 prawd\u0119 o pestycydach w polskich miodach i o stanie \u015brodowiska, w kt\u00f3rym \u017cyj\u0105 owady zapylaj\u0105ce. I pom\u00f3\u017ccie nam przekona\u0107 polski rz\u0105d do poparcia przepis\u00f3w zwi\u0119kszaj\u0105cych ochron\u0119 przyrody i owad\u00f3w zapylaj\u0105cych, a rezultacie \u2013 ochron\u0119 nas wszystkich \u2013 apeluje Krzysztof Cibor, szef zespo\u0142u kampanii Greenpeace Polska.<\/p>\n\n<p>\u2013 Skupiamy si\u0119 na pestycydach, poniewa\u017c ponad 80 proc. Polek i Polak\u00f3w obawia si\u0119 wp\u0142ywu tych substancji na \u015brodowisko i na zdrowie \u2013 wyja\u015bnia.\u00a0<\/p>\n\n<p>Bardzo wysok\u0105 \u015bwiadomo\u015b\u0107 zagro\u017ce\u0144 ze strony pestycyd\u00f3w dla \u015brodowiska, \u017cywno\u015bci i zdrowia wykaza\u0142 sonda\u017c pracowni IPSOS, przeprowadzony jesieni\u0105 ubieg\u0142ego roku w sze\u015bciu krajach Unii Europejskiej. W 2020 roku w ramach akcji Adoptuj Pszczo\u0142\u0119 Greenpeace bada\u0142 kwiaty rzepaku \u2014 okaza\u0142o si\u0119, \u017ce zawiera\u0142y one nawet pestycydy, kt\u00f3rych u\u017cywanie by\u0142o zabronione od kilku lat. To wszystko trafia tak\u017ce do miodu. Tymczasem zajmuje on szczeg\u00f3lne miejsce na polskich sto\u0142ach, a jako spo\u0142ecze\u0144stwo jeste\u015bmy dumni z polskiego pszczelarstwa i wysokiej jako\u015bci polskich miod\u00f3w.&nbsp;<\/p>\n\n<p>\u2013 W tegorocznym Wielkim Te\u015bcie Miodu nie chodzi wy\u0142\u0105cznie o ciekawo\u015b\u0107 konsumenck\u0105. Kupowany i jedzony przez nas na co dzie\u0144 mi\u00f3d chcemy potraktowa\u0107 jako papierek lakmusowy, kt\u00f3ry poka\u017ce nam stan \u015brodowiska, w jakim \u017cyj\u0105 wszystkie owady zapylaj\u0105ce, w tym te najbardziej zagro\u017cone, dzikie zapylacze. Badaj\u0105c mi\u00f3d pochodz\u0105cy od pszcz\u00f3\u0142 miodnych, poznamy stan ska\u017cenia pestycydami zr\u00f3\u017cnicowanych \u015brodowisk z ca\u0142ego kraju. Dowiemy si\u0119, czy to, co jemy, jest bezpieczne i zdrowe, a \u2014 po\u015brednio \u2014 dowiemy si\u0119 te\u017c, czy bezpieczne i zdrowe s\u0105 inne owady zapylaj\u0105ce. Nie ma zdrowej, obfitej i zr\u00f3\u017cnicowanej \u017cywno\u015bci bez lataj\u0105cymi nad polami i \u0142\u0105kami pszcz\u00f3\u0142, trzmieli, bzyg\u00f3w i motyli \u2014 to one odpowiadaj\u0105 za powstawanie 30 procent tego, co jemy \u2013 m\u00f3wi Krzysztof Cibor.\u00a0<\/p>\n\n<p>Tymczasem tempo wymierania owad\u00f3w na \u015bwiecie jest zatrwa\u017caj\u0105ce \u2013 szacuje si\u0119, \u017ce ich populacja ka\u017cdego roku kurczy si\u0119 o oko\u0142o 2,5 procent. Odpowiadaj\u0105 za to dzia\u0142ania cz\u0142owieka \u2013 niszczenie naturalnych siedlisk, kryzys klimatyczny i stosowanie pestycyd\u00f3w. Wiemy, jak niebezpieczne s\u0105 te substancje, a r\u00f3wnocze\u015bnie tylko nieca\u0142e 45 proc. ufa, \u017ce rz\u0105d wprowadzaj\u0105c regulacje dotycz\u0105ce pestycyd\u00f3w, kieruje si\u0119 zdrowiem obywateli i stanem \u015brodowiska. Ta nieufno\u015b\u0107 okaza\u0142a si\u0119 ostatnio bardzo uzasadniona. W marcu Donald Tusk osobi\u015bcie zdecydowa\u0142 o zawetowaniu europejskiego Prawa o Odtwarzaniu Zasob\u00f3w Naturalnych (Nature Resoration Law). Wycofywanie si\u0119 przez rz\u0105d z regulacji maj\u0105cych chroni\u0107 nas i \u015brodowisko, w kt\u00f3rym powstaje nasza \u017cywno\u015b\u0107, przed niebezpieczn\u0105 chemizacj\u0105 produkcji rolno-spo\u017cywczej to przera\u017caj\u0105ca kr\u00f3tkowzroczno\u015b\u0107. Ochrona przyrody nie stoi w sprzeczno\u015bci z rolnictwem, wr\u0119cz przeciwnie!<\/p>\n\n<p>\u2013 Naszym testem chcemy pokaza\u0107, jak wygl\u0105da bezpiecze\u0144stwo \u017cywno\u015bciowe\u00a0 wzi\u0119te pod lup\u0119. I czy aby na pewno nasza \u017cywno\u015b\u0107 jest tak zdrowa, jak by\u015bmy tego wszyscy chcieli. A pomi\u0119dzy zdrow\u0105 \u017cywno\u015bci\u0105 a zdrowym \u015brodowiskiem nie ma r\u00f3\u017cnicy. Jeste\u015bmy tym, co jemy i\u00a0 jeste\u015bmy cz\u0119\u015bci\u0105 natury \u2013 podsumowuje Krzysztof Cibor.\u00a0<\/p>\n","protected":false},"excerpt":{"rendered":"<p>Uwaga! Greenpeace zagl\u0105da do s\u0142oik\u00f3w! Wielki Test Miodu poka\u017ce, co kryje si\u0119 w polskim miodzie i czy jest to bezpieczne dla pszcz\u00f3\u0142, innych owad\u00f3w zapylaj\u0105cych i dla nas wszystkich.<\/p>\n","protected":false},"author":25,"featured_media":32383,"comment_status":"closed","ping_status":"open","sticky":false,"template":"","format":"standard","meta":{"ep_exclude_from_search":false,"p4_og_title":"","p4_og_description":"","p4_og_image":"https:\/\/www.greenpeace.org\/static\/planet4-poland-stateless\/2019\/06\/dab41c81-8864882268_c395aec5af_k.jpg","p4_og_image_id":"2890","p4_seo_canonical_url":"","p4_campaign_name":"","p4_local_project":"","p4_basket_name":"","p4_department":"","footnotes":""},"categories":[3],"tags":[28,26,29],"p4-page-type":[14],"class_list":["post-34507","post","type-post","status-publish","format-standard","has-post-thumbnail","hentry","category-przyroda","tag-pszczoly","tag-ochrona-przyrody","tag-zywnosc","p4-page-type-aktualnosci"],"_links":{"self":[{"href":"https:\/\/www.greenpeace.org\/poland\/wp-json\/wp\/v2\/posts\/34507","targetHints":{"allow":["GET"]}}],"collection":[{"href":"https:\/\/www.greenpeace.org\/poland\/wp-json\/wp\/v2\/posts"}],"about":[{"href":"https:\/\/www.greenpeace.org\/poland\/wp-json\/wp\/v2\/types\/post"}],"author":[{"embeddable":true,"href":"https:\/\/www.greenpeace.org\/poland\/wp-json\/wp\/v2\/users\/25"}],"replies":[{"embeddable":true,"href":"https:\/\/www.greenpeace.org\/poland\/wp-json\/wp\/v2\/comments?post=34507"}],"version-history":[{"count":5,"href":"https:\/\/www.greenpeace.org\/poland\/wp-json\/wp\/v2\/posts\/34507\/revisions"}],"predecessor-version":[{"id":34513,"href":"https:\/\/www.greenpeace.org\/poland\/wp-json\/wp\/v2\/posts\/34507\/revisions\/34513"}],"wp:featuredmedia":[{"embeddable":true,"href":"https:\/\/www.greenpeace.org\/poland\/wp-json\/wp\/v2\/media\/32383"}],"wp:attachment":[{"href":"https:\/\/www.greenpeace.org\/poland\/wp-json\/wp\/v2\/media?parent=34507"}],"wp:term":[{"taxonomy":"category","embeddable":true,"href":"https:\/\/www.greenpeace.org\/poland\/wp-json\/wp\/v2\/categories?post=34507"},{"taxonomy":"post_tag","embeddable":true,"href":"https:\/\/www.greenpeace.org\/poland\/wp-json\/wp\/v2\/tags?post=34507"},{"taxonomy":"p4-page-type","embeddable":true,"href":"https:\/\/www.greenpeace.org\/poland\/wp-json\/wp\/v2\/p4-page-type?post=34507"}],"curies":[{"name":"wp","href":"https:\/\/api.w.org\/{rel}","templated":true}]}}