{"id":34696,"date":"2024-06-05T01:16:51","date_gmt":"2024-06-04T23:16:51","guid":{"rendered":"https:\/\/www.greenpeace.org\/poland\/?p=34696"},"modified":"2024-06-06T11:57:15","modified_gmt":"2024-06-06T09:57:15","slug":"greenpeace-na-wiecu-tuska-bezpieczna-polska-to-polski-wiatr-a-nie-obcy-gaz","status":"publish","type":"post","link":"https:\/\/www.greenpeace.org\/poland\/aktualnosci\/34696\/greenpeace-na-wiecu-tuska-bezpieczna-polska-to-polski-wiatr-a-nie-obcy-gaz\/","title":{"rendered":"Na wiecu Tuska Greenpeace dopomina si\u0119 o wiatraki"},"content":{"rendered":"\n<p><strong>Rz\u0105d Donalda Tuska musi zacz\u0105\u0107 spe\u0142nia\u0107 swoje obietnice wyborcze i uniezale\u017cni\u0107 Polsk\u0119 od gazu i w\u0119gla. W obliczu rosn\u0105cych cen energii z paliw kopalnych i utrzymuj\u0105cego si\u0119 uzale\u017cnienia Polski od importu surowc\u00f3w, dalsze obstawanie przy brudnej energetyce w\u0119gla i gazu jest bardzo niebezpieczne dla obywateli naszego kraju. Premier Tusk powinien pokaza\u0107 swoje przyw\u00f3dztwo i nada\u0107 najwy\u017cszy polityczny priorytet przyspieszeniu rozwoju odnawialnych \u017ar\u00f3de\u0142 energii &#8211; apelowali w trakcie wiecu na Placu Zamkowym w Warszawie.<\/strong><\/p>\n\n<p>Aktywi\u015bci i aktywistki Greenpeace Polska pojawili si\u0119 na wiecu przed wyborami do Parlamentu Europejskiego z wielkim transparentem \u201eBezpieczna Polska to polski wiatr, nie obcy gaz\u201d.&nbsp;<\/p>\n\n<figure class=\"wp-block-image size-large\"><img loading=\"lazy\" decoding=\"async\" width=\"1024\" height=\"683\" src=\"https:\/\/www.greenpeace.org\/static\/planet4-poland-stateless\/2024\/06\/795b4ff1-img_0919-1024x683.jpg\" alt=\"\" class=\"wp-image-34697\" srcset=\"https:\/\/www.greenpeace.org\/static\/planet4-poland-stateless\/2024\/06\/795b4ff1-img_0919-1024x683.jpg 1024w, https:\/\/www.greenpeace.org\/static\/planet4-poland-stateless\/2024\/06\/795b4ff1-img_0919-500x333.jpg 500w, https:\/\/www.greenpeace.org\/static\/planet4-poland-stateless\/2024\/06\/795b4ff1-img_0919-768x512.jpg 768w, https:\/\/www.greenpeace.org\/static\/planet4-poland-stateless\/2024\/06\/795b4ff1-img_0919-1536x1024.jpg 1536w, https:\/\/www.greenpeace.org\/static\/planet4-poland-stateless\/2024\/06\/795b4ff1-img_0919-510x340.jpg 510w, https:\/\/www.greenpeace.org\/static\/planet4-poland-stateless\/2024\/06\/795b4ff1-img_0919.jpg 1620w\" sizes=\"auto, (max-width: 1024px) 100vw, 1024px\" \/><\/figure>\n\n<p>&#8211; Wiatru nie musimy \u015bci\u0105ga\u0107 z Kataru czy Ameryki, wystarczy zacz\u0105\u0107 korzysta\u0107 z tej taniej energii. Przed wyborami wszystkie partie koalicji wielokrotnie popiera\u0142y odblokowanie rozwoju taniej, bezpiecznej i czystej energetyki wiatrowej. P\u00f3\u0142 roku po przej\u0119ciu w\u0142adzy wydaje si\u0119, \u017ce rz\u0105dz\u0105cy zapomnieli o swoich obietnicach gruntownych reform polskiej energetyki. Ludzie Tuska zachowuj\u0105 si\u0119 tak jakby bali si\u0119 wzi\u0105\u0107 odpowiedzialno\u015b\u0107 za polityk\u0119 energetyczn\u0105 pa\u0144stwa. Graj\u0105 na przeczekanie i kontynuuj\u0105 fataln\u0105 w skutkach polityk\u0119 PiS-u, kt\u00f3ra przynios\u0142a Polkom i Polakom wysokie rachunki za energi\u0119 &#8211; m\u00f3wi Marek J\u00f3zefiak, rzecznik i ekspert ds. polityki ekologicznej Greenpeace Polska.<\/p>\n\n<p>Politycy koalicji rz\u0105dowej wielokrotnie zapowiadali przed wyborami szybkie odblokowanie rozwoju energetyki wiatrowej. Ten postulat znalaz\u0142 si\u0119 r\u00f3wnie\u017c w\u015br\u00f3d \u201eStu konkret\u00f3w na sto dni\u201d rz\u0105du. Do tej pory tej obietnicy nie spe\u0142niono, cho\u0107 jest to konieczne, aby szybko uniezale\u017cni\u0107 polsk\u0105 energetyk\u0119 od w\u0119gla i gazu. Badania opinii publicznej przeprowadzone przez More in Common w kwietniu br. pokazuj\u0105, \u017ce a\u017c 78 proc. wyborc\u00f3w Koalicji Obywatelskiej popiera przyspieszenie rozwoju odnawialnych \u017ar\u00f3de\u0142 energii.&nbsp;<\/p>\n\n<p>&#8211; Rz\u0105d ma dwie mo\u017cliwo\u015bci: albo dokona gruntownej zmiany polityki energetycznej odziedziczonej po PiS i szybko przeprowadzi konieczne reformy, albo czeka nas powa\u017cny kryzys w zwi\u0105zku z zapa\u015bci\u0105 energetyki i wysokimi cenami energii. W\u0119giel i gaz s\u0105 nie tylko brudne i drogie, ale te\u017c ogromn\u0105 cz\u0119\u015b\u0107 tych surowc\u00f3w musimy sprowadza\u0107 z zagranicy. Polska importuje ju\u017c ok. 80% gazu. Dalsze brni\u0119cie w inwestycje gazowe &#8211; jak planuje rz\u0105d Donalda Tuska &#8211; tylko pog\u0142\u0119bi nasze uzale\u017cnienie od surowc\u00f3w z zagranicy. Co roku wydajemy ju\u017c setki miliard\u00f3w z\u0142otych na import gazu i innych paliw kopalnych. To absurd, \u017ce zamiast rozwija\u0107 czyst\u0105 energi\u0119 w Polsce, zamiast dawa\u0107 prac\u0119 Polkom i Polakom, rz\u0105d pompuje fortuny szejk\u00f3w i zagranicznych koncern\u00f3w &#8211; m\u00f3wi Miko\u0142aj Gumulski, koordynator kampanii klimatycznych w Greenpeace Polska.&nbsp;&nbsp;&nbsp;<\/p>\n\n<p>Greenpeace Polska domaga si\u0119 pilnego wprowadzenia szeroko popieranej i skonsultowanej zasady 500 metr\u00f3w odleg\u0142o\u015bci wiatrak\u00f3w od zabudowa\u0144. Jak podkre\u015bla Polska Akademia Nauk, taka odleg\u0142o\u015b\u0107 jest bezpieczna dla ludzkiego zdrowia i zapewnia komfort okolicznym mieszka\u0144com. Jednocze\u015bnie, wg analiz fundacji Instrat, zasada 500 metr\u00f3w pozwoli zwi\u0119kszy\u0107 moce wiatrak\u00f3w na l\u0105dzie a\u017c o 80 proc. do 2030 roku.<\/p>\n","protected":false},"excerpt":{"rendered":"<p>Rz\u0105d Donalda Tuska musi zacz\u0105\u0107 spe\u0142nia\u0107 swoje obietnice wyborcze i uniezale\u017cni\u0107 Polsk\u0119 od gazu i w\u0119gla. W obliczu rosn\u0105cych cen energii z paliw kopalnych i utrzymuj\u0105cego si\u0119 uzale\u017cnienia Polski od&hellip;<\/p>\n","protected":false},"author":37,"featured_media":34697,"comment_status":"closed","ping_status":"open","sticky":false,"template":"","format":"standard","meta":{"ep_exclude_from_search":false,"p4_og_title":"","p4_og_description":"","p4_og_image":"","p4_og_image_id":"","p4_seo_canonical_url":"","p4_campaign_name":"","p4_local_project":"","p4_basket_name":"","p4_department":"","footnotes":""},"categories":[2],"tags":[7,106,6,24],"p4-page-type":[14],"class_list":["post-34696","post","type-post","status-publish","format-standard","has-post-thumbnail","hentry","category-klimat-energia","tag-czysta-energia","tag-gaz","tag-klimat","tag-aktywizm","p4-page-type-aktualnosci"],"_links":{"self":[{"href":"https:\/\/www.greenpeace.org\/poland\/wp-json\/wp\/v2\/posts\/34696","targetHints":{"allow":["GET"]}}],"collection":[{"href":"https:\/\/www.greenpeace.org\/poland\/wp-json\/wp\/v2\/posts"}],"about":[{"href":"https:\/\/www.greenpeace.org\/poland\/wp-json\/wp\/v2\/types\/post"}],"author":[{"embeddable":true,"href":"https:\/\/www.greenpeace.org\/poland\/wp-json\/wp\/v2\/users\/37"}],"replies":[{"embeddable":true,"href":"https:\/\/www.greenpeace.org\/poland\/wp-json\/wp\/v2\/comments?post=34696"}],"version-history":[{"count":6,"href":"https:\/\/www.greenpeace.org\/poland\/wp-json\/wp\/v2\/posts\/34696\/revisions"}],"predecessor-version":[{"id":34706,"href":"https:\/\/www.greenpeace.org\/poland\/wp-json\/wp\/v2\/posts\/34696\/revisions\/34706"}],"wp:featuredmedia":[{"embeddable":true,"href":"https:\/\/www.greenpeace.org\/poland\/wp-json\/wp\/v2\/media\/34697"}],"wp:attachment":[{"href":"https:\/\/www.greenpeace.org\/poland\/wp-json\/wp\/v2\/media?parent=34696"}],"wp:term":[{"taxonomy":"category","embeddable":true,"href":"https:\/\/www.greenpeace.org\/poland\/wp-json\/wp\/v2\/categories?post=34696"},{"taxonomy":"post_tag","embeddable":true,"href":"https:\/\/www.greenpeace.org\/poland\/wp-json\/wp\/v2\/tags?post=34696"},{"taxonomy":"p4-page-type","embeddable":true,"href":"https:\/\/www.greenpeace.org\/poland\/wp-json\/wp\/v2\/p4-page-type?post=34696"}],"curies":[{"name":"wp","href":"https:\/\/api.w.org\/{rel}","templated":true}]}}