{"id":34731,"date":"2024-06-11T14:47:27","date_gmt":"2024-06-11T12:47:27","guid":{"rendered":"https:\/\/www.greenpeace.org\/poland\/?p=34731"},"modified":"2024-06-11T22:58:22","modified_gmt":"2024-06-11T20:58:22","slug":"polrocze-rzadu-zielona-polityka-swieci-sie-na-czerwono","status":"publish","type":"post","link":"https:\/\/www.greenpeace.org\/poland\/aktualnosci\/34731\/polrocze-rzadu-zielona-polityka-swieci-sie-na-czerwono\/","title":{"rendered":"P\u00f3\u0142rocze rz\u0105du. Zielona polityka \u015bwieci si\u0119 na czerwono"},"content":{"rendered":"\n<p>Nasi eksperci przeanalizowali, jak po pierwszym p\u00f3\u0142roczu idzie rz\u0105dowi realizacja umowy koalicyjnej.&nbsp;Zobacz nasz\u0105 tabel\u0119! <\/p>\n\n<figure class=\"wp-block-image size-large\"><img loading=\"lazy\" decoding=\"async\" width=\"1024\" height=\"1024\" src=\"https:\/\/www.greenpeace.org\/static\/planet4-poland-stateless\/2024\/06\/307f154c-stan_realizacji_obietnic-1024x1024.png\" alt=\"\" class=\"wp-image-34728\" srcset=\"https:\/\/www.greenpeace.org\/static\/planet4-poland-stateless\/2024\/06\/307f154c-stan_realizacji_obietnic-1024x1024.png 1024w, https:\/\/www.greenpeace.org\/static\/planet4-poland-stateless\/2024\/06\/307f154c-stan_realizacji_obietnic-500x500.png 500w, https:\/\/www.greenpeace.org\/static\/planet4-poland-stateless\/2024\/06\/307f154c-stan_realizacji_obietnic-300x300.png 300w, https:\/\/www.greenpeace.org\/static\/planet4-poland-stateless\/2024\/06\/307f154c-stan_realizacji_obietnic-768x768.png 768w, https:\/\/www.greenpeace.org\/static\/planet4-poland-stateless\/2024\/06\/307f154c-stan_realizacji_obietnic-1366x1366.png 1366w, https:\/\/www.greenpeace.org\/static\/planet4-poland-stateless\/2024\/06\/307f154c-stan_realizacji_obietnic-340x340.png 340w, https:\/\/www.greenpeace.org\/static\/planet4-poland-stateless\/2024\/06\/307f154c-stan_realizacji_obietnic.png 1480w\" sizes=\"auto, (max-width: 1024px) 100vw, 1024px\" \/><\/figure>\n\n<p>Przed jesiennymi wyborami Greenpeace opublikowa\u0142 podr\u0119czn\u0105 \u015bci\u0105gawk\u0119 dla wyborc\u00f3w w postaci tabeli podsumowuj\u0105cej postulaty poszczeg\u00f3lnych komitet\u00f3w w kluczowych obszarach dla dla ochrony przyrody i klimatu obszarach. Teraz, bazuj\u0105c na tamtej tabelce, zesp\u00f3\u0142 ekspert\u00f3w Greenpeace oceni\u0142 zar\u00f3wno deklaracje programowe koalicji jak i stan ich realizacji, przy pomocy tr\u00f3jstopniowej skali (zielony \u2013 dobrze, \u017c\u00f3\u0142ty \u2013 \u015brednio, czerwony \u2013 \u017ale).&nbsp;<\/p>\n\n<p>\u2013 O ile za plany koalicja dosta\u0142a niez\u0142e oceny, to ich realizacj\u0119 oceniamy jak na razie jednoznacznie negatywnie. Rz\u0105d obiecywa\u0142 przyspieszenie transformacji energetycznej, a tak\u017ce ochron\u0119 polskich las\u00f3w i rzek. S\u0142abo idzie rz\u0105dowi realizacja najwa\u017cniejszego przyrodniczego postulatu \u2013 czyli wy\u0142\u0105czenie 20 proc. najcenniejszych las\u00f3w z wycinki. Lasy Pa\u0144stwowe zamiast pomaga\u0107 w przeprowadzeniu tego procesu, mno\u017c\u0105 argumenty przeciw ochronie tak warto\u015bciowych miejsc jak Bieszczady, Pog\u00f3rze Przemyskie czy Mazury &#8211; m\u00f3wi Marek J\u00f3zefiak, ekspert do spraw polityki ekologicznej i rzecznik prasowy Greenpeace.&nbsp;<\/p>\n\n<p>\u2013 Jeszcze gorzej jest w energetyce. Nadal czekamy na kluczow\u0105 ustaw\u0119, kt\u00f3ra odblokuje rozw\u00f3j taniej energii z wiatru. Bez szybkiego odblokowania rozwoju tanich i czystych \u017ar\u00f3de\u0142 energii, czekaj\u0105 nas dalsze wzrosty cen pr\u0105du i powa\u017cne k\u0142opoty gospodarcze. Bez wyra\u017anego pokierowania tymi procesami przez premiera Donalda Tuska, koalicj\u0119 czeka spadek poparcia. Badania opinii publicznej pokazuj\u0105, \u017ce wyborcy koalicji s\u0105 niezadowoleni z tempa reform, wi\u0119c to kolejny argument za tym, by premier wzi\u0105\u0142 sprawy w swoje r\u0119ce \u2013 dodaje Marek J\u00f3zefiak.<\/p>\n\n<p>Jak to wygl\u0105da w poszczeg\u00f3lnych kategoriach?<\/p>\n\n<p><strong>Rozw\u00f3j OZE<\/strong><\/p>\n\n<p>W umowie koalicyjnej strony uznaj\u0105 zagro\u017cenie ze strony wywo\u0142anego dzia\u0142alno\u015bci\u0105 cz\u0142owieka kryzysu klimatycznego i zobowi\u0105zuj\u0105 si\u0119 do zgodnej wsp\u00f3\u0142pracy na rzecz przeciwdzia\u0142ania zmianom klimatycznym. Jest sporo o przyspieszeniu sprawiedliwej transformacji energetycznej, uwolnieniu potencja\u0142u energetyki wiatrowej i fotowoltaiki, a tak\u017ce o prawnych i finansowych zach\u0119tach, wspieraj\u0105cych rozw\u00f3j tzw. demokracji energetycznej.&nbsp; \u2013 Rz\u0105d zacz\u0105\u0142 fatalnie w kwestii OZE, wyskakuj\u0105c z nieprzygotowan\u0105 i nieskonsultowan\u0105 ustaw\u0105 wiatrakow\u0105, kt\u00f3r\u0105 musia\u0142 szybko wycofa\u0107. Od grudnia nic si\u0119 w tej sprawie nie ruszy\u0142o, s\u0142yszeli\u015bmy ju\u017c kilkukrotnie o kolejnych, ci\u0105gle oddalaj\u0105cych si\u0119 terminach opublikowania nowej wersji ustawy. Rz\u0105d powinien jeszcze w tym miesi\u0105cu przygotowa\u0107 ustaw\u0119, kt\u00f3ra wprowadzi proste rozwi\u0105zania odblokowuj\u0105ce rozw\u00f3j taniej i czystej energii z wiatru. W tej sprawie nie mo\u017cna czeka\u0107 ani chwili d\u0142u\u017cej, to by\u0107 albo nie by\u0107 dla naszego bezpiecze\u0144stwa energetycznego i rozwoju na kolejne lata \u2013 m\u00f3wi Miko\u0142aj Gumulski z dzia\u0142u kampanii klimatycznych Greenpeace Polska.<\/p>\n\n<p><strong>Odej\u015bcie od paliw kopalnych&nbsp;<\/strong><\/p>\n\n<p>O w\u0119glu i gazie i konieczno\u015bci odchodzenia od paliw kopalnych w umowie nie napisano ani s\u0142owa.&nbsp;<\/p>\n\n<p>&nbsp;\u2013 Politykom brakuje odwagi, by powiedzie\u0107 wprost, \u017ce g\u00f3rnictwo nie ma w Polsce przysz\u0142o\u015bci i taniej by\u0142oby wcieli\u0107 w \u017cycie plan szybkiego odej\u015bcia od w\u0119gla, ni\u017c utrzymywa\u0107 t\u0119 ca\u0142kowicie nierentown\u0105 ga\u0142\u0105\u017a przemys\u0142u szkodliwego dla \u015brodowiska i klimatu &#8211; t\u0142umaczy Gumulski. Efekty przed\u0142u\u017cania naszej zale\u017cno\u015bci od brudnej i drogiej energii w\u0119glowej zobaczymy ju\u017c za miesi\u0105c na rachunkach za energi\u0119. Ale poniewa\u017c ca\u0142a umowa koalicyjna dawa\u0142a nadziej\u0119 na wzmocnienie OZE a nie wspieranie paliw kopalnych, dali\u015bmy za plany \u017c\u00f3\u0142t\u0105 kropk\u0119.&nbsp;&nbsp;<\/p>\n\n<p>\u2013 Tymczasem to, co rz\u0105d wyrabia w kwestii g\u00f3rnictwa i energetyki konwencjonalnej, nie mie\u015bci si\u0119 w g\u0142owie. To praktycznie PiS\u2013bis. Rz\u0105d wybra\u0142 wcze\u015bniej utorowan\u0105 przez PiS drog\u0119 przed\u0142u\u017cania naszej zale\u017cno\u015bci od w\u0119gla oraz pakowania nas w wi\u0119ksz\u0105 zale\u017cno\u015b\u0107 od importowanego gazu ziemnego. Chaos decyzyjny na poziomie k\u0142\u00f3c\u0105cych si\u0119 ze sob\u0105 resort\u00f3w przemys\u0142u, aktyw\u00f3w pa\u0144stwowych i klimatu, brak realnego planu transformacji, dolewanie kolejnych miliard\u00f3w na wydobycie w\u0119gla, kt\u00f3ry jest niesprzedawalny i zalega na stale rosn\u0105cych ha\u0142dach, wymienia\u0107 mo\u017cna d\u0142ugo \u2013 kontynuuje Gumulski. Ocena? Czerwona kropka.&nbsp;<\/p>\n\n<p><strong>20% las\u00f3w wolnych od wycinek<\/strong><\/p>\n\n<p>W umowie koalicyjnej pad\u0142o wiele deklaracji, kt\u00f3re dawa\u0142y nadziej\u0119 na popraw\u0119 stanu przyrody. Najwa\u017cniejsz\u0105 z nich by\u0142o planowane wy\u0142\u0105czenie z wycinek 20 procent powierzchni polskich las\u00f3w na obszarach szczeg\u00f3lnie cennych przyrodniczo i spo\u0142ecznie. \u2013 Zamiast tego, mamy moratorium tymczasowo chroni\u0105ce 1,3% powierzchni las\u00f3w. A wci\u0105\u017c z naszych las\u00f3w codziennie wyje\u017cd\u017ca prawie 6000 tir\u00f3w z drewnem. Mimo wyroku TSUE z marca zesz\u0142ego roku, nadal nie umo\u017cliwiono zaskar\u017cania plan\u00f3w urz\u0105dzenia lasu wobec czego spo\u0142ecze\u0144stwo wci\u0105\u017c nie ma obiecanego nadzoru nad lasami. A mia\u0142 by\u0107 to jeden z priorytet\u00f3w obecnego rz\u0105du, wpisanym zar\u00f3wno w 100 konkret\u00f3w, jak i umow\u0119 koalicyjn\u0105 \u2013 m\u00f3wi Aleksandra Wiktor, koordynatorka kampanii przyrodniczych Greenpeace Polska.&nbsp;<\/p>\n\n<p>Tymczasem Lasy Pa\u0144stwowe, kt\u00f3rych nowego dyrektora wskaza\u0142 osobi\u015bcie sam Donald Tusk, torpeduj\u0105 nawet plany przed\u0142u\u017cenia ministerialnego moratorium. \u2013 W Puszczy Karpackiej moratorium obejmuje niewielki skrawek teren\u00f3w, kt\u00f3re powinny by\u0107 docelowo chronione, a Lasy Pa\u0144stwowe chc\u0105 ten obszar czterokrotnie zmniejszy\u0107. Zorganizowana wiosn\u0105 przez resort Og\u00f3lnopolska Narada o Lasach zako\u0144czy\u0142a si\u0119 przedwcze\u015bnie, a termin, w kt\u00f3rym maj\u0105 powsta\u0107 jakiekolwiek podsumowania i decyzje jest coraz bardziej odsuwany w czasie. Dajemy wielk\u0105 czerwon\u0105 kropk\u0119, z male\u0144k\u0105 \u017c\u00f3\u0142t\u0105 obw\u00f3dk\u0105 za moratorium i narad\u0119, cho\u0107 to stanowczo za ma\u0142o i za wolno, jak na skal\u0119 problem\u00f3w w polskich lasach \u2013 podsumowuje Aleksandra Wiktor. Ocena: czerwona kropka z \u017c\u00f3\u0142t\u0105 obw\u00f3dk\u0105.<\/p>\n\n<p><strong>Nowe parki narodowe&nbsp;<\/strong><\/p>\n\n<p>Polskie parki narodowe zajmuj\u0105 zaledwie jeden procent powierzchni kraju i to jeden z najgorszych wynik\u00f3w w Europie. Od lat w badaniach opinii publicznej, tak\u017ce zlecanych przez Greenpeace, ogromna wi\u0119kszo\u015b\u0107 Polek i Polak\u00f3w deklaruje, \u017ce chce tworzenia nowych i powi\u0119kszania istniej\u0105cych park\u00f3w narodowych, tymczasem ostatni powsta\u0142 23 lata temu. Nawet PiS deklarowa\u0142, \u017ce b\u0119dzie dzia\u0142a\u0142 w tym kierunku. Tymczasem umowa koalicyjna nie jest tu zbyt odwa\u017cna. Politycy zadeklarowali, \u017ce \u201cpowi\u0119ksz\u0105 powierzchni\u0119 park\u00f3w narodowych\u201d bez \u017cadnych konkret\u00f3w. \u2013 Za umow\u0119 dali\u015bmy kropk\u0119 \u017c\u00f3\u0142t\u0105, za post\u0119py na tym polu \u2013 czerwon\u0105 \u2013 m\u00f3wi Aleksandra Wiktor i t\u0142umaczy, \u017ce rz\u0105d m\u00f3wi tylko o utworzeniu Parku Narodowego Doliny Dolnej Odry, bo to teren bezle\u015bny, a gminy na jego terenie popieraj\u0105 jego powstanie. W sprawie pozosta\u0142ych park\u00f3w \u2013 utworzenia Turnickiego Parku Narodowego, czy powi\u0119kszenia ju\u017c tych istniej\u0105cych, takich jak Bieszczadzki czy Babiog\u00f3rski nawet nie ma plan\u00f3w. Do tej pory r\u00f3wnie\u017c nie wiemy, czym mia\u0142aby by\u0107 zapowiadana na pocz\u0105tku roku \u201ckonstytucja dla Puszczy Bia\u0142owieskiej\u201d. \u2013 Brak zaanga\u017cowania premiera w kwestie przyrodnicze, kt\u00f3re s\u0105 niezwykle wa\u017cne dla jego wyborc\u00f3w sprawia, \u017ce tylko 21 procent Polek i Polak\u00f3w pozytywnie ocenia dotychczasowe dzia\u0142ania rz\u0105du w zakresie ochrony las\u00f3w. My r\u00f3wnie\u017c nie oceniamy ich pozytywnie \u2013 m\u00f3wi Aleksandra Wiktor.&nbsp;<\/p>\n\n<p><strong>Ochrona rzek<\/strong><\/p>\n\n<p>Po katastrofie na Odrze latem 2022 roku wysz\u0142a na jaw skala zanieczyszczenia polskich rzek przez zasolone \u015bcieki ze \u015bl\u0105skich kopal\u0144. Politycy odnie\u015bli si\u0119 do tego problemu w umowie koalicyjnej, gdzie napisali, \u017ce wdro\u017c\u0105 sta\u0142y monitoring polskich rzek i d\u0105\u017cy\u0107 b\u0119d\u0105 do ich renaturyzacji. \u2013 Od samego monitoringu kopalniane solanki z wody si\u0119 nie wytr\u0105c\u0105, ale dali\u015bmy \u015bredni\u0105 ocen\u0119, bo przynajmniej rz\u0105d wskazywa\u0142 zagro\u017cenie. Niestety przez ostatnie p\u00f3\u0142 roku, poza zebraniami rz\u0105dowego zespo\u0142u, nie wydarzy\u0142o si\u0119 w tej sprawie kompletnie nic&nbsp; \u2013 m\u00f3wi Miko\u0142aj Gumulski.&nbsp;<\/p>\n\n<p>Wysokie temperatury doprowadzi\u0142y w maju do zakwitu z\u0142otej algi w po\u0142\u0105czonym z Odr\u0105 Kanale Gliwickim, co spowodowa\u0142o masowe \u015bni\u0119cie ryb. To w\u0142a\u015bnie zasolenie wodami kopalnianymi sprzyja rozwojowi tzw. z\u0142otych alg, kt\u00f3re dwa lata temu doprowadzi\u0142y do u\u015bmiercenia Odry.&nbsp;<\/p>\n\n<p>Kopalnie na \u015al\u0105sku, w przeciwie\u0144stwie do np. dr\u00f3g, linii kolejowych czy wiatrak\u00f3w nadal nie zosta\u0142y sprawdzone pod k\u0105tem oceny oddzia\u0142ywania na ludzi i \u015brodowisko. S\u0142one, czasem nawet czarne od w\u0119glowego py\u0142u \u015bcieki lej\u0105 si\u0119 nadal bez odpowiednich ogranicze\u0144 do najwi\u0119kszych polskich rzek: Wis\u0142y i Odry. Kiedy w maju wy\u0142awiano martwe ryby z Kana\u0142u Gliwickiego, Greenpeace Polska otrzyma\u0142 pismo z Ministerstwa Infrastruktury z odmow\u0105 wszcz\u0119cia rewizji pozwole\u0144 wodnoprawnych, na podstawie kt\u00f3rych kopalnie zrzucaj\u0105 s\u0142one \u015bcieki do rzek. O tak\u0105 rewizj\u0119 wnioskowa\u0142 Greenpeace wsp\u00f3lnie z fundacj\u0105 Frank Bold.&nbsp;<\/p>\n\n<p>\u2013 Kopalnie wylewaj\u0105 solank\u0119 do polskich rzek w \u015bwietle prawa i \u017cadna instytucja nie chce nawet sprawdzi\u0107, czy nie nale\u017ca\u0142oby im ograniczy\u0107 pozwole\u0144 na zrzuty \u015bciek\u00f3w. A przypomnijmy, \u017ce pozwolenia dla kopal\u0144 nie wprowadzaj\u0105 w zasadzie \u017cadnych ogranicze\u0144 zrzut\u00f3w solanki. Na papierze wszystko wygl\u0105da dobrze, a w praktyce ryby wci\u0105\u017c umieraj\u0105 \u2013 powiedzia\u0142a Maria W\u0142oskowicz, prawniczka z Frank Bold. \u2013 Nadchodzi lato, przed nami pierwsza fala upa\u0142\u00f3w, katastrofa na Odrze mo\u017ce si\u0119 powt\u00f3rzy\u0107, z\u0142ote algi odkryli\u015bmy w ubieg\u0142ym roku tak\u017ce w Wi\u015ble, wi\u0119c wszystko mo\u017ce si\u0119 powt\u00f3rzy\u0107, w dodatku na du\u017co wi\u0119ksz\u0105 skal\u0119. Bezczynno\u015b\u0107 rz\u0105du oceniamy tak, jak na to zas\u0142uguje, czyli \u017ale \u2013 podsumowuje Miko\u0142aj Gumulski.&nbsp;<\/p>\n","protected":false},"excerpt":{"rendered":"<p>Nasi eksperci przeanalizowali, jak po pierwszym p\u00f3\u0142roczu idzie rz\u0105dowi realizacja umowy koalicyjnej. Zobacz nasz\u0105 tabel\u0119! &nbsp;<\/p>\n","protected":false},"author":66,"featured_media":34318,"comment_status":"closed","ping_status":"open","sticky":false,"template":"","format":"standard","meta":{"ep_exclude_from_search":false,"p4_og_title":"","p4_og_description":"","p4_og_image":"https:\/\/www.greenpeace.org\/static\/planet4-poland-stateless\/2024\/06\/307f154c-stan_realizacji_obietnic.png","p4_og_image_id":"34728","p4_seo_canonical_url":"","p4_campaign_name":"","p4_local_project":"","p4_basket_name":"","p4_department":"","footnotes":""},"categories":[2,3],"tags":[7,6,19,26],"p4-page-type":[14],"class_list":["post-34731","post","type-post","status-publish","format-standard","has-post-thumbnail","hentry","category-klimat-energia","category-przyroda","tag-czysta-energia","tag-klimat","tag-lasy","tag-ochrona-przyrody","p4-page-type-aktualnosci"],"_links":{"self":[{"href":"https:\/\/www.greenpeace.org\/poland\/wp-json\/wp\/v2\/posts\/34731","targetHints":{"allow":["GET"]}}],"collection":[{"href":"https:\/\/www.greenpeace.org\/poland\/wp-json\/wp\/v2\/posts"}],"about":[{"href":"https:\/\/www.greenpeace.org\/poland\/wp-json\/wp\/v2\/types\/post"}],"author":[{"embeddable":true,"href":"https:\/\/www.greenpeace.org\/poland\/wp-json\/wp\/v2\/users\/66"}],"replies":[{"embeddable":true,"href":"https:\/\/www.greenpeace.org\/poland\/wp-json\/wp\/v2\/comments?post=34731"}],"version-history":[{"count":7,"href":"https:\/\/www.greenpeace.org\/poland\/wp-json\/wp\/v2\/posts\/34731\/revisions"}],"predecessor-version":[{"id":34740,"href":"https:\/\/www.greenpeace.org\/poland\/wp-json\/wp\/v2\/posts\/34731\/revisions\/34740"}],"wp:featuredmedia":[{"embeddable":true,"href":"https:\/\/www.greenpeace.org\/poland\/wp-json\/wp\/v2\/media\/34318"}],"wp:attachment":[{"href":"https:\/\/www.greenpeace.org\/poland\/wp-json\/wp\/v2\/media?parent=34731"}],"wp:term":[{"taxonomy":"category","embeddable":true,"href":"https:\/\/www.greenpeace.org\/poland\/wp-json\/wp\/v2\/categories?post=34731"},{"taxonomy":"post_tag","embeddable":true,"href":"https:\/\/www.greenpeace.org\/poland\/wp-json\/wp\/v2\/tags?post=34731"},{"taxonomy":"p4-page-type","embeddable":true,"href":"https:\/\/www.greenpeace.org\/poland\/wp-json\/wp\/v2\/p4-page-type?post=34731"}],"curies":[{"name":"wp","href":"https:\/\/api.w.org\/{rel}","templated":true}]}}