{"id":34743,"date":"2024-06-12T13:29:13","date_gmt":"2024-06-12T11:29:13","guid":{"rendered":"https:\/\/www.greenpeace.org\/poland\/?p=34743"},"modified":"2024-06-12T13:39:04","modified_gmt":"2024-06-12T11:39:04","slug":"donald-tusk-ostentacyjnie-lekcewazy-swoich-wyborcow","status":"publish","type":"post","link":"https:\/\/www.greenpeace.org\/poland\/aktualnosci\/34743\/donald-tusk-ostentacyjnie-lekcewazy-swoich-wyborcow\/","title":{"rendered":"Donald Tusk ostentacyjnie lekcewa\u017cy swoich wyborc\u00f3w"},"content":{"rendered":"\n<p>Koalicja Obywatelska w wyborach europejskich zdoby\u0142a wreszcie symboliczn\u0105 przewag\u0119 nad obozem PiS. Ale a\u017c 74 procent zwolennik\u00f3w KO uwa\u017ca, \u017ce Donald Tusk nie wywi\u0105zuje si\u0119 z obietnic wyborczych dotycz\u0105cych spraw przyrodniczych. <\/p>\n\n<p>To wyniki opublikowanego 6 czerwca badania, zleconego przez Instytut Spraw Publicznych.&nbsp;W naszym zdegradowanym \u017cyciu publicznym na ka\u017cde wyniki bada\u0144 mo\u017cna dzi\u015b cynicznie wzruszy\u0107 ramionami, \u017ce to kolejne \u201cbadania kupione w sklepie z badaniami\u201d, ale Instytut Spraw Publicznych ma wci\u0105\u017c licz\u0105cy si\u0119 g\u0142os. I warto go pos\u0142ucha\u0107. No wi\u0119c tak, wyborcy KO, i szerzej, koalicji demokratycznej, dali mandat do rz\u0105dzenia Donaldowi Tuskowi, a powstrzymanie rabunkowej gospodarki le\u015bnej i ochrona polskich rzek &#8211; po katastrofie odrza\u0144skiej &#8211; by\u0142y wystarczaj\u0105co wysoko na li\u015bcie priorytet\u00f3w elektoratu, by lider KO m\u00f3wi\u0142 o tym du\u017co i z emfaz\u0105.&nbsp;<\/p>\n\n<p>\u00d3smego grudnia podczas briefingu prasowego podkre\u015bli\u0142, \u017ce osobi\u015bcie zaanga\u017cuje si\u0119 w prac\u0119 nad odpartyjnieniem i uzdrowieniem Las\u00f3w Pa\u0144stwowych i gospodarki le\u015bnej. Podobnych deklaracji by\u0142o wiele. Najwa\u017cniejsz\u0105 z nich jest zawarta w umowie koalicyjnej obietnica obj\u0119cia 20 procent polskich las\u00f3w zakazem wycinki. Wydane przez now\u0105 ministr\u0119 klimatu i \u015brodowiska w dniu 8 stycznia p\u00f3\u0142roczne moratorium obj\u0119\u0142o niewiele ponad 1 proc. powierzchni las\u00f3w. To s\u0142aba i czasowa forma ochrony, kt\u00f3r\u0105 od razu zacz\u0119to rozmi\u0119czka\u0107 ust\u0119pstwami wobec le\u015bnego lobby. Jakby tego by\u0142o ma\u0142o, w Puszczy Karpackiej natrafili\u015bmy wiosn\u0105 na \u015blady nielegalnego kontynuowania prac le\u015bnych na terenach obj\u0119tych moratorium.&nbsp;<\/p>\n\n<p>Ministerstwo podj\u0119\u0142o og\u00f3lnie s\u0142uszny i chwalebny projekt nazwany Og\u00f3lnopolsk\u0105 Narad\u0105 o Lasach, do kt\u00f3rego zaproszono wszystkie zainteresowane strony i w kulturalny spos\u00f3b dyskutowano o tym, co jest do zrobienia. Ale kolejne etapy narady na razie znikn\u0119\u0142y z horyzontu, bo ministerstwo&nbsp; wyczerpa\u0142o bud\u017cet na catering i moderator\u00f3w, a dotychczasowe ustalenia coraz cz\u0119\u015bciej podminowywane s\u0105 przez przedstawicieli Las\u00f3w Pa\u0144stwowych. Tych Las\u00f3w Pa\u0144stwowych, kt\u00f3rych nowego szefa wskaza\u0142 sam Tusk, wyr\u0119czaj\u0105c w tym szefow\u0105 ministerstwa. W pi\u0105tek, 7 czerwca, \u015bwiat\u0142o dzienne ujrza\u0142a propozycja Las\u00f3w Pa\u0144stwowych, by obszar obj\u0119ty moratorium na terenie planowanego Turnickiego Parku Narodowego ZMNIEJSZY\u0106. I to czterokrotnie. To wszystko ma si\u0119 nijak do pilnych, interwencyjnych dzia\u0142a\u0144, kt\u00f3rych oczekiwali wyborcy i w kt\u00f3re obiecywa\u0142 zaanga\u017cowa\u0107 si\u0119 sam Donald Tusk. Z polskich las\u00f3w &#8211; r\u00f3wnie\u017c tych cennych przyrodniczo i wa\u017cnych spo\u0142ecznie &#8211; nadal ka\u017cdego dnia wyje\u017cd\u017ca 5800 tir\u00f3w drewna.&nbsp;<\/p>\n\n<p>Postanowili\u015bmy zatem zapyta\u0107 premiera wprost, czy jego porywaj\u0105ca deklaracja og\u0142oszona rok temu na marszu 4 czerwca o patriotycznej potrzebie zablokowania dewastacji polskich las\u00f3w nadal jest w mocy. Trzeciego czerwca wystosowali\u015bmy otwarty list do Donalda Tuska, wzywaj\u0105cy go do wype\u0142nienia obietnic i nadania ochronie przyrody politycznego priorytetu w jego rz\u0105dzie, zgodnie z oczekiwaniem Polak\u00f3w i Polek. Niestety, kancelaria premiera przekaza\u0142a nam, \u017ce list przekierowany zostanie do resortu klimatu i \u015brodowiska, cho\u0107 pytania stawiali\u015bmy wprost Donaldowi Tuskowi. To on obiecywa\u0142, \u017ce osobi\u015bcie b\u0119dzie uczestniczy\u0142 w pracach rz\u0105du na rzecz ochrony las\u00f3w. Wszyscy widzimy, \u017ce bez jego zaanga\u017cowania ta sprawa nie ruszy z miejsca. Na razie dostali\u015bmy sygna\u0142, \u017ce nie b\u0119dzie nic robi\u0142 w sprawie przyrody. Panie Premierze, Pana wyborcy widz\u0105 Pana uniki. I coraz bardziej im si\u0119 to nie podoba.&nbsp;<\/p>\n\n<figure class=\"wp-block-image size-large\"><img loading=\"lazy\" decoding=\"async\" width=\"1024\" height=\"683\" src=\"https:\/\/www.greenpeace.org\/static\/planet4-poland-stateless\/2024\/06\/da9c3cdb-53770499960_12e905c803_o-1024x683.jpg\" alt=\"\" class=\"wp-image-34744\" srcset=\"https:\/\/www.greenpeace.org\/static\/planet4-poland-stateless\/2024\/06\/da9c3cdb-53770499960_12e905c803_o-1024x683.jpg 1024w, https:\/\/www.greenpeace.org\/static\/planet4-poland-stateless\/2024\/06\/da9c3cdb-53770499960_12e905c803_o-500x333.jpg 500w, https:\/\/www.greenpeace.org\/static\/planet4-poland-stateless\/2024\/06\/da9c3cdb-53770499960_12e905c803_o-768x512.jpg 768w, https:\/\/www.greenpeace.org\/static\/planet4-poland-stateless\/2024\/06\/da9c3cdb-53770499960_12e905c803_o-1536x1024.jpg 1536w, https:\/\/www.greenpeace.org\/static\/planet4-poland-stateless\/2024\/06\/da9c3cdb-53770499960_12e905c803_o-2048x1366.jpg 2048w, https:\/\/www.greenpeace.org\/static\/planet4-poland-stateless\/2024\/06\/da9c3cdb-53770499960_12e905c803_o-510x340.jpg 510w\" sizes=\"auto, (max-width: 1024px) 100vw, 1024px\" \/><figcaption class=\"wp-element-caption\">Donald Tusk na wiecu 4 czerwca 2024, fot. Greenpeace Polska<\/figcaption><\/figure>\n","protected":false},"excerpt":{"rendered":"<p>Koalicja Obywatelska w wyborach europejskich zdoby\u0142a wreszcie symboliczn\u0105 przewag\u0119 nad obozem PiS. Ale a\u017c 74 procent zwolennik\u00f3w KO uwa\u017ca, \u017ce Donald Tusk nie wywi\u0105zuje si\u0119 z obietnic wyborczych dotycz\u0105cych spraw przyrodniczych. <\/p>\n","protected":false},"author":66,"featured_media":34744,"comment_status":"closed","ping_status":"open","sticky":false,"template":"","format":"standard","meta":{"ep_exclude_from_search":false,"p4_og_title":"","p4_og_description":"","p4_og_image":"https:\/\/www.greenpeace.org\/static\/planet4-poland-stateless\/2024\/06\/da9c3cdb-53770499960_12e905c803_o-scaled.jpg","p4_og_image_id":"34744","p4_seo_canonical_url":"","p4_campaign_name":"","p4_local_project":"","p4_basket_name":"","p4_department":"","footnotes":""},"categories":[33,2,3],"tags":[7,6,19,26,25,18],"p4-page-type":[14],"class_list":["post-34743","post","type-post","status-publish","format-standard","has-post-thumbnail","hentry","category-greenpeace","category-klimat-energia","category-przyroda","tag-czysta-energia","tag-klimat","tag-lasy","tag-ochrona-przyrody","tag-paliwakopalne","tag-wegiel","p4-page-type-aktualnosci"],"_links":{"self":[{"href":"https:\/\/www.greenpeace.org\/poland\/wp-json\/wp\/v2\/posts\/34743","targetHints":{"allow":["GET"]}}],"collection":[{"href":"https:\/\/www.greenpeace.org\/poland\/wp-json\/wp\/v2\/posts"}],"about":[{"href":"https:\/\/www.greenpeace.org\/poland\/wp-json\/wp\/v2\/types\/post"}],"author":[{"embeddable":true,"href":"https:\/\/www.greenpeace.org\/poland\/wp-json\/wp\/v2\/users\/66"}],"replies":[{"embeddable":true,"href":"https:\/\/www.greenpeace.org\/poland\/wp-json\/wp\/v2\/comments?post=34743"}],"version-history":[{"count":8,"href":"https:\/\/www.greenpeace.org\/poland\/wp-json\/wp\/v2\/posts\/34743\/revisions"}],"predecessor-version":[{"id":34753,"href":"https:\/\/www.greenpeace.org\/poland\/wp-json\/wp\/v2\/posts\/34743\/revisions\/34753"}],"wp:featuredmedia":[{"embeddable":true,"href":"https:\/\/www.greenpeace.org\/poland\/wp-json\/wp\/v2\/media\/34744"}],"wp:attachment":[{"href":"https:\/\/www.greenpeace.org\/poland\/wp-json\/wp\/v2\/media?parent=34743"}],"wp:term":[{"taxonomy":"category","embeddable":true,"href":"https:\/\/www.greenpeace.org\/poland\/wp-json\/wp\/v2\/categories?post=34743"},{"taxonomy":"post_tag","embeddable":true,"href":"https:\/\/www.greenpeace.org\/poland\/wp-json\/wp\/v2\/tags?post=34743"},{"taxonomy":"p4-page-type","embeddable":true,"href":"https:\/\/www.greenpeace.org\/poland\/wp-json\/wp\/v2\/p4-page-type?post=34743"}],"curies":[{"name":"wp","href":"https:\/\/api.w.org\/{rel}","templated":true}]}}