{"id":34858,"date":"2024-07-10T07:33:17","date_gmt":"2024-07-10T05:33:17","guid":{"rendered":"https:\/\/www.greenpeace.org\/poland\/?p=34858"},"modified":"2024-07-11T09:13:53","modified_gmt":"2024-07-11T07:13:53","slug":"chcemy-wiatrakow-zamiast-gazu-w-kozienicach","status":"publish","type":"post","link":"https:\/\/www.greenpeace.org\/poland\/aktualnosci\/34858\/chcemy-wiatrakow-zamiast-gazu-w-kozienicach\/","title":{"rendered":"Chcemy wiatrak\u00f3w zamiast gazu w Kozienicach"},"content":{"rendered":"\n<p><strong>Dzi\u015b w nocy aktywistki i aktywi\u015bci Greenpeace wy\u015bwietlili na ch\u0142odni kominowej elektrowni Kozienice napis \u201eCzas na polski wiatr, nie obcy gaz!\u201d. W ten spos\u00f3b podkre\u015blili\u015bmy, \u017ce polska energetyka musi opiera\u0107 si\u0119 na inwestycjach w odnawialne \u017ar\u00f3d\u0142a energii, a nie sprowadzanym zza granicy gazie.<\/strong> To w\u0142a\u015bnie elektrownia Kozienice ma w przysz\u0142o\u015bci zosta\u0107 przebudowana tak, by spala\u0107 w niej gaz ziemny. Zaprzepa\u015bci to mo\u017cliwo\u015b\u0107 zatrzymania wzrostu rachunk\u00f3w za pr\u0105d. Uda si\u0119 to jedynie poprzez szybkie przyj\u0119cie zmian w ustawie o inwestycjach w zakresie energetyki wiatrowej. Mimo zapowiedzi rz\u0105du, projektu nowelizacji wci\u0105\u017c brak.\u00a0<\/p>\n\n<figure class=\"wp-block-image size-large\"><img loading=\"lazy\" decoding=\"async\" width=\"1024\" height=\"683\" src=\"https:\/\/www.greenpeace.org\/static\/planet4-poland-stateless\/2024\/07\/39338654-dsc05452-1024x683.jpg\" alt=\"\" class=\"wp-image-34860\" srcset=\"https:\/\/www.greenpeace.org\/static\/planet4-poland-stateless\/2024\/07\/39338654-dsc05452-1024x683.jpg 1024w, https:\/\/www.greenpeace.org\/static\/planet4-poland-stateless\/2024\/07\/39338654-dsc05452-500x333.jpg 500w, https:\/\/www.greenpeace.org\/static\/planet4-poland-stateless\/2024\/07\/39338654-dsc05452-768x512.jpg 768w, https:\/\/www.greenpeace.org\/static\/planet4-poland-stateless\/2024\/07\/39338654-dsc05452-1536x1024.jpg 1536w, https:\/\/www.greenpeace.org\/static\/planet4-poland-stateless\/2024\/07\/39338654-dsc05452-2048x1366.jpg 2048w, https:\/\/www.greenpeace.org\/static\/planet4-poland-stateless\/2024\/07\/39338654-dsc05452-510x340.jpg 510w\" sizes=\"auto, (max-width: 1024px) 100vw, 1024px\" \/><\/figure>\n\n<p>&#8211; Uzale\u017cnienie produkcji energii elektrycznej od gazu ziemnego, kt\u00f3ry rz\u0105d planuje sprowadza\u0107 z odleg\u0142ych zak\u0105tk\u00f3w \u015bwiata, to przepis na katastrof\u0119. Nasze rachunki za pr\u0105d ju\u017c teraz przyprawiaj\u0105 o b\u00f3l g\u0142owy, a lipcowe podwy\u017cki b\u0119d\u0105 dla wielu rodzin bardzo dotkliwe. Remedium na galopuj\u0105ce op\u0142aty za pr\u0105d jest czysta i tania energia z OZE. Trzeba w pierwszej kolejno\u015bci znie\u015b\u0107 blokady na budow\u0119 turbin wiatrowych, kt\u00f3re postawi\u0142 rz\u0105d Zjednoczonej Prawicy &#8211; powiedzia\u0142 Miko\u0142aj Gumulski, koordynator kampanii na rzecz klimatu i energii. <\/p>\n\n<p>To za czas\u00f3w Prawa i Sprawiedliwo\u015bci rozw\u00f3j energetyki wiatrowej zosta\u0142 zablokowany szkodliwymi zapisami w ustawie wiatrakowej. Donald Tusk zapowiedzia\u0142 jej pilne odblokowanie, tak si\u0119 jednak nie sta\u0142o. Dopiero po <a href=\"https:\/\/www.greenpeace.org\/poland\/aktualnosci\/34840\/beda-kolejne-podwyzki-cen-pradu-rzad-moze-temu-zapobiec\/\">wsp\u00f3lnym apelu<\/a> organizacji spo\u0142ecznych, samorz\u0105dowych i biznesu, kt\u00f3ry te\u017c podpisali\u015bmy, do wykazu prac legislacyjnych Rady Ministr\u00f3w wpisano przygotowanie nowej ustawy wiatrakowej. Wci\u0105\u017c brakuje jednak jej projektu. Rz\u0105d zapowiada, \u017ce zostanie on niebawem przedstawiony do konsultacji spo\u0142ecznych. Domagamy si\u0119, aby projekt ujrza\u0142 \u015bwiat\u0142o dzienne jeszcze w lipcu.<\/p>\n\n<p>&#8211; Rozwi\u0105zania s\u0105 na wyci\u0105gni\u0119cie r\u0119ki. Potencja\u0142 OZE jest w Polsce ogromny. Same tylko nowe turbiny wiatrowe, kt\u00f3re mog\u0142yby powsta\u0107 w ci\u0105gu najbli\u017cszych 10 lat, przy odpowiednich regulacjach prawnych,&nbsp; rocznie wyprodukuj\u0105 wi\u0119cej pr\u0105du ni\u017c pi\u0119\u0107 elektrowni takich jak planowany gazowy gigant w Kozienicach. A to zaledwie jedna ga\u0142\u0105\u017a energetyki odnawialnej &#8211; dodaje Gumulski.&nbsp;<\/p>\n\n<figure class=\"wp-block-image size-large\"><img loading=\"lazy\" decoding=\"async\" width=\"1024\" height=\"683\" src=\"https:\/\/www.greenpeace.org\/static\/planet4-poland-stateless\/2024\/07\/369f3f54-signal-2024-07-10-012445_008-1024x683.jpeg\" alt=\"\" class=\"wp-image-34861\" srcset=\"https:\/\/www.greenpeace.org\/static\/planet4-poland-stateless\/2024\/07\/369f3f54-signal-2024-07-10-012445_008-1024x683.jpeg 1024w, https:\/\/www.greenpeace.org\/static\/planet4-poland-stateless\/2024\/07\/369f3f54-signal-2024-07-10-012445_008-500x333.jpeg 500w, https:\/\/www.greenpeace.org\/static\/planet4-poland-stateless\/2024\/07\/369f3f54-signal-2024-07-10-012445_008-768x512.jpeg 768w, https:\/\/www.greenpeace.org\/static\/planet4-poland-stateless\/2024\/07\/369f3f54-signal-2024-07-10-012445_008-1536x1025.jpeg 1536w, https:\/\/www.greenpeace.org\/static\/planet4-poland-stateless\/2024\/07\/369f3f54-signal-2024-07-10-012445_008-2048x1366.jpeg 2048w, https:\/\/www.greenpeace.org\/static\/planet4-poland-stateless\/2024\/07\/369f3f54-signal-2024-07-10-012445_008-510x340.jpeg 510w\" sizes=\"auto, (max-width: 1024px) 100vw, 1024px\" \/><\/figure>\n\n<p>Zgodnie z <a href=\"https:\/\/www.pse.pl\/-\/plan-rozwoju-systemu-przesylowego-do-2032-roku-uzgodniony-z-prezesem-ure\">\u201ePlanem rozwoju w zakresie zaspokojenia obecnego i przysz\u0142ego zapotrzebowania na energi\u0119 elektryczn\u0105\u201d<\/a> na lata 2023-2032 w ci\u0105gu dekady powsta\u0107 mo\u017ce 25 GW mocy w elektrowniach wiatrowych l\u0105dowych i morskich, kt\u00f3re produkowa\u0107 b\u0119d\u0105 oko\u0142o 77 TWh energii. Tymczasem zgodnie z dokumentacj\u0105 projektow\u0105 gazowej elektrowni Kozienice nowe bloki gazowe produkowa\u0107 b\u0119d\u0105 netto nie wi\u0119cej ni\u017c 14,25 TWh energii rocznie.<br><\/p>\n\n<p><strong>Podpisz apel o uwolnienie potencja\u0142u wiatru w Polsce!<\/strong><\/p>\n\n<figure class=\"wp-block-image size-full\"><a href=\"https:\/\/uwolnicwiatraki.pl\/\"><img loading=\"lazy\" decoding=\"async\" width=\"600\" height=\"300\" src=\"https:\/\/www.greenpeace.org\/static\/planet4-poland-stateless\/2024\/07\/ab6233f7-wiatraki-petycja.png\" alt=\"\" class=\"wp-image-34859\" srcset=\"https:\/\/www.greenpeace.org\/static\/planet4-poland-stateless\/2024\/07\/ab6233f7-wiatraki-petycja.png 600w, https:\/\/www.greenpeace.org\/static\/planet4-poland-stateless\/2024\/07\/ab6233f7-wiatraki-petycja-500x250.png 500w, https:\/\/www.greenpeace.org\/static\/planet4-poland-stateless\/2024\/07\/ab6233f7-wiatraki-petycja-510x255.png 510w\" sizes=\"auto, (max-width: 600px) 100vw, 600px\" \/><\/a><\/figure>\n","protected":false},"excerpt":{"rendered":"<p>Dzi\u015b w nocy, aktywistki i aktywi\u015bci Greenpeace wy\u015bwietlili na ch\u0142odni kominowej elektrowni Kozienice napis \u201eCzas na polski wiatr, nie obcy gaz!\u201d. W ten spos\u00f3b podkre\u015blili\u015bmy, \u017ce polska energetyka musi opiera\u0107&hellip;<\/p>\n","protected":false},"author":32,"featured_media":34862,"comment_status":"closed","ping_status":"open","sticky":false,"template":"","format":"standard","meta":{"ep_exclude_from_search":false,"p4_og_title":"","p4_og_description":"","p4_og_image":"https:\/\/www.greenpeace.org\/static\/planet4-poland-stateless\/2024\/07\/0b70a72c-dsc05441_1-scaled.jpg","p4_og_image_id":"34862","p4_seo_canonical_url":"","p4_campaign_name":"","p4_local_project":"","p4_basket_name":"","p4_department":"","footnotes":""},"categories":[2],"tags":[7,106,6,25,24],"p4-page-type":[14],"class_list":["post-34858","post","type-post","status-publish","format-standard","has-post-thumbnail","hentry","category-klimat-energia","tag-czysta-energia","tag-gaz","tag-klimat","tag-paliwakopalne","tag-aktywizm","p4-page-type-aktualnosci"],"_links":{"self":[{"href":"https:\/\/www.greenpeace.org\/poland\/wp-json\/wp\/v2\/posts\/34858","targetHints":{"allow":["GET"]}}],"collection":[{"href":"https:\/\/www.greenpeace.org\/poland\/wp-json\/wp\/v2\/posts"}],"about":[{"href":"https:\/\/www.greenpeace.org\/poland\/wp-json\/wp\/v2\/types\/post"}],"author":[{"embeddable":true,"href":"https:\/\/www.greenpeace.org\/poland\/wp-json\/wp\/v2\/users\/32"}],"replies":[{"embeddable":true,"href":"https:\/\/www.greenpeace.org\/poland\/wp-json\/wp\/v2\/comments?post=34858"}],"version-history":[{"count":4,"href":"https:\/\/www.greenpeace.org\/poland\/wp-json\/wp\/v2\/posts\/34858\/revisions"}],"predecessor-version":[{"id":34867,"href":"https:\/\/www.greenpeace.org\/poland\/wp-json\/wp\/v2\/posts\/34858\/revisions\/34867"}],"wp:featuredmedia":[{"embeddable":true,"href":"https:\/\/www.greenpeace.org\/poland\/wp-json\/wp\/v2\/media\/34862"}],"wp:attachment":[{"href":"https:\/\/www.greenpeace.org\/poland\/wp-json\/wp\/v2\/media?parent=34858"}],"wp:term":[{"taxonomy":"category","embeddable":true,"href":"https:\/\/www.greenpeace.org\/poland\/wp-json\/wp\/v2\/categories?post=34858"},{"taxonomy":"post_tag","embeddable":true,"href":"https:\/\/www.greenpeace.org\/poland\/wp-json\/wp\/v2\/tags?post=34858"},{"taxonomy":"p4-page-type","embeddable":true,"href":"https:\/\/www.greenpeace.org\/poland\/wp-json\/wp\/v2\/p4-page-type?post=34858"}],"curies":[{"name":"wp","href":"https:\/\/api.w.org\/{rel}","templated":true}]}}