{"id":34891,"date":"2024-07-16T11:57:34","date_gmt":"2024-07-16T09:57:34","guid":{"rendered":"https:\/\/www.greenpeace.org\/poland\/?p=34891"},"modified":"2024-07-16T12:05:27","modified_gmt":"2024-07-16T10:05:27","slug":"alert-co-drugi-dzien-ekstremalne-lato-napedzane-spalaniem-paliw-kopalnych","status":"publish","type":"post","link":"https:\/\/www.greenpeace.org\/poland\/aktualnosci\/34891\/alert-co-drugi-dzien-ekstremalne-lato-napedzane-spalaniem-paliw-kopalnych\/","title":{"rendered":"Alert co drugi dzie\u0144 &#8211;  ekstremalne lato nap\u0119dzane spalaniem paliw kopalnych"},"content":{"rendered":"\n<p>&#8211; A\u017c 16 alert\u00f3w bezpiecze\u0144stwa wys\u0142a\u0142o Rz\u0105dowe Centrum Bezpiecze\u0144stwa w ci\u0105gu ostatniego miesi\u0105ca.<\/p>\n\n<p>&#8211; Od czerwca 2023 roku ka\u017cdy kolejny miesi\u0105c jest rekordowo ciep\u0142y w skali globu, w lipcu trend si\u0119 utrzymuje &#8211; podaje serwis Unii Europejskiej do spraw klimatu Copernicus (C3S).<\/p>\n\n<p>&#8211; Europa ociepla si\u0119 dwa razy szybciej od \u015bredniej \u015bwiatowej &#8211; poda\u0142a wiosn\u0105 \u015awiatowa Organizacja Meteorologiczna (WMO).<\/p>\n\n<p>&#8211; Wzrost temperatur wzmacnia ekstremalne zjawiska pogodowe: burze, susze, huragany i powodzie b\u0142yskawiczne.\u00a0<\/p>\n\n<p>&#8211; W miniony weekend na skutek zniszcze\u0144 spowodowanych nawa\u0142nic\u0105 zamkni\u0119te by\u0142y warszawskie \u0141azienki Kr\u00f3lewskie.<\/p>\n\n<p>&#8211; Tylko szybkie odej\u015bcie od spalania paliw kopalnych &#8211; w\u0119gla, gazu i ropy &#8211; mo\u017ce zapobiec nasilaniu si\u0119\u00a0 kryzysu klimatycznego.<\/p>\n\n<p><br>Przed nami kolejne dni z ekstremalnymi zjawiskami pogodowymi. Mi\u0119dzy 15 czerwca a 16 lipca Rz\u0105dowe Centrum Bezpiecze\u0144stwa wys\u0142a\u0142o a\u017c 16 alert\u00f3w ostrzegaj\u0105cych przed gwa\u0142townymi burzami, wiatrem i opadami. Czyli alert co drugi dzie\u0144.<strong> <\/strong>\u00a0Klimat w Europie ociepla si\u0119 dwa razy mocniej ni\u017c \u015brednio na \u015bwiecie &#8211; informowa\u0142a w kwietniu WMO &#8211; \u015awiatowa Organizacja Meteorologiczna. W Polsce \u015brednie temperatury wzros\u0142y ju\u017c o 1,8-2 stopnie Celsjusza.<\/p>\n\n<p>&nbsp;&#8211; Zmiana klimatu nie oznacza palm nad Ba\u0142tykiem, tylko niemal codzienne ekstremalne zjawiska pogodowe, kt\u00f3re utrudniaj\u0105 nam \u017cycie, powoduj\u0105 olbrzymie straty i cz\u0119sto wr\u0119cz zagra\u017caj\u0105 \u017cyciu i zdrowiu. W ten chaos klimatyczny wp\u0119dza nas uzale\u017cnienie&nbsp; od&nbsp; w\u0119gla, gazu i ropy. Je\u015bli politycy nie zaczn\u0105 szybko i zdecydowanie rozwija\u0107 odnawialnych \u017ar\u00f3de\u0142 energii (OZE), b\u0119dzie coraz gorzej &#8211;&nbsp; komentuje Marek J\u00f3zefiak, rzecznik i ekspert ds. polityki ekologicznej Greenpeace Polska.<\/p>\n\n<p>We wtorek, 16 lipca temperatura wzro\u015bnie do 34 stopni na po\u0142udniowym wschodzie Polski. IMGW (Instytut Meteorologii i Gospodarki Wodnej) wyda\u0142 ostrze\u017cenie przed upa\u0142ami II stopnia dla niemal ca\u0142ego kraju. Upa\u0142y stanowi\u0105 powa\u017cne zagro\u017cenie dla zdrowia i \u017cycia ludzi, szczeg\u00f3lnie dzieci, os\u00f3b starszych i os\u00f3b z chorobami przewlek\u0142ymi, zw\u0142aszcza cukrzyc\u0105 i chorobami kr\u0105\u017cenia. Wedle ostatnich dost\u0119pnych danych, za rok 2022, z powodu przegrzania na skutek upa\u0142\u00f3w zmar\u0142y w Polsce 763 osoby (w ca\u0142ej Europie ponad 60 tysi\u0119cy). Zdaniem ekspert\u00f3w cytowanych w bie\u017c\u0105cym numerze tygodnika \u201ePolityka\u201d, dla Polski s\u0105 to dane zdecydowanie zani\u017cone, poniewa\u017c w dokumentacji medycznej najcz\u0119\u015bciej jako pow\u00f3d zgonu zamiast udaru cieplnego wpisuje si\u0119 wywo\u0142an\u0105 nim niewydolno\u015b\u0107 kr\u0105\u017ceniow\u0105 lub oddechow\u0105. W czasie upa\u0142\u00f3w zaleca si\u0119 unikanie przebywanie na zewn\u0105trz, ograniczenie aktywno\u015bci fizycznej oraz regularne picie wody. <\/p>\n\n<p>Nauka nie pozostawia z\u0142udze\u0144 co do przyczyn narastaj\u0105cego kryzysu klimatycznego. Odpowiada za niego koncentracja gaz\u00f3w cieplarnianych w atmosferze, pochodz\u0105cych ze spalania w\u0119gla, gazu i ropy. Naukowcy i naukowczynie od klimatu nie maj\u0105 w\u0105tpliwo\u015bci: tylko jak najszybsze odej\u015bcie od spalania paliw kopalnych mo\u017ce zapobiec dalszemu pogarszaniu si\u0119 kryzysu klimatycznego. W Polsce, podobnie jak w innych krajach uprzemys\u0142owionych, w\u0119giel powinien znikn\u0105\u0107 z miksu energetycznego do 2030 roku, a gaz do 2035 roku.<\/p>\n\n<p>&nbsp;&#8211; Wydobycie w\u0119gla ju\u017c dawno jest w Polsce ca\u0142kowicie nieop\u0142acalne, i politycy dop\u0142acaj\u0105 do niego miliardy z\u0142otych rocznie. Nasze elektrownie w\u0119glowe pami\u0119taj\u0105 czasy Gierka, a niekt\u00f3re Gomu\u0142ki, ju\u017c dawno powinny przej\u015b\u0107 na emerytur\u0119. Polska potrzebuje taniej energii z OZE jak tlenu. Albo rz\u0105d szybko i w pe\u0142ni odblokuje rozw\u00f3j odnawialnych \u017ar\u00f3de\u0142 energii, albo za 10 lat obudzimy si\u0119 z energetyk\u0105 opart\u0105 na obcym i drogim gazie. Obecnie budowane i planowane s\u0105 inwestycje gazowe za ponad 25 miliard\u00f3w z\u0142otych. To jest pu\u0142apka, kt\u00f3ra mo\u017ce si\u0119 sko\u0144czy\u0107 jeszcze wy\u017cszymi rachunkami za pr\u0105d i uzale\u017cnieniem od energii kupowanej np. od szejk\u00f3w z Kataru &#8211; komentuje Marek J\u00f3zefiak.&nbsp;<\/p>\n","protected":false},"excerpt":{"rendered":"<p>A\u017c 16 alert\u00f3w bezpiecze\u0144stwa wys\u0142a\u0142o Rz\u0105dowe Centrum Bezpiecze\u0144stwa w ci\u0105gu ostatniego miesi\u0105ca.\u00a0Czyli alert co drugi dzie\u0144. Przed nami kolejne dni z rekordami temperatur, wichurami i powodziami b\u0142yskawicznymi. <\/p>\n","protected":false},"author":66,"featured_media":30657,"comment_status":"closed","ping_status":"open","sticky":false,"template":"","format":"standard","meta":{"ep_exclude_from_search":false,"p4_og_title":"","p4_og_description":"","p4_og_image":"https:\/\/www.greenpeace.org\/static\/planet4-poland-stateless\/2021\/11\/7ca7b138-adobestock_299682452-scaled.jpeg","p4_og_image_id":"30657","p4_seo_canonical_url":"","p4_campaign_name":"","p4_local_project":"","p4_basket_name":"","p4_department":"","footnotes":""},"categories":[2],"tags":[6,25,18],"p4-page-type":[14],"class_list":["post-34891","post","type-post","status-publish","format-standard","has-post-thumbnail","hentry","category-klimat-energia","tag-klimat","tag-paliwakopalne","tag-wegiel","p4-page-type-aktualnosci"],"_links":{"self":[{"href":"https:\/\/www.greenpeace.org\/poland\/wp-json\/wp\/v2\/posts\/34891","targetHints":{"allow":["GET"]}}],"collection":[{"href":"https:\/\/www.greenpeace.org\/poland\/wp-json\/wp\/v2\/posts"}],"about":[{"href":"https:\/\/www.greenpeace.org\/poland\/wp-json\/wp\/v2\/types\/post"}],"author":[{"embeddable":true,"href":"https:\/\/www.greenpeace.org\/poland\/wp-json\/wp\/v2\/users\/66"}],"replies":[{"embeddable":true,"href":"https:\/\/www.greenpeace.org\/poland\/wp-json\/wp\/v2\/comments?post=34891"}],"version-history":[{"count":5,"href":"https:\/\/www.greenpeace.org\/poland\/wp-json\/wp\/v2\/posts\/34891\/revisions"}],"predecessor-version":[{"id":34898,"href":"https:\/\/www.greenpeace.org\/poland\/wp-json\/wp\/v2\/posts\/34891\/revisions\/34898"}],"wp:featuredmedia":[{"embeddable":true,"href":"https:\/\/www.greenpeace.org\/poland\/wp-json\/wp\/v2\/media\/30657"}],"wp:attachment":[{"href":"https:\/\/www.greenpeace.org\/poland\/wp-json\/wp\/v2\/media?parent=34891"}],"wp:term":[{"taxonomy":"category","embeddable":true,"href":"https:\/\/www.greenpeace.org\/poland\/wp-json\/wp\/v2\/categories?post=34891"},{"taxonomy":"post_tag","embeddable":true,"href":"https:\/\/www.greenpeace.org\/poland\/wp-json\/wp\/v2\/tags?post=34891"},{"taxonomy":"p4-page-type","embeddable":true,"href":"https:\/\/www.greenpeace.org\/poland\/wp-json\/wp\/v2\/p4-page-type?post=34891"}],"curies":[{"name":"wp","href":"https:\/\/api.w.org\/{rel}","templated":true}]}}