{"id":34906,"date":"2024-07-25T11:46:14","date_gmt":"2024-07-25T09:46:14","guid":{"rendered":"https:\/\/www.greenpeace.org\/poland\/?p=34906"},"modified":"2024-07-25T11:46:19","modified_gmt":"2024-07-25T09:46:19","slug":"greenpeace-international-stawia-wyzwanie-koncernowi-energy-transfer-to-pierwszy-przypadek-skorzystania-z-nowej-dyrektywy-unijnej-przeciwko-pozwom-slapp","status":"publish","type":"post","link":"https:\/\/www.greenpeace.org\/poland\/aktualnosci\/34906\/greenpeace-international-stawia-wyzwanie-koncernowi-energy-transfer-to-pierwszy-przypadek-skorzystania-z-nowej-dyrektywy-unijnej-przeciwko-pozwom-slapp\/","title":{"rendered":"Greenpeace International stawia wyzwanie koncernowi Energy Transfer. To pierwszy przypadek skorzystania z nowej dyrektywy unijnej przeciwko pozwom SLAPP"},"content":{"rendered":"\n<p>Greenpeace International wys\u0142a\u0142o dzi\u015b pismo przedprocesowe ameryka\u0144skiemu koncernowi Energy Transfer. Jest to odpowied\u017a mi\u0119dzynarodowej organizacji ekologicznej na bezzasadny pozew, w kt\u00f3rym Energy Transfer domaga si\u0119 od Greenpeace International 300 mln dolar\u00f3w. To typowy SLAPP, czyli pozew przeciwko partycypacji publicznej, kt\u00f3ry s\u0142u\u017cy korporacjom do zastraszania ruch\u00f3w spo\u0142ecznych. Pismo zawiadamia o zamiarze wniesienia pozwu przeciwko firmie do holenderskiego s\u0105du w celu zabezpieczenia koszt\u00f3w i ewentualnych strat poniesionych w wyniku pozwu SLAPP, chyba \u017ce koncern wycofa swoj\u0105 spraw\u0119 i przyjmie odpowiedzialno\u015b\u0107 za straty poniesione przez Greenpeace International.[1]<\/p>\n\n<figure class=\"wp-block-image size-large\"><img loading=\"lazy\" decoding=\"async\" width=\"1024\" height=\"684\" src=\"https:\/\/www.greenpeace.org\/static\/planet4-poland-stateless\/2024\/07\/9bff1ea8-gp0stw1gx-1-1024x684.jpg\" alt=\"\" class=\"wp-image-34909\" srcset=\"https:\/\/www.greenpeace.org\/static\/planet4-poland-stateless\/2024\/07\/9bff1ea8-gp0stw1gx-1-1024x684.jpg 1024w, https:\/\/www.greenpeace.org\/static\/planet4-poland-stateless\/2024\/07\/9bff1ea8-gp0stw1gx-1-500x334.jpg 500w, https:\/\/www.greenpeace.org\/static\/planet4-poland-stateless\/2024\/07\/9bff1ea8-gp0stw1gx-1-768x513.jpg 768w, https:\/\/www.greenpeace.org\/static\/planet4-poland-stateless\/2024\/07\/9bff1ea8-gp0stw1gx-1-510x340.jpg 510w, https:\/\/www.greenpeace.org\/static\/planet4-poland-stateless\/2024\/07\/9bff1ea8-gp0stw1gx-1.jpg 1200w\" sizes=\"auto, (max-width: 1024px) 100vw, 1024px\" \/><\/figure>\n\n<p>To pierwsze zastosowanie nowej dyrektywy aty-SLAPP Unii Europejskiej. UE przyj\u0119\u0142a dyrektyw\u0119 w kwietniu 2024 roku, aby walczy\u0107 z SLAPP-ami (Strategicznymi Pozwami Przeciwko Uczestnictwu Publicznemu) &#8211; nadu\u017cywaniem pozw\u00f3w, takich jak pozew Eenergy Transfer, kt\u00f3re maj\u0105 na celu uciszenie os\u00f3b wypowiadaj\u0105cych si\u0119 na temat spraw publicznych.[2]<\/p>\n\n<p>&#8211; Pozew Energy Transfer jest doskona\u0142ym przyk\u0142adem tego, co dyrektywa UE ma ukr\u00f3ci\u0107: dzia\u0142a\u0144 korporacji domagaj\u0105cych si\u0119 ogromnych roszcze\u0144, aby uciszy\u0107 krytyk\u0119. Dzi\u0119ki skoordynowanej kampanii spo\u0142ecze\u0144stwa obywatelskiego istnieje teraz silne narz\u0119dzie do zatrzymania tych spraw na granicy UE i walki z nimi &#8211; powiedzia\u0142 Daniel Simons, starszy doradca prawny w Greenpeace International.<\/p>\n\n<p>Pierwsze w historii zastosowanie zasad i przepis\u00f3w okre\u015blonych w dyrektywie anty-SLAPP UE ma miejsce, gdy Greenpeace International i Greenpeace w USA broni\u0105 si\u0119 przed bezczelnym pozwem wniesionym przez Energy Transfer w zwi\u0105zku z protestami przeciwko ruroci\u0105gowi Dakota Access w 2016 roku, prowadzonymi przez rdzenn\u0105 ludno\u015b\u0107. Energy Transfer bezpodstawnie twierdzi, \u017ce te protesty zosta\u0142y potajemnie zainicjowane przez Greenpeace w celu zbierania funduszy. Od samego pocz\u0105tku by\u0142 to pr\u00f3ba wci\u0105gni\u0119cia organizacji i aktywist\u00f3w w koszty prawne, co mia\u0142o wywo\u0142a\u0107 efekt mro\u017c\u0105cy i powstrzymanie dalszych dzia\u0142a\u0144 kampanijnych.&nbsp;<\/p>\n\n<p>&#8211; Zagro\u017cenie ze strony korporacyjnych SLAPP-\u00f3w ro\u015bnie w ostatnich latach. Koalicja Przeciwko SLAPP-om w Europie (CASE) zosta\u0142a za\u0142o\u017cona, aby budowa\u0107 solidarno\u015b\u0107 i promowa\u0107 legislacj\u0119 anty-SLAPP. Pozew Energy Transfer &#8211; i pismo przedprocesowe Greenpeace International, stanowi kluczowy test dla tego nowego prawa &#8211; powiedzia\u0142a Anna Myers, dyrektorka Whistleblowing International Network i cz\u0142onek komitetu steruj\u0105cego CASE.<\/p>\n\n<p>Greenpeace International z siedzib\u0105 w Holandii powo\u0142uje si\u0119 na rozdzia\u0142 V dyrektywy UE, kt\u00f3ry chroni organizacje dzia\u0142aj\u0105ce na terenie UE przed SLAPP-ami i uprawnia je do domagania si\u0119 odszkodowania. Wszystkie pa\u0144stwa cz\u0142onkowskie UE, maj\u0105 czas do maja 2026 roku na implementacj\u0119 dyrektywy do prawa krajowego. Jednak dyrektywa ju\u017c teraz wspiera obowi\u0105zuj\u0105ce prawo.&nbsp;<\/p>\n\n<p>Greenpeace International&nbsp; poci\u0105ga Energy Transfer (a dok\u0142adniej trzy jednostki ET dzia\u0142aj\u0105ce w Dakocie P\u00f3\u0142nocnej: Energy Transfer LP, Energy Transfer Operating LP i Dakota Access LLC) do odpowiedzialno\u015bci za szkody poniesione i nadal ponoszone w wyniku pozwu SLAPP w Dakocie P\u00f3\u0142nocnej. Je\u015bli ET nie wycofa pozwu i nie zgodzi si\u0119 zap\u0142aci\u0107 odszkodowania Greenpeace International, mo\u017ce spotka\u0107 si\u0119 z roszczeniem o odszkodowanie w Holandii.<\/p>\n\n<figure class=\"wp-block-image size-full\"><img loading=\"lazy\" decoding=\"async\" width=\"1024\" height=\"683\" src=\"https:\/\/www.greenpeace.org\/static\/planet4-poland-stateless\/2024\/07\/058a3aed-gp0stql2s-1024x683-1.jpg\" alt=\"\" class=\"wp-image-34910\" srcset=\"https:\/\/www.greenpeace.org\/static\/planet4-poland-stateless\/2024\/07\/058a3aed-gp0stql2s-1024x683-1.jpg 1024w, https:\/\/www.greenpeace.org\/static\/planet4-poland-stateless\/2024\/07\/058a3aed-gp0stql2s-1024x683-1-500x333.jpg 500w, https:\/\/www.greenpeace.org\/static\/planet4-poland-stateless\/2024\/07\/058a3aed-gp0stql2s-1024x683-1-768x512.jpg 768w, https:\/\/www.greenpeace.org\/static\/planet4-poland-stateless\/2024\/07\/058a3aed-gp0stql2s-1024x683-1-510x340.jpg 510w\" sizes=\"auto, (max-width: 1024px) 100vw, 1024px\" \/><\/figure>\n\n<p>Unijna dyrektywa anty-SLAPP wchodzi w \u017cycie w czasie, gdy przemys\u0142 paliw kopalnych szeroko nadu\u017cywa system\u00f3w prawnych do uciszania aktywistek i aktywist\u00f3w dzia\u0142aj\u0105cych na rzecz klimatu i przyrody. To cz\u0119\u015b\u0107 szerszego trendu wzrastaj\u0105cej liczby SLAPP-\u00f3w. Raport Koalicji Przeciwko SLAPP-om w Europie (CASE) udokumentowa\u0142 820 pozw\u00f3w SLAPP w Europie na sierpie\u0144 2023 roku. W 2022 roku by\u0142o ich 161 a w roku 2021 &#8211; 135 spraw.&nbsp;<\/p>\n\n<p><strong><a href=\"https:\/\/www.greenpeace.org\/international\/act\/i-am-with-greenpeace\/\">I\u2019m with Greenpeace<\/a> &#8211;<\/strong> petycja popieraj\u0105ca dzia\u0142ania Greenpeace w sporze z Energy Transfer<\/p>\n\n<p>[1] Zawiadomienie o odpowiedzialno\u015bci wys\u0142ane przez Greenpeace International&nbsp;<\/p>\n\n<p>[2] Dyrektywa (UE) 2024\/1069 Parlamentu Europejskiego i Rady z dnia 11 kwietnia 2024 r. w sprawie ochrony os\u00f3b uczestnicz\u0105cych w debacie publicznej przed bezpodstawnymi roszczeniami lub nadu\u017cyciami s\u0105dowymi (&#8222;Strategiczne pozwy przeciwko uczestnictwu publicznemu&#8221;)<\/p>\n","protected":false},"excerpt":{"rendered":"<p>Greenpeace International wys\u0142a\u0142o dzi\u015b pismo przedprocesowe ameryka\u0144skiemu koncernowi Energy Transfer. Jest to odpowied\u017a mi\u0119dzynarodowej organizacji ekologicznej na bezzasadny pozew, w kt\u00f3rym Energy Transfer domaga si\u0119 od Greenpeace International 300 mln&hellip;<\/p>\n","protected":false},"author":32,"featured_media":34908,"comment_status":"closed","ping_status":"open","sticky":false,"template":"","format":"standard","meta":{"ep_exclude_from_search":false,"p4_og_title":"","p4_og_description":"","p4_og_image":"https:\/\/www.greenpeace.org\/static\/planet4-poland-stateless\/2024\/07\/9bff1ea8-gp0stw1gx.jpg","p4_og_image_id":"34907","p4_seo_canonical_url":"","p4_campaign_name":"","p4_local_project":"","p4_basket_name":"","p4_department":"","footnotes":""},"categories":[33,2],"tags":[24,6,31],"p4-page-type":[14],"class_list":["post-34906","post","type-post","status-publish","format-standard","has-post-thumbnail","hentry","category-greenpeace","category-klimat-energia","tag-aktywizm","tag-klimat","tag-demokracjaiprawaczlowieka","p4-page-type-aktualnosci"],"_links":{"self":[{"href":"https:\/\/www.greenpeace.org\/poland\/wp-json\/wp\/v2\/posts\/34906","targetHints":{"allow":["GET"]}}],"collection":[{"href":"https:\/\/www.greenpeace.org\/poland\/wp-json\/wp\/v2\/posts"}],"about":[{"href":"https:\/\/www.greenpeace.org\/poland\/wp-json\/wp\/v2\/types\/post"}],"author":[{"embeddable":true,"href":"https:\/\/www.greenpeace.org\/poland\/wp-json\/wp\/v2\/users\/32"}],"replies":[{"embeddable":true,"href":"https:\/\/www.greenpeace.org\/poland\/wp-json\/wp\/v2\/comments?post=34906"}],"version-history":[{"count":1,"href":"https:\/\/www.greenpeace.org\/poland\/wp-json\/wp\/v2\/posts\/34906\/revisions"}],"predecessor-version":[{"id":34911,"href":"https:\/\/www.greenpeace.org\/poland\/wp-json\/wp\/v2\/posts\/34906\/revisions\/34911"}],"wp:featuredmedia":[{"embeddable":true,"href":"https:\/\/www.greenpeace.org\/poland\/wp-json\/wp\/v2\/media\/34908"}],"wp:attachment":[{"href":"https:\/\/www.greenpeace.org\/poland\/wp-json\/wp\/v2\/media?parent=34906"}],"wp:term":[{"taxonomy":"category","embeddable":true,"href":"https:\/\/www.greenpeace.org\/poland\/wp-json\/wp\/v2\/categories?post=34906"},{"taxonomy":"post_tag","embeddable":true,"href":"https:\/\/www.greenpeace.org\/poland\/wp-json\/wp\/v2\/tags?post=34906"},{"taxonomy":"p4-page-type","embeddable":true,"href":"https:\/\/www.greenpeace.org\/poland\/wp-json\/wp\/v2\/p4-page-type?post=34906"}],"curies":[{"name":"wp","href":"https:\/\/api.w.org\/{rel}","templated":true}]}}