{"id":34944,"date":"2024-08-01T14:43:30","date_gmt":"2024-08-01T12:43:30","guid":{"rendered":"https:\/\/www.greenpeace.org\/poland\/?p=34944"},"modified":"2024-08-01T14:43:41","modified_gmt":"2024-08-01T12:43:41","slug":"historyczny-wynik-wiatraki-i-fotowoltaika-pobily-wegiel-i-gaz","status":"publish","type":"post","link":"https:\/\/www.greenpeace.org\/poland\/aktualnosci\/34944\/historyczny-wynik-wiatraki-i-fotowoltaika-pobily-wegiel-i-gaz\/","title":{"rendered":"Historyczny wynik! Wiatraki i fotowoltaika pobi\u0142y w\u0119giel i gaz"},"content":{"rendered":"\n<p><strong>W pierwszej po\u0142owie 2024 roku same elektrownie wiatrowe i s\u0142oneczne po raz pierwszy w historii wyprodukowa\u0142y wi\u0119cej pr\u0105du w Unii Europejskiej ni\u017c elektrownie zasilane paliwami kopalnymi, czyli w\u0119glem, gazem i rop\u0105 &#8211; donosi brytyjski o\u015brodek analityczny <a href=\"https:\/\/ember-climate.org\/insights\/research\/eu-wind-and-solar-overtake-fossil-fuels\/\" data-type=\"link\" data-id=\"https:\/\/ember-climate.org\/insights\/research\/eu-wind-and-solar-overtake-fossil-fuels\/\">Ember<\/a>. Polska jak na razie mocno zani\u017ca ten wynik, ale szybko mo\u017ce zacz\u0105\u0107 goni\u0107 stawk\u0119, je\u015bli rz\u0105d Donalda Tuska zrealizuje swoj\u0105 obietnic\u0119 odblokowania wiatrak\u00f3w.\u00a0<\/strong><\/p>\n\n<figure class=\"wp-block-image size-large\"><img loading=\"lazy\" decoding=\"async\" width=\"1024\" height=\"576\" src=\"https:\/\/www.greenpeace.org\/static\/planet4-poland-stateless\/2024\/08\/d25d90b5-historyczny-m-4-1024x576.png\" alt=\"\" class=\"wp-image-34945\" srcset=\"https:\/\/www.greenpeace.org\/static\/planet4-poland-stateless\/2024\/08\/d25d90b5-historyczny-m-4-1024x576.png 1024w, https:\/\/www.greenpeace.org\/static\/planet4-poland-stateless\/2024\/08\/d25d90b5-historyczny-m-4-500x281.png 500w, https:\/\/www.greenpeace.org\/static\/planet4-poland-stateless\/2024\/08\/d25d90b5-historyczny-m-4-768x432.png 768w, https:\/\/www.greenpeace.org\/static\/planet4-poland-stateless\/2024\/08\/d25d90b5-historyczny-m-4-1536x864.png 1536w, https:\/\/www.greenpeace.org\/static\/planet4-poland-stateless\/2024\/08\/d25d90b5-historyczny-m-4-510x287.png 510w, https:\/\/www.greenpeace.org\/static\/planet4-poland-stateless\/2024\/08\/d25d90b5-historyczny-m-4.png 1600w\" sizes=\"auto, (max-width: 1024px) 100vw, 1024px\" \/><\/figure>\n\n<p><strong>Komentarz Marka J\u00f3zefiaka, rzecznika i eksperta ds. polityki ekologicznej w Greenpeace Polska<\/strong><\/p>\n\n<p>Przez lata m\u00f3wi\u0142o si\u0119, \u017ce odnawialne \u017ar\u00f3d\u0142a energii s\u0105 przysz\u0142o\u015bci\u0105 energetyki, ale to ju\u017c jest nieaktualne &#8211; OZE s\u0105 tera\u017aniejszo\u015bci\u0105. Ju\u017c dzi\u015b wiatraki i fotowoltaika produkuj\u0105 wi\u0119cej energii w Unii Europejskiej ni\u017c wszystkie elektrownie w\u0119glowe i gazowe razem wzi\u0119te. A pami\u0119tajmy, \u017ce elektrownie wiatrowe i s\u0142oneczne to nie s\u0105 jedyne odnawialne \u017ar\u00f3d\u0142a energii &#8211; mo\u017cemy jeszcze stawia\u0107 cho\u0107by na biogazownie czy geotermi\u0119. Polska jest bardzo zap\u00f3\u017aniona w rozwoju zielonej energii, ale mamy szans\u0119 nadrobi\u0107 ten dystans, o ile rz\u0105d wdro\u017cy zapowiadan\u0105 od d\u0142u\u017cszego czasu zasad\u0119 500 metr\u00f3w wiatrak\u00f3w od zabudowa\u0144. Przez ostatnie lata rozwijano u nas g\u0142\u00f3wnie elektrownie s\u0142oneczne, kt\u00f3re daj\u0105 nam du\u017co energii w dni takie jak dzisiaj, generalnie produkuj\u0105 du\u017co energii w cieplejszych miesi\u0105cach, od wiosny do wczesnej jesieni. Pora jednak bardziej zdywersyfikowa\u0107 \u017ar\u00f3d\u0142a energii. Wiatraki daj\u0105 nam obecnie oko\u0142o 15 proc. pr\u0105du, je\u015bli rz\u0105d odblokuje ich rozw\u00f3j, ju\u017c za kilka lat ta jedna technologia da nam dwa razy wi\u0119cej pr\u0105du.\u00a0<\/p>\n\n<p>Sprawa jest o tyle pilna, \u017ce ca\u0142y czas blisko 60 proc. pr\u0105du w Polsce pochodzi z drogiego i brudnego w\u0119gla. Wiatraki s\u0105 szans\u0105 na obni\u017cenie cen &#8211; produkuj\u0105 pr\u0105d trzy razy taniej ni\u017c elektrownie na w\u0119giel i gaz. Pami\u0119tajmy te\u017c, \u017ce elektrownie w\u0119glowe nied\u0142ugo przejd\u0105 na zas\u0142u\u017con\u0105 emerytur\u0119, za 10 lat w\u0119giel praktycznie odejdzie w energetyce do lamusa. Je\u015bli do tego czasu nasz rz\u0105d nie rozwinie krajowych \u017ar\u00f3de\u0142 zielonej energii, czeka nas zale\u017cno\u015b\u0107 od innego drogiego \u017ar\u00f3d\u0142a pr\u0105du, czyli gazu. Nie tylko b\u0119dziemy mie\u0107 drog\u0105 energi\u0119, ale b\u0119dzie to te\u017c oznacza\u0142o uzale\u017cnienie Polski od importu surowca. Obecnie sprowadzamy gaz ze Stan\u00f3w Zjednoczonych, Kataru czy nawet Trynidadu i Tobago. <\/p>\n\n<p>Koncerny energetyczne planuj\u0105 lub wr\u0119cz buduj\u0105 inwestycje gazowe o warto\u015bci 26 miliard\u00f3w z\u0142otych. Je\u015bli te gro\u017ane inwestycje dojd\u0105 do skutku, mo\u017cemy wpa\u015b\u0107 w gazow\u0105 pu\u0142apk\u0119 i uzale\u017cni\u0107 si\u0119 od drogiej energii z importu. Tak by\u0107 nie musi, ale rz\u0105d musi zacz\u0105\u0107 dzia\u0142a\u0107. Ju\u017c kilka razy w tej kadencji rz\u0105d przek\u0142ada\u0142 odblokowanie wiatrak\u00f3w, d\u0142u\u017cej czeka\u0107 z tym nie mo\u017cna, bo to sprawa wagi pa\u0144stwowej.<\/p>\n","protected":false},"excerpt":{"rendered":"<p>W pierwszej po\u0142owie 2024 roku elektrownie wiatrowe i s\u0142oneczne po raz pierwszy w historii wyprodukowa\u0142y wi\u0119cej pr\u0105du w UE ni\u017c elektrownie zasilane w\u0119glem, gazem i rop\u0105.<\/p>\n","protected":false},"author":37,"featured_media":34946,"comment_status":"closed","ping_status":"open","sticky":false,"template":"","format":"standard","meta":{"ep_exclude_from_search":false,"p4_og_title":"","p4_og_description":"","p4_og_image":"","p4_og_image_id":"","p4_seo_canonical_url":"","p4_campaign_name":"","p4_local_project":"","p4_basket_name":"","p4_department":"","footnotes":""},"categories":[2],"tags":[7,106,18],"p4-page-type":[14],"class_list":["post-34944","post","type-post","status-publish","format-standard","has-post-thumbnail","hentry","category-klimat-energia","tag-czysta-energia","tag-gaz","tag-wegiel","p4-page-type-aktualnosci"],"_links":{"self":[{"href":"https:\/\/www.greenpeace.org\/poland\/wp-json\/wp\/v2\/posts\/34944","targetHints":{"allow":["GET"]}}],"collection":[{"href":"https:\/\/www.greenpeace.org\/poland\/wp-json\/wp\/v2\/posts"}],"about":[{"href":"https:\/\/www.greenpeace.org\/poland\/wp-json\/wp\/v2\/types\/post"}],"author":[{"embeddable":true,"href":"https:\/\/www.greenpeace.org\/poland\/wp-json\/wp\/v2\/users\/37"}],"replies":[{"embeddable":true,"href":"https:\/\/www.greenpeace.org\/poland\/wp-json\/wp\/v2\/comments?post=34944"}],"version-history":[{"count":1,"href":"https:\/\/www.greenpeace.org\/poland\/wp-json\/wp\/v2\/posts\/34944\/revisions"}],"predecessor-version":[{"id":34947,"href":"https:\/\/www.greenpeace.org\/poland\/wp-json\/wp\/v2\/posts\/34944\/revisions\/34947"}],"wp:featuredmedia":[{"embeddable":true,"href":"https:\/\/www.greenpeace.org\/poland\/wp-json\/wp\/v2\/media\/34946"}],"wp:attachment":[{"href":"https:\/\/www.greenpeace.org\/poland\/wp-json\/wp\/v2\/media?parent=34944"}],"wp:term":[{"taxonomy":"category","embeddable":true,"href":"https:\/\/www.greenpeace.org\/poland\/wp-json\/wp\/v2\/categories?post=34944"},{"taxonomy":"post_tag","embeddable":true,"href":"https:\/\/www.greenpeace.org\/poland\/wp-json\/wp\/v2\/tags?post=34944"},{"taxonomy":"p4-page-type","embeddable":true,"href":"https:\/\/www.greenpeace.org\/poland\/wp-json\/wp\/v2\/p4-page-type?post=34944"}],"curies":[{"name":"wp","href":"https:\/\/api.w.org\/{rel}","templated":true}]}}