{"id":34993,"date":"2024-07-27T01:50:47","date_gmt":"2024-07-26T23:50:47","guid":{"rendered":"https:\/\/www.greenpeace.org\/poland\/?p=34993"},"modified":"2024-08-07T02:55:46","modified_gmt":"2024-08-07T00:55:46","slug":"greenpeace-rozpoczyna-ekspedycje-w-arktyce-by-zbadac-ssaki-morskie-w-rejonie-zagrozonym-gornictwem-glebinowym","status":"publish","type":"post","link":"https:\/\/www.greenpeace.org\/poland\/aktualnosci\/34993\/greenpeace-rozpoczyna-ekspedycje-w-arktyce-by-zbadac-ssaki-morskie-w-rejonie-zagrozonym-gornictwem-glebinowym\/","title":{"rendered":"Greenpeace rozpoczyna ekspedycj\u0119 w Arktyce, by zbada\u0107 ssaki morskie w rejonie zagro\u017conym g\u00f3rnictwem g\u0142\u0119binowym"},"content":{"rendered":"\n<p><strong>Podczas gdy rz\u0105d Norwegii przygotowuje si\u0119 do udost\u0119pnienia swoich w\u00f3d w Arktyce dla g\u00f3rnictwa g\u0142\u0119binowego, Greenpeace wraz z grup\u0105 naukowc\u00f3w wyruszy\u0142 w rejs na tereny wydobycia na Morzu Norweskim. Celem ekspedycji jest lepsze poznanie gatunk\u00f3w wieloryb\u00f3w i delfin\u00f3w, kt\u00f3re mog\u0105 ucierpie\u0107 w wyniku planowanego wydobycia.<\/strong><\/p>\n\n<p>Wody arktyczne to jedne z najdelikatniejszych ekosystem\u00f3w na \u015bwiecie, szybko zmieniaj\u0105ce si\u0119 pod wp\u0142ywem zanieczyszcze\u0144 i zmian klimatycznych. <strong>Obszar wydobywczy w Arktyce pe\u0142en jest podwodnych g\u00f3r i grzbiet\u00f3w, kt\u00f3re stanowi\u0105 bogate siedlisko dla \u017ceruj\u0105cych i migruj\u0105cych wieloryb\u00f3w<\/strong> oraz wielu innych gatunk\u00f3w. W ci\u0105gu najbli\u017cszych tygodni naukowcy na pok\u0142adzie statku Greenpeace Witness b\u0119d\u0105 przeprowadza\u0107 badania wizualno-akustyczne ssak\u00f3w morskich \u017cyj\u0105cych w tym regionie, w tym niekt\u00f3rych gatunk\u00f3w zagro\u017conych wygini\u0119ciem.<\/p>\n\n<figure class=\"wp-block-image size-large\"><img loading=\"lazy\" decoding=\"async\" width=\"1024\" height=\"767\" src=\"https:\/\/www.greenpeace.org\/static\/planet4-poland-stateless\/2024\/08\/cac43bd2-gp0su1wg8_medium-res-1200px-1024x767.jpg\" alt=\"\" class=\"wp-image-34995\" srcset=\"https:\/\/www.greenpeace.org\/static\/planet4-poland-stateless\/2024\/08\/cac43bd2-gp0su1wg8_medium-res-1200px-1024x767.jpg 1024w, https:\/\/www.greenpeace.org\/static\/planet4-poland-stateless\/2024\/08\/cac43bd2-gp0su1wg8_medium-res-1200px-500x375.jpg 500w, https:\/\/www.greenpeace.org\/static\/planet4-poland-stateless\/2024\/08\/cac43bd2-gp0su1wg8_medium-res-1200px-768x575.jpg 768w, https:\/\/www.greenpeace.org\/static\/planet4-poland-stateless\/2024\/08\/cac43bd2-gp0su1wg8_medium-res-1200px-454x340.jpg 454w, https:\/\/www.greenpeace.org\/static\/planet4-poland-stateless\/2024\/08\/cac43bd2-gp0su1wg8_medium-res-1200px.jpg 1200w\" sizes=\"auto, (max-width: 1024px) 100vw, 1024px\" \/><\/figure>\n\n<p><em>Wieloryby i delfiny \u017cyj\u0105 i \u017ceruj\u0105 na tym samym obszarze g\u0142\u0119bin morskich, kt\u00f3ry rz\u0105d Norwegii otwiera na wydobycie. S\u0105 to zwierz\u0119ta niezwykle wra\u017cliwe na ha\u0142as i dzia\u0142alno\u015b\u0107 przemys\u0142ow\u0105. Interesuje nas, jakie gatunki s\u0105 tu obecne i chcemy pozna\u0107 ich naturalne zachowania w tym rejonie. Mamy nadziej\u0119, \u017ce nasze dane naukowe uzupe\u0142ni\u0105 inne prowadzone tu badania<\/em> &#8211; powiedzia\u0142a dr Kirsten Young, kierowniczka bada\u0144 w Greenpeace Research Laboratories na Uniwersytecie w Exeter, na pok\u0142adzie jachtu SY Witness.<\/p>\n\n<p>Wieloryby i delfiny wykorzystuj\u0105 podwodne g\u00f3ry jako miejsca \u017cerowania i rozmna\u017cania. Pomagaj\u0105 im one r\u00f3wnie\u017c w nawigacji w czasie migracji. Norweskie firmy wydobywcze planuj\u0105 zdziera\u0107 bogate w minera\u0142y warstwy bezpo\u015brednio z podwodnych g\u00f3r, ryzykuj\u0105c zniszczenie ekosystem\u00f3w istniej\u0105cych tam od tysi\u0119cy lat. Planuj\u0105 tak\u017ce wydobywa\u0107 minera\u0142y z otwor\u00f3w hydrotermalnych, gdzie wed\u0142ug niekt\u00f3rych naukowc\u00f3w mog\u0142o rozpocz\u0105\u0107 si\u0119 \u017cycie na Ziemi. Wydobycie tych struktur mo\u017ce nieodwracalnie zaszkodzi\u0107 ekosystemowi g\u0142\u0119bin.<\/p>\n\n<figure class=\"wp-block-image size-large\"><img loading=\"lazy\" decoding=\"async\" width=\"1024\" height=\"651\" src=\"https:\/\/www.greenpeace.org\/static\/planet4-poland-stateless\/2024\/08\/77553b2d-gp04pw8_pressmedia-2000x1272-1-1024x651.jpg\" alt=\"\" class=\"wp-image-34994\" srcset=\"https:\/\/www.greenpeace.org\/static\/planet4-poland-stateless\/2024\/08\/77553b2d-gp04pw8_pressmedia-2000x1272-1-1024x651.jpg 1024w, https:\/\/www.greenpeace.org\/static\/planet4-poland-stateless\/2024\/08\/77553b2d-gp04pw8_pressmedia-2000x1272-1-500x318.jpg 500w, https:\/\/www.greenpeace.org\/static\/planet4-poland-stateless\/2024\/08\/77553b2d-gp04pw8_pressmedia-2000x1272-1-768x488.jpg 768w, https:\/\/www.greenpeace.org\/static\/planet4-poland-stateless\/2024\/08\/77553b2d-gp04pw8_pressmedia-2000x1272-1-1536x977.jpg 1536w, https:\/\/www.greenpeace.org\/static\/planet4-poland-stateless\/2024\/08\/77553b2d-gp04pw8_pressmedia-2000x1272-1-510x324.jpg 510w, https:\/\/www.greenpeace.org\/static\/planet4-poland-stateless\/2024\/08\/77553b2d-gp04pw8_pressmedia-2000x1272-1.jpg 2000w\" sizes=\"auto, (max-width: 1024px) 100vw, 1024px\" \/><\/figure>\n\n<p>Norwegia jest pierwszym krajem na \u015bwiecie, kt\u00f3ry zezwoli\u0142 na wydobycie g\u0142\u0119binowe. <strong>Norweski plan wydobycia z dna morskiego spotka\u0142 si\u0119 ju\u017c z ogromn\u0105 krytyk\u0105 spo\u0142eczno\u015bci mi\u0119dzynarodowej. Ponad 800 naukowc\u00f3w <\/strong>zajmuj\u0105cych si\u0119 oceanami z ca\u0142ego \u015bwiata wezwa\u0142o do porzucenia tych niszczycielskich plan\u00f3w.<\/p>\n\n<p><em>Po raz pierwszy w historii destrukcyjne firmy wydobywcze planuj\u0105 eksploatowa\u0107 dno g\u0142\u0119bin Arktyki. Rz\u0105d Norwegii ignoruje ostrze\u017cenia setek zaniepokojonych naukowc\u00f3w i igra z delikatnymi ekosystemami oraz przysz\u0142o\u015bci\u0105 kolejnych pokole\u0144. Tym ruchem Norwegia straci\u0142a wszelk\u0105 mi\u0119dzynarodow\u0105 wiarygodno\u015b\u0107 jako odpowiedzialne pa\u0144stwo morskie<\/em> &#8211; powiedzia\u0142a Haldis Tjeldflaat Helle,  z Greenpeace Nordic.<\/p>\n\n<p>Jeszcze do niedawna firmy zajmuj\u0105ce si\u0119 wydobyciem g\u0142\u0119binowym uzasadnia\u0142y swoje istnienie argumentem, \u017ce jest to &#8222;z\u0142o konieczne&#8221;, niezb\u0119dne dla przej\u015bcia na zielon\u0105 energi\u0119. Jednak rosn\u0105ce obawy o \u015brodowisko, po\u0142\u0105czone z ogromnymi lukmi w danych, przyczyni\u0142y si\u0119 do podwojenia liczby rz\u0105d\u00f3w odrzucaj\u0105cych g\u00f3rnictwo g\u0142\u0119binowe w ci\u0105gu ostatniego roku.<\/p>\n\n<p>Argumenty za innym rodzajem g\u00f3rnictwa g\u0142ebinowego, kt\u00f3re koncentruje si\u0119 na metalono\u015bnych &#8222;guzkach&#8221; (konkrecjach polimetalicznych) zalegaj\u0105cych na dnie ocean\u00f3w, zosta\u0142y podwa\u017cone przez opublikowane w lipcu bie\u017c\u0105cego roku badania naukowe. Wakazuj\u0105 one, \u017ce konkrecje polimetaliczne mog\u0105 odgrywa\u0107 kluczow\u0105 rol\u0119 w produkcji tlenu w g\u0142\u0119binach morskich bez udzia\u0142u fotosyntezy. To prze\u0142omowe odkrycie wzbudzi\u0142o jeszcze wi\u0119ksze obawy zwi\u0105zane z wp\u0142ywem wydobycia na \u015brodowisko i wezwa\u0142o do dalszych bada\u0144 nad zjawiskiem &#8222;ciemnego tlenu&#8221;.<\/p>\n\n<p>Ekspedycja Greenpeace obejmie obszar wydobycia od wyspy Jan Mayen na po\u0142udniu, przez wody mi\u0119dzynarodowe, a\u017c po Svalbard, gdzie dotr\u0105 w po\u0142owie sierpnia po prawie 20 dniach na morzu.<\/p>\n\t\t\t<section\n\t\t\tclass=\"boxout post-34371 \"\n\t\t\t\n\t\t>\n\t\t\t<a\n\t\t\t\tdata-ga-category=\"Take Action Boxout\"\n\t\t\t\tdata-ga-action=\"Image\"\n\t\t\t\tdata-ga-label=\"n\/a\"\n\t\t\t\tclass=\"cover-card-overlay\"\n\t\t\t\thref=\"https:\/\/www.greenpeace.org\/poland\/dzialaj-old\/podpisz-polska-musi-podpisac-traktat-oceaniczny\/\" \n\t\t\t><\/a>\n\t\t\t\t\t\t\t<img\n\t\t\t\t\t\tsrc=\"https:\/\/www.greenpeace.org\/static\/planet4-poland-stateless\/2024\/03\/cbcdc0fd-delin-oceany-sieci-1024x581.jpg\"\n\t\t\t\t\t\tsrcset=\"https:\/\/www.greenpeace.org\/static\/planet4-poland-stateless\/2024\/03\/cbcdc0fd-delin-oceany-sieci-500x284.jpg 500w, https:\/\/www.greenpeace.org\/static\/planet4-poland-stateless\/2024\/03\/cbcdc0fd-delin-oceany-sieci-1024x581.jpg 1024w, https:\/\/www.greenpeace.org\/static\/planet4-poland-stateless\/2024\/03\/cbcdc0fd-delin-oceany-sieci-768x436.jpg 768w, https:\/\/www.greenpeace.org\/static\/planet4-poland-stateless\/2024\/03\/cbcdc0fd-delin-oceany-sieci-1536x872.jpg 1536w, https:\/\/www.greenpeace.org\/static\/planet4-poland-stateless\/2024\/03\/cbcdc0fd-delin-oceany-sieci-510x289.jpg 510w, https:\/\/www.greenpeace.org\/static\/planet4-poland-stateless\/2024\/03\/cbcdc0fd-delin-oceany-sieci.jpg 1600w\"\n\t\t\t\t\t\tsizes=\"(min-width: 1000px) 358px, (min-width: 780px) 313px, 88px\"\n\t\t\t\t\t\talt=\"\" title=\"\"\n\t\t\t\t\/>\n            \t\t\t<div class=\"boxout-content\">\n\t\t\t\t\t\t\t\t\t<a\n\t\t\t\t\t\tclass=\"boxout-heading medium\"\n\t\t\t\t\t\tdata-ga-category=\"Take Action Boxout\"\n\t\t\t\t\t\tdata-ga-action=\"Title\"\n\t\t\t\t\t\tdata-ga-label=\"n\/a\"\n\t\t\t\t\t\thref=\"https:\/\/www.greenpeace.org\/poland\/dzialaj-old\/podpisz-polska-musi-podpisac-traktat-oceaniczny\/\"\n\t\t\t\t\t\t\n\t\t\t\t\t>\n\t\t\t\t\t\tPodpisz: Polska musi podpisa\u0107 Traktat Oceaniczny\n\t\t\t\t\t<\/a>\n\t\t\t\t\t\t\t\t\t\t\t\t\t<p class=\"boxout-excerpt\">Pom\u00f3\u017cmy \u017cyciu w oceanach si\u0119 odrodzi\u0107! Zaapeluj do rz\u0105du, by Polska podpisa\u0142a \u015awiatowy Traktat Oceaniczny. Dzi\u0119ki niemu ochrona m\u00f3rz i ocean\u00f3w mo\u017ce sta\u0107 si\u0119 rzeczywisto\u015bci\u0105.<\/p>\n\t\t\t\t                                    <a\n                        class=\"btn btn-primary\"\n                        data-ga-category=\"Take Action Boxout\"\n                        data-ga-action=\"Call to Action\"\n                        data-ga-label=\"n\/a\"\n                        href=\"https:\/\/www.greenpeace.org\/poland\/dzialaj-old\/podpisz-polska-musi-podpisac-traktat-oceaniczny\/\"\n                        \n                    >\n                        Dzia\u0142aj!\n                    <\/a>\n                \t\t\t<\/div>\n\t\t\t\t\t<\/section>\n\t","protected":false},"excerpt":{"rendered":"<p>Podczas gdy rz\u0105d Norwegii przygotowuje si\u0119 do udost\u0119pnienia swoich w\u00f3d w Arktyce dla eksploracji g\u0142\u0119binowego wydobycia, Greenpeace Nordic i Greenpeace Niemcy wyp\u0142yn\u0119\u0142y w rejs z grup\u0105 naukowc\u00f3w i dzia\u0142aczy do&hellip;<\/p>\n","protected":false},"author":25,"featured_media":34995,"comment_status":"closed","ping_status":"open","sticky":false,"template":"","format":"standard","meta":{"ep_exclude_from_search":false,"p4_og_title":"","p4_og_description":"","p4_og_image":"https:\/\/www.greenpeace.org\/static\/planet4-poland-stateless\/2024\/08\/77553b2d-gp04pw8_pressmedia-2000x1272-1.jpg","p4_og_image_id":"34994","p4_seo_canonical_url":"","p4_campaign_name":"Stop Deep Sea Mining","p4_local_project":"","p4_basket_name":"Oceans","p4_department":"","footnotes":""},"categories":[2,3],"tags":[32,26,25,20],"p4-page-type":[14],"class_list":["post-34993","post","type-post","status-publish","format-standard","has-post-thumbnail","hentry","category-klimat-energia","category-przyroda","tag-arktyka","tag-ochrona-przyrody","tag-paliwakopalne","tag-morza","p4-page-type-aktualnosci"],"_links":{"self":[{"href":"https:\/\/www.greenpeace.org\/poland\/wp-json\/wp\/v2\/posts\/34993","targetHints":{"allow":["GET"]}}],"collection":[{"href":"https:\/\/www.greenpeace.org\/poland\/wp-json\/wp\/v2\/posts"}],"about":[{"href":"https:\/\/www.greenpeace.org\/poland\/wp-json\/wp\/v2\/types\/post"}],"author":[{"embeddable":true,"href":"https:\/\/www.greenpeace.org\/poland\/wp-json\/wp\/v2\/users\/25"}],"replies":[{"embeddable":true,"href":"https:\/\/www.greenpeace.org\/poland\/wp-json\/wp\/v2\/comments?post=34993"}],"version-history":[{"count":2,"href":"https:\/\/www.greenpeace.org\/poland\/wp-json\/wp\/v2\/posts\/34993\/revisions"}],"predecessor-version":[{"id":34997,"href":"https:\/\/www.greenpeace.org\/poland\/wp-json\/wp\/v2\/posts\/34993\/revisions\/34997"}],"wp:featuredmedia":[{"embeddable":true,"href":"https:\/\/www.greenpeace.org\/poland\/wp-json\/wp\/v2\/media\/34995"}],"wp:attachment":[{"href":"https:\/\/www.greenpeace.org\/poland\/wp-json\/wp\/v2\/media?parent=34993"}],"wp:term":[{"taxonomy":"category","embeddable":true,"href":"https:\/\/www.greenpeace.org\/poland\/wp-json\/wp\/v2\/categories?post=34993"},{"taxonomy":"post_tag","embeddable":true,"href":"https:\/\/www.greenpeace.org\/poland\/wp-json\/wp\/v2\/tags?post=34993"},{"taxonomy":"p4-page-type","embeddable":true,"href":"https:\/\/www.greenpeace.org\/poland\/wp-json\/wp\/v2\/p4-page-type?post=34993"}],"curies":[{"name":"wp","href":"https:\/\/api.w.org\/{rel}","templated":true}]}}