{"id":35002,"date":"2024-08-07T11:38:56","date_gmt":"2024-08-07T09:38:56","guid":{"rendered":"https:\/\/www.greenpeace.org\/poland\/?p=35002"},"modified":"2024-08-07T13:49:17","modified_gmt":"2024-08-07T11:49:17","slug":"zuzycie-gazu-w-energetyce-moze-wzrosnac-pieciokrotnie-ostrzega-greenpeace","status":"publish","type":"post","link":"https:\/\/www.greenpeace.org\/poland\/aktualnosci\/35002\/zuzycie-gazu-w-energetyce-moze-wzrosnac-pieciokrotnie-ostrzega-greenpeace\/","title":{"rendered":"Zu\u017cycie gazu w energetyce mo\u017ce wzrosn\u0105\u0107 pi\u0119ciokrotnie &#8211; ostrzega Greenpeace"},"content":{"rendered":"\n<p><strong>\u201cCzas na polski wiatr, nie obcy gaz\u201d &#8211; z takim transparentem aktywi\u015bci i aktywistki Greenpeace protestowali w \u015brod\u0119 przy elektrowni Rybnik, gdzie planowana jest budowa wielkiego bloku na gaz. Polsce grozi pu\u0142apka gazowa, czyli uzale\u017cnienie od drogiego i brudnego paliwa z importu. O ile rz\u0105d premiera Donalda Tuska nie zerwie z polityk\u0105 energetyczn\u0105 PiS-u, zu\u017cycie gazu w ci\u0105gu najbli\u017cszych 10 lat wzro\u015bnie w energetyce a\u017c pi\u0119ciokrotnie. Jednocze\u015bnie rz\u0105d nadal nie odblokowa\u0142 taniej energii z wiatrak\u00f3w.<\/strong><\/p>\n\n<p>Aktywi\u015bci i aktywistki Greenpeace protestowali na jeziorze przy elektrowni Rybnik, gdzie pa\u0144stwowy koncern PGE planuje zbudowa\u0107 pot\u0119\u017cny blok gazowy o mocy 882 megawat\u00f3w. Wed\u0142ug prognoz Polskich Sieci Elektroenergetycznych, obecna polityka energetyczna doprowadzi do wzrostu zu\u017cycia gazu w energetyce z obecnych dw\u00f3ch do dziesi\u0119ciu miliard\u00f3w metr\u00f3w sze\u015bciennych w 2034 roku.&nbsp;<\/p>\n\n<p>&#8211; Za 10 lat prawie wszystkie nasze elektrownie w\u0119glowe b\u0119d\u0105 ju\u017c na zas\u0142u\u017conej emeryturze i musimy je szybko czym\u015b zast\u0105pi\u0107. Koncerny energetyczne pchaj\u0105 nas w gaz &#8211; czyli w inne drogie i wysokoemisyjne paliwo, kt\u00f3re na dodatek musimy sprowadza\u0107 z zagranicy. Taka polityka zagra\u017ca naszemu bezpiecze\u0144stwu energetycznemu i spowoduje kolejne podwy\u017cki cen energii. Rz\u0105d premiera Tuska musi zawr\u00f3ci\u0107 z tej \u015blepej uliczki, w kt\u00f3r\u0105 wp\u0119dzi\u0142a nas polityka Prawa i Sprawiedliwo\u015bci i odblokowa\u0107 energi\u0119 z wiatru, kt\u00f3ra jest trzy razy ta\u0144sza od energii z w\u0119gla i gazu &#8211; m\u00f3wi Marek J\u00f3zefiak, rzecznik i ekspert ds. polityki energetycznej Greenpeace.<\/p>\n\n<figure class=\"wp-block-image size-large\"><img loading=\"lazy\" decoding=\"async\" width=\"1024\" height=\"683\" src=\"https:\/\/www.greenpeace.org\/static\/planet4-poland-stateless\/2024\/08\/e4ac85a3-dsc08015-1024x683.jpg\" alt=\"\" class=\"wp-image-35005\" srcset=\"https:\/\/www.greenpeace.org\/static\/planet4-poland-stateless\/2024\/08\/e4ac85a3-dsc08015-1024x683.jpg 1024w, https:\/\/www.greenpeace.org\/static\/planet4-poland-stateless\/2024\/08\/e4ac85a3-dsc08015-500x333.jpg 500w, https:\/\/www.greenpeace.org\/static\/planet4-poland-stateless\/2024\/08\/e4ac85a3-dsc08015-768x512.jpg 768w, https:\/\/www.greenpeace.org\/static\/planet4-poland-stateless\/2024\/08\/e4ac85a3-dsc08015-1536x1024.jpg 1536w, https:\/\/www.greenpeace.org\/static\/planet4-poland-stateless\/2024\/08\/e4ac85a3-dsc08015-2048x1366.jpg 2048w, https:\/\/www.greenpeace.org\/static\/planet4-poland-stateless\/2024\/08\/e4ac85a3-dsc08015-510x340.jpg 510w\" sizes=\"auto, (max-width: 1024px) 100vw, 1024px\" \/><\/figure>\n\n<p>Polska posiada olbrzymi potencja\u0142 rozwoju energetyki wiatrowej. Obecnie, mimo ogranicze\u0144 z czas\u00f3w rz\u0105d\u00f3w PiS, wiatraki pokrywaj\u0105 oko\u0142o 15% zapotrzebowania Polski na pr\u0105d. Eksperci szacuj\u0105, \u017ce odblokowanie wiatrak\u00f3w sprawi, \u017ce ju\u017c w 2040 roku moc polskich wiatrak\u00f3w wzro\u015bnie czterokrotnie. [1] W ci\u0105gu najbli\u017cszych kilku lat energetyka wiatrowa mo\u017ce te\u017c przynie\u015b\u0107 Polsce od 50 do blisko 100 tysi\u0119cy nowych miejsc pracy &#8211; czyli mniej wi\u0119cej tyle ile obecnie zatrudniaj\u0105 kopalnie w\u0119gla kamiennego. Tegoroczne badania opinii publicznej pokazuj\u0105, \u017ce zdecydowana wi\u0119kszo\u015b\u0107 Polek i Polak\u00f3w uwa\u017ca, \u017ce rozw\u00f3j OZE zapewni nam ni\u017csze ceny energii i poprawi bezpiecze\u0144stwo energetyczne.&nbsp;<\/p>\n\n<p>&#8211; Mimo ogromnego poparcia spo\u0142ecznego dla zielonej energii, rz\u0105d ju\u017c kilka razy przek\u0142ada\u0142 odblokowanie wiatrak\u00f3w. I to pomimo, \u017ce ceny pr\u0105du w Polsce nale\u017c\u0105 do najwy\u017cszych w Europie. Odczuwamy to wszyscy na rachunkach. Dla wielu bran\u017c naszej gospodarki dost\u0119p do taniej energii z wiatru to wr\u0119cz by\u0107 albo nie by\u0107. Kilka tygodni temu o odblokowanie wiatrak\u00f3w zaapelowali do premiera Tuska zgodnie hutnicy, samorz\u0105dowcy przedsi\u0119biorcy i ekolodzy &#8211; co dobrze oddaje, w jak krytycznym momencie si\u0119 znale\u017ali\u015bmy. [2] Odblokowanie wiatrak\u00f3w by\u0142o jednym ze stu konkret\u00f3w Koalicji Obywatelskiej na sto dni. Nied\u0142ugo minie 250 dni nowego rz\u0105du i nie mo\u017cna z tym zwleka\u0107 ani dnia d\u0142u\u017cej &#8211; dodaje Marek J\u00f3zefiak.<\/p>\n\n<figure class=\"wp-block-image size-large\"><img loading=\"lazy\" decoding=\"async\" width=\"1024\" height=\"683\" src=\"https:\/\/www.greenpeace.org\/static\/planet4-poland-stateless\/2024\/08\/ef286d22-53907636711_a088a18b9a_k-1024x683.jpg\" alt=\"\" class=\"wp-image-35009\" srcset=\"https:\/\/www.greenpeace.org\/static\/planet4-poland-stateless\/2024\/08\/ef286d22-53907636711_a088a18b9a_k-1024x683.jpg 1024w, https:\/\/www.greenpeace.org\/static\/planet4-poland-stateless\/2024\/08\/ef286d22-53907636711_a088a18b9a_k-500x333.jpg 500w, https:\/\/www.greenpeace.org\/static\/planet4-poland-stateless\/2024\/08\/ef286d22-53907636711_a088a18b9a_k-768x512.jpg 768w, https:\/\/www.greenpeace.org\/static\/planet4-poland-stateless\/2024\/08\/ef286d22-53907636711_a088a18b9a_k-1536x1024.jpg 1536w, https:\/\/www.greenpeace.org\/static\/planet4-poland-stateless\/2024\/08\/ef286d22-53907636711_a088a18b9a_k-510x340.jpg 510w, https:\/\/www.greenpeace.org\/static\/planet4-poland-stateless\/2024\/08\/ef286d22-53907636711_a088a18b9a_k.jpg 2048w\" sizes=\"auto, (max-width: 1024px) 100vw, 1024px\" \/><\/figure>\n\n<p>Elektrownie wiatrowe na l\u0105dzie s\u0105 tylko jednym z odnawialnych \u017ar\u00f3de\u0142 energii, kt\u00f3re mog\u0105 da\u0107 Polsce niezale\u017cno\u015b\u0107 energetyczn\u0105. Zielon\u0105 energi\u0119 produkuj\u0105 te\u017c cho\u0107by morskie farmy wiatrowe. Szacuje si\u0119, \u017ce ju\u017c w 2040 roku wiatraki na Ba\u0142tyku b\u0119d\u0105 produkowa\u0107 20% pr\u0105du w naszym kraju &#8211; wi\u0119cej ni\u017c obecnie wszystkie elektrownie na w\u0119giel brunatny, w tym Be\u0142chat\u00f3w i Tur\u00f3w. W Polsce mo\u017cemy tak\u017ce w dalszym ci\u0105gu inwestowa\u0107 w elektrownie s\u0142oneczne, biogazownie czy pompy ciep\u0142a. W pierwszej po\u0142owie 2024 roku tylko dwie technologie OZE &#8211; wiatraki i fotowoltaika &#8211; po raz pierwszy w historii wyprodukowa\u0142y w Unii Europejskiej wi\u0119cej pr\u0105du ni\u017c elektrownie zasilane w\u0119glem i gazem. [3]<br><\/p>\n\n<p>[1] http:\/\/psew.pl\/414-gw-z-ladowej-energetyki-wiatrowej-do-2040-roku-jest-mozliwe-psew-oszacowal-potencjal-wiatr\/<\/p>\n\n<p>[2] <a href=\"https:\/\/www.greenpeace.org\/poland\/aktualnosci\/34840\/beda-kolejne-podwyzki-cen-pradu-rzad-moze-temu-zapobiec\/\">https:\/\/www.greenpeace.org\/poland\/aktualnosci\/34840\/beda-kolejne-podwyzki-cen-pradu-rzad-moze-temu-zapobiec\/<\/a><\/p>\n\n<p>[3] <a href=\"https:\/\/www.greenpeace.org\/poland\/aktualnosci\/34944\/historyczny-wynik-wiatraki-i-fotowoltaika-pobily-wegiel-i-gaz\/\">https:\/\/www.greenpeace.org\/poland\/aktualnosci\/34944\/historyczny-wynik-wiatraki-i-fotowoltaika-pobily-wegiel-i-gaz\/<\/a>&nbsp;<\/p>\n","protected":false},"excerpt":{"rendered":"<p>\u201cCzas na polski wiatr, nie obcy gaz\u201d &#8211; z takim transparentem aktywi\u015bci i aktywistki Greenpeace protestowali w \u015brod\u0119 przy elektrowni Rybnik, gdzie planowana jest budowa wielkiego bloku na gaz. <\/p>\n","protected":false},"author":37,"featured_media":35011,"comment_status":"closed","ping_status":"open","sticky":false,"template":"","format":"standard","meta":{"ep_exclude_from_search":false,"p4_og_title":"","p4_og_description":"","p4_og_image":"","p4_og_image_id":"","p4_seo_canonical_url":"","p4_campaign_name":"","p4_local_project":"","p4_basket_name":"","p4_department":"","footnotes":""},"categories":[2],"tags":[7,106,25,24],"p4-page-type":[14],"class_list":["post-35002","post","type-post","status-publish","format-standard","has-post-thumbnail","hentry","category-klimat-energia","tag-czysta-energia","tag-gaz","tag-paliwakopalne","tag-aktywizm","p4-page-type-aktualnosci"],"_links":{"self":[{"href":"https:\/\/www.greenpeace.org\/poland\/wp-json\/wp\/v2\/posts\/35002","targetHints":{"allow":["GET"]}}],"collection":[{"href":"https:\/\/www.greenpeace.org\/poland\/wp-json\/wp\/v2\/posts"}],"about":[{"href":"https:\/\/www.greenpeace.org\/poland\/wp-json\/wp\/v2\/types\/post"}],"author":[{"embeddable":true,"href":"https:\/\/www.greenpeace.org\/poland\/wp-json\/wp\/v2\/users\/37"}],"replies":[{"embeddable":true,"href":"https:\/\/www.greenpeace.org\/poland\/wp-json\/wp\/v2\/comments?post=35002"}],"version-history":[{"count":5,"href":"https:\/\/www.greenpeace.org\/poland\/wp-json\/wp\/v2\/posts\/35002\/revisions"}],"predecessor-version":[{"id":35012,"href":"https:\/\/www.greenpeace.org\/poland\/wp-json\/wp\/v2\/posts\/35002\/revisions\/35012"}],"wp:featuredmedia":[{"embeddable":true,"href":"https:\/\/www.greenpeace.org\/poland\/wp-json\/wp\/v2\/media\/35011"}],"wp:attachment":[{"href":"https:\/\/www.greenpeace.org\/poland\/wp-json\/wp\/v2\/media?parent=35002"}],"wp:term":[{"taxonomy":"category","embeddable":true,"href":"https:\/\/www.greenpeace.org\/poland\/wp-json\/wp\/v2\/categories?post=35002"},{"taxonomy":"post_tag","embeddable":true,"href":"https:\/\/www.greenpeace.org\/poland\/wp-json\/wp\/v2\/tags?post=35002"},{"taxonomy":"p4-page-type","embeddable":true,"href":"https:\/\/www.greenpeace.org\/poland\/wp-json\/wp\/v2\/p4-page-type?post=35002"}],"curies":[{"name":"wp","href":"https:\/\/api.w.org\/{rel}","templated":true}]}}