{"id":35157,"date":"2024-09-02T10:35:02","date_gmt":"2024-09-02T08:35:02","guid":{"rendered":"https:\/\/www.greenpeace.org\/poland\/?p=35157"},"modified":"2024-09-02T10:35:13","modified_gmt":"2024-09-02T08:35:13","slug":"trzy-tiry-ze-scietymi-drzewami-dla-premiera-tuska","status":"publish","type":"post","link":"https:\/\/www.greenpeace.org\/poland\/aktualnosci\/35157\/trzy-tiry-ze-scietymi-drzewami-dla-premiera-tuska\/","title":{"rendered":"Trzy tiry ze \u015bci\u0119tymi drzewami dla premiera Tuska"},"content":{"rendered":"\n<p><strong>Proces wy\u0142\u0105czania najcenniejszych polskich las\u00f3w z wycinek utkn\u0105\u0142 na 1 procencie powierzchni. W pi\u0105tek 30 sierpnia z\u0142o\u017cyli\u015bmy do kancelarii premiera kolejny apel o osobiste zaanga\u017cowanie Donalda Tuska w spe\u0142nienie obietnicy stworzenia jednej pi\u0105tej las\u00f3w wolnych od pi\u0142. Aby zmobilizowa\u0107 premiera przygotowali\u015bmy dla niego prezent &#8211; trzy ci\u0119\u017car\u00f3wki pe\u0142ne \u015bci\u0119tych drzew &#8211; tyle drzew wyje\u017cd\u017ca z polskich las\u00f3w co&#8230; 45 sekund!<\/strong><\/p>\n\n<p>Dyrektor programowy Greenpeace Polska Pawe\u0142 Szypulski pisze do premiera Donalda Tuska: <\/p>\n\n<p>(&#8230;) &#8222;Petycj\u0119 skierowali\u015bmy do Pana, poniewa\u017c zar\u00f3wno w kampanii wyborczej, jak i po obj\u0119ciu w\u0142adzy, w licznych wypowiedziach medialnych oraz w Umowie Koalicyjnej zobowi\u0105za\u0142 si\u0119 Pan jako Prezes Rady Ministr\u00f3w do obj\u0119cia ochron\u0105 przed wycinkami 20 procent polskich las\u00f3w.\u00a0 Podczas \u201eMarszu czwartego czerwca\u201d m\u00f3wi\u0142 Pan, \u017ce patriotyzm to brak zgody na \u201ewy\u017cynanie\u201d naszych las\u00f3w. Zaufa\u0142y Panu setki tysi\u0119cy wyborc\u00f3w i wyborczy\u0144, kt\u00f3rzy 15 pa\u017adziernika 2023 r. zag\u0142osowali mi\u0119dzy innymi za ochron\u0105 przyrody. Z bada\u0144 CBOS wynika, \u017ce 2\/3 Polek i Polak\u00f3w oczekuje pilnego wy\u0142\u0105czenia 20% las\u00f3w z wycinek, czyli spe\u0142nienia Pa\u0144skiej obietnicy.\u00a0<\/p>\n\n<p>Dzisiaj jeszcze mocniej potrzebujemy stanowczego zaanga\u017cowania Pana Premiera w ochron\u0119 las\u00f3w. W naszej opinii, to najprawdopodobniej przez silny op\u00f3r w\u0105skiej grupy, kt\u00f3ra nadal zdaje si\u0119 d\u0105\u017cy\u0107 do osi\u0105gania korzy\u015bci z wycinania polskich las\u00f3w na masow\u0105 skal\u0119, obecnie trwaj\u0105cy proces, zainicjowany na pocz\u0105tku stycznia br. przez Ministerstwo Klimatu i \u015arodowiska, nie wskazuje na osi\u0105gni\u0119cie zadowalaj\u0105cych rezultat\u00f3w i w naszej opinii istnieje znaczne ryzyko, \u017ce nie doprowadzi on do wype\u0142nienia deklaracji\u00a0 Pa\u0144skiego rz\u0105du, wynikaj\u0105cego z Umowy Koalicyjnej obj\u0119cia ochron\u0105 przed wycinkami 20 proc. polskich las\u00f3w.&#8221; (&#8230;)<\/p>\n","protected":false},"excerpt":{"rendered":"<p>Proces wy\u0142\u0105czania najcenniejszych polskich las\u00f3w z wycinek utkn\u0105\u0142 na 1 procencie.<\/p>\n","protected":false},"author":37,"featured_media":35159,"comment_status":"closed","ping_status":"open","sticky":false,"template":"","format":"standard","meta":{"ep_exclude_from_search":false,"p4_og_title":"","p4_og_description":"","p4_og_image":"","p4_og_image_id":"","p4_seo_canonical_url":"","p4_campaign_name":"","p4_local_project":"","p4_basket_name":"","p4_department":"","footnotes":""},"categories":[3],"tags":[19,26],"p4-page-type":[14],"class_list":["post-35157","post","type-post","status-publish","format-standard","has-post-thumbnail","hentry","category-przyroda","tag-lasy","tag-ochrona-przyrody","p4-page-type-aktualnosci"],"_links":{"self":[{"href":"https:\/\/www.greenpeace.org\/poland\/wp-json\/wp\/v2\/posts\/35157","targetHints":{"allow":["GET"]}}],"collection":[{"href":"https:\/\/www.greenpeace.org\/poland\/wp-json\/wp\/v2\/posts"}],"about":[{"href":"https:\/\/www.greenpeace.org\/poland\/wp-json\/wp\/v2\/types\/post"}],"author":[{"embeddable":true,"href":"https:\/\/www.greenpeace.org\/poland\/wp-json\/wp\/v2\/users\/37"}],"replies":[{"embeddable":true,"href":"https:\/\/www.greenpeace.org\/poland\/wp-json\/wp\/v2\/comments?post=35157"}],"version-history":[{"count":2,"href":"https:\/\/www.greenpeace.org\/poland\/wp-json\/wp\/v2\/posts\/35157\/revisions"}],"predecessor-version":[{"id":35160,"href":"https:\/\/www.greenpeace.org\/poland\/wp-json\/wp\/v2\/posts\/35157\/revisions\/35160"}],"wp:featuredmedia":[{"embeddable":true,"href":"https:\/\/www.greenpeace.org\/poland\/wp-json\/wp\/v2\/media\/35159"}],"wp:attachment":[{"href":"https:\/\/www.greenpeace.org\/poland\/wp-json\/wp\/v2\/media?parent=35157"}],"wp:term":[{"taxonomy":"category","embeddable":true,"href":"https:\/\/www.greenpeace.org\/poland\/wp-json\/wp\/v2\/categories?post=35157"},{"taxonomy":"post_tag","embeddable":true,"href":"https:\/\/www.greenpeace.org\/poland\/wp-json\/wp\/v2\/tags?post=35157"},{"taxonomy":"p4-page-type","embeddable":true,"href":"https:\/\/www.greenpeace.org\/poland\/wp-json\/wp\/v2\/p4-page-type?post=35157"}],"curies":[{"name":"wp","href":"https:\/\/api.w.org\/{rel}","templated":true}]}}