{"id":35169,"date":"2024-09-04T13:47:53","date_gmt":"2024-09-04T11:47:53","guid":{"rendered":"https:\/\/www.greenpeace.org\/poland\/?p=35169"},"modified":"2024-11-28T17:05:46","modified_gmt":"2024-11-28T15:05:46","slug":"rzad-znow-przyblokuje-wiatraki-zakrawa-to-na-sabotaz","status":"publish","type":"post","link":"https:\/\/www.greenpeace.org\/poland\/aktualnosci\/35169\/rzad-znow-przyblokuje-wiatraki-zakrawa-to-na-sabotaz\/","title":{"rendered":"Rz\u0105d zn\u00f3w przyblokuje wiatraki? \u201cZakrawa to na sabota\u017c\u201d"},"content":{"rendered":"\n<p><strong>Przygotowywana przez rz\u0105d ustawa wiatrakowa ma zawiera\u0107 przepis ustanawiaj\u0105cy 1,5-kilometrowy zakaz budowy elektrowni wiatrowych od obszar\u00f3w ochrony ptak\u00f3w i nietoperzy w ramach sieci Natura 2000. To fa\u0142szywa troska o przyrod\u0119, kt\u00f3ra zakrawa na sabota\u017c bezpiecze\u0144stwa energetycznego i plan\u00f3w ochrony klimatu. <\/strong><\/p>\n\n<p>\u2013 W Polsce od 23 lat nie powsta\u0142 park narodowy, kopalnie w majestacie prawa zrzucaj\u0105 zasolone \u015bcieki do rzek, na obszarach Natura 2000 tnie si\u0119 lasy, a tu nagle rz\u0105d proponuje, aby nie tyle na tych obszarach, ale wok\u00f3\u0142 nich tworzy\u0107 p\u00f3\u0142torakilometrowy bufor przeciwko jednej z najmniej szkodliwych dla klimatu i przyrody inwestycji: elektrowniom wiatrowym. To zakrawa na ponury \u017cart. Chcieliby\u015bmy wierzy\u0107, \u017ce to omy\u0142ka, kt\u00f3ra zostanie szybko skorygowana. Skala negatywnych efekt\u00f3w takiej regulacji ka\u017ce my\u015ble\u0107 o tym zapisie jako o sabota\u017cu rozwoju czystej i taniej energii w Polsce \u2013&nbsp;m\u00f3wi Marek J\u00f3zefiak, rzecznik i ekspert ds. polityki ekologicznej w Greenpeace Polska.&nbsp;<\/p>\n\n<p>O planach dotycz\u0105cych zapis\u00f3w w planowanej ustawie poinformowa\u0142 w rozmowie z PAP odpowiedzialny za ten proces wiceminister klimatu Mi\u0142osz Motyka z PSL. Obszary Natura 2000 chroni\u0105 20% powierzchni Polski. Wg oblicze\u0144 Polskiego Stowarzyszenia Energetyki Wiatrowej, zapis o zakazie budowy wiatrak\u00f3w w promieniu 1,5 kilometra od obszar\u00f3w chroni\u0105cych ptaki i nietoperze spowodowa\u0142by dodatkowe wy\u0142\u0105czenie oko\u0142o 8% powierzchni kraju. Dotyczy\u0142by on w szczeg\u00f3lno\u015bci obszar\u00f3w w p\u00f3\u0142nocnej i \u015brodkowej Polsce o bardzo dobrych warunkach wietrznych. By\u0142yby to dodatkowe ograniczenia dla rozwoju wiatrak\u00f3w, obok minimalnej odleg\u0142o\u015bci od zabudowa\u0144 czy problem\u00f3w z przy\u0142\u0105czeniami do sieci. Dla cel\u00f3w ochrony przyrody w przypadku obszar\u00f3w Natura 2000 wystarczaj\u0105cymi rozwi\u0105zaniami jest ju\u017c funkcjonuj\u0105cy zakaz budowy wiatrak\u00f3w na ich powierzchni oraz rzetelne korzystanie z istniej\u0105cych instrument\u00f3w, takich jak oceny oddzia\u0142ywania na \u015brodowisko danej inwestycji.&nbsp;&nbsp;<\/p>\n\n<p>Polska posiada jedn\u0105 z najwy\u017cszych cen energii w Europie, co staje si\u0119 coraz powa\u017cniejszym problemem dla konkurencyjno\u015bci naszej gospodarki. W lipcu o odblokowanie taniej energii z wiatru zaapelowali do premiera Donalda Tuska razem z Greenpeace m.in. hutnicy, przedsi\u0119biorcy i samorz\u0105dowcy. Dodatkowo, w ci\u0105gu najbli\u017cszych kilku lat wi\u0119kszo\u015b\u0107 elektrowni w\u0119glowych odejdzie na zas\u0142u\u017con\u0105 emerytur\u0119.&nbsp;<\/p>\n\n<p>\u2013 W 2028 roku sko\u0144cz\u0105 si\u0119 kontrakty mocowe dla elektrowni na w\u0119giel o mocy oko\u0142o 15 GW i zostan\u0105 one najpewniej wy\u0142\u0105czone \u2013 to jest oko\u0142o po\u0142owa obecnych mocy w w\u0119glu. Wiatraki s\u0105 jedn\u0105 z niewielu technologii, kt\u00f3re s\u0105 w stanie tak szybko zapewni\u0107 znacz\u0105ce moce, kt\u00f3re wype\u0142ni\u0105 t\u0119 luk\u0119 wytw\u00f3rcz\u0105. Potrzebujemy wiatrak\u00f3w na wczoraj i dalsze sabotowanie ich rozwoju by\u0142oby koszmarnym b\u0142\u0119dem szefostwa Ministerstwa Klimatu i \u015arodowiska \u2013 m\u00f3wi Miko\u0142aj Gumulski, koordynator kampanii klimatycznych w Greenpeace Polska.&nbsp;&nbsp;<\/p>\n\n<p>Wiatraki na l\u0105dzie pokrywaj\u0105 ok. 15% zapotrzebowania Polski na energi\u0119 elektryczn\u0105. Szacuje si\u0119, \u017ce ju\u017c w kilka lat po liberalizacji przepis\u00f3w ich moce mog\u0142yby wzrosn\u0105\u0107 o 80%. W 2040 roku wiatraki mog\u0142yby produkowa\u0107 cztery razy wi\u0119cej energii ni\u017c obecnie. Opr\u00f3cz taniego i czystego pr\u0105du, elektrownie wiatrowe mog\u0105 przynie\u015b\u0107 Polsce nawet sto tysi\u0119cy miejsc pracy i wzrost PKB por\u00f3wnywalny z ca\u0142ym sektorem turystyki.&nbsp;<br><\/p>\n\t\t\t<section\n\t\t\tclass=\"boxout   sticky-bottom-mobile collapse show\"\n\t\t\tid=\"action-card\"\n\t\t>\n\t\t\t<a\n\t\t\t\tdata-ga-category=\"Take Action Boxout\"\n\t\t\t\tdata-ga-action=\"Image\"\n\t\t\t\tdata-ga-label=\"n\/a\"\n\t\t\t\tclass=\"cover-card-overlay\"\n\t\t\t\thref=\"https:\/\/www.greenpeace.org\/poland\/wiatraki-fakty-i-mity\/\" target=\"_blank\"\n\t\t\t><\/a>\n\t\t\t\t\t\t\t<img\n\t\t\t\t\t\tsrc=\"https:\/\/www.greenpeace.org\/static\/planet4-poland-stateless\/2024\/11\/331e1448-gp0stqf5i_medium-res-1200px-1024x683.jpg\"\n\t\t\t\t\t\tsrcset=\"https:\/\/www.greenpeace.org\/static\/planet4-poland-stateless\/2024\/11\/331e1448-gp0stqf5i_medium-res-1200px-500x333.jpg 500w, https:\/\/www.greenpeace.org\/static\/planet4-poland-stateless\/2024\/11\/331e1448-gp0stqf5i_medium-res-1200px-1024x683.jpg 1024w, https:\/\/www.greenpeace.org\/static\/planet4-poland-stateless\/2024\/11\/331e1448-gp0stqf5i_medium-res-1200px-768x512.jpg 768w, https:\/\/www.greenpeace.org\/static\/planet4-poland-stateless\/2024\/11\/331e1448-gp0stqf5i_medium-res-1200px-510x340.jpg 510w, https:\/\/www.greenpeace.org\/static\/planet4-poland-stateless\/2024\/11\/331e1448-gp0stqf5i_medium-res-1200px.jpg 1200w\"\n\t\t\t\t\t\tsizes=\"(min-width: 1000px) 358px, (min-width: 780px) 313px, 88px\"\n\t\t\t\t\t\talt=\"\" title=\"\"\n\t\t\t\t\/>\n            \t\t\t<div class=\"boxout-content\">\n\t\t\t\t\t\t\t\t\t<a\n\t\t\t\t\t\tclass=\"boxout-heading medium\"\n\t\t\t\t\t\tdata-ga-category=\"Take Action Boxout\"\n\t\t\t\t\t\tdata-ga-action=\"Title\"\n\t\t\t\t\t\tdata-ga-label=\"n\/a\"\n\t\t\t\t\t\thref=\"https:\/\/www.greenpeace.org\/poland\/wiatraki-fakty-i-mity\/\"\n\t\t\t\t\t\ttarget=\"_blank\"\n\t\t\t\t\t>\n\t\t\t\t\t\tPrzeczytaj: Wiatraki &#8211; fakty i mity\n\t\t\t\t\t<\/a>\n\t\t\t\t\t\t\t\t\t\t\t\t\t<p class=\"boxout-excerpt\">Przewodnik, kt\u00f3ry  odpowiada na najcz\u0119\u015bciej zadawane pytania i obala najpopularniejsze mity na temat wiatrak\u00f3w.<\/p>\n\t\t\t\t                                    <a\n                        class=\"btn btn-primary\"\n                        data-ga-category=\"Take Action Boxout\"\n                        data-ga-action=\"Call to Action\"\n                        data-ga-label=\"n\/a\"\n                        href=\"https:\/\/www.greenpeace.org\/poland\/wiatraki-fakty-i-mity\/\"\n                        target=\"_blank\"\n                    >\n                        Zobacz\n                    <\/a>\n                \t\t\t<\/div>\n\t\t\t\t\t\t\t<a\n\t\t\t\t\tclass=\"not-now\"\n\t\t\t\t\trole=\"button\"\n\t\t\t\t\tdata-bs-toggle=\"collapse\"\n\t\t\t\t\thref=\"#action-card\"\n\t\t\t\t><\/a>\n\t\t\t\t\t<\/section>\n\t","protected":false},"excerpt":{"rendered":"<p>Przygotowywana przez rz\u0105d ustawa wiatrakowa ma zawiera\u0107 przepis ustanawiaj\u0105cy 1,5-kilometrowy zakaz budowy elektrowni wiatrowych od obszar\u00f3w ochrony ptak\u00f3w i nietoperzy w ramach sieci Natura 2000. To fa\u0142szywa troska o przyrod\u0119,&hellip;<\/p>\n","protected":false},"author":37,"featured_media":34946,"comment_status":"closed","ping_status":"open","sticky":false,"template":"","format":"standard","meta":{"ep_exclude_from_search":false,"p4_og_title":"","p4_og_description":"","p4_og_image":"","p4_og_image_id":"","p4_seo_canonical_url":"","p4_campaign_name":"","p4_local_project":"","p4_basket_name":"","p4_department":"","footnotes":""},"categories":[2],"tags":[7],"p4-page-type":[14],"class_list":["post-35169","post","type-post","status-publish","format-standard","has-post-thumbnail","hentry","category-klimat-energia","tag-czysta-energia","p4-page-type-aktualnosci"],"_links":{"self":[{"href":"https:\/\/www.greenpeace.org\/poland\/wp-json\/wp\/v2\/posts\/35169","targetHints":{"allow":["GET"]}}],"collection":[{"href":"https:\/\/www.greenpeace.org\/poland\/wp-json\/wp\/v2\/posts"}],"about":[{"href":"https:\/\/www.greenpeace.org\/poland\/wp-json\/wp\/v2\/types\/post"}],"author":[{"embeddable":true,"href":"https:\/\/www.greenpeace.org\/poland\/wp-json\/wp\/v2\/users\/37"}],"replies":[{"embeddable":true,"href":"https:\/\/www.greenpeace.org\/poland\/wp-json\/wp\/v2\/comments?post=35169"}],"version-history":[{"count":3,"href":"https:\/\/www.greenpeace.org\/poland\/wp-json\/wp\/v2\/posts\/35169\/revisions"}],"predecessor-version":[{"id":35750,"href":"https:\/\/www.greenpeace.org\/poland\/wp-json\/wp\/v2\/posts\/35169\/revisions\/35750"}],"wp:featuredmedia":[{"embeddable":true,"href":"https:\/\/www.greenpeace.org\/poland\/wp-json\/wp\/v2\/media\/34946"}],"wp:attachment":[{"href":"https:\/\/www.greenpeace.org\/poland\/wp-json\/wp\/v2\/media?parent=35169"}],"wp:term":[{"taxonomy":"category","embeddable":true,"href":"https:\/\/www.greenpeace.org\/poland\/wp-json\/wp\/v2\/categories?post=35169"},{"taxonomy":"post_tag","embeddable":true,"href":"https:\/\/www.greenpeace.org\/poland\/wp-json\/wp\/v2\/tags?post=35169"},{"taxonomy":"p4-page-type","embeddable":true,"href":"https:\/\/www.greenpeace.org\/poland\/wp-json\/wp\/v2\/p4-page-type?post=35169"}],"curies":[{"name":"wp","href":"https:\/\/api.w.org\/{rel}","templated":true}]}}