{"id":35229,"date":"2024-09-25T09:38:41","date_gmt":"2024-09-25T07:38:41","guid":{"rendered":"https:\/\/www.greenpeace.org\/poland\/?p=35229"},"modified":"2024-09-25T15:22:35","modified_gmt":"2024-09-25T13:22:35","slug":"ryzyko-powodzi-podwojone-przez-zmiane-klimatu-a-rzad-wciaz-wspiera-wegiel-i-gaz","status":"publish","type":"post","link":"https:\/\/www.greenpeace.org\/poland\/aktualnosci\/35229\/ryzyko-powodzi-podwojone-przez-zmiane-klimatu-a-rzad-wciaz-wspiera-wegiel-i-gaz\/","title":{"rendered":"Ryzyko powodzi podwojone przez zmian\u0119 klimatu, a rz\u0105d wci\u0105\u017c wspiera w\u0119giel i gaz"},"content":{"rendered":"\n<p><strong><a href=\"https:\/\/www.worldweatherattribution.org\/climate-change-and-high-exposure-increased-costs-and-disruption-to-lives-and-livelihoods-from-flooding-associated-with-exceptionally-heavy-rainfall-in-central-europe\/\">Nowa analiza naukowc\u00f3w<\/a> zajmuj\u0105cych si\u0119 meteorologi\u0105 i klimatologi\u0105 pokazuje, \u017ce zmiana klimatu co najmniej dwukrotnie zwi\u0119kszy\u0142a ryzyko wyst\u0105pienia ulewnych opad\u00f3w, kt\u00f3re spowodowa\u0142y wrze\u015bniowe powodzie w Europie \u015arodkowej. Badacze podkre\u015blaj\u0105, \u017ce skala opad\u00f3w, kt\u00f3re nawiedzi\u0142y nasz region mi\u0119dzy 12 a 15 wrze\u015bnia, by\u0142a niespotykana w historii pomiar\u00f3w. Je\u015bli szybko nie odejdziemy od spalania w\u0119gla i gazu, takich powodzi b\u0119dzie znacznie wi\u0119cej.<\/strong><\/p>\n\n<figure class=\"wp-block-image size-full\"><img loading=\"lazy\" decoding=\"async\" width=\"799\" height=\"533\" src=\"https:\/\/www.greenpeace.org\/static\/planet4-poland-stateless\/2024\/09\/06342fa9-54005372424_4468aa1bc3_c.jpg\" alt=\"\" class=\"wp-image-35231\" srcset=\"https:\/\/www.greenpeace.org\/static\/planet4-poland-stateless\/2024\/09\/06342fa9-54005372424_4468aa1bc3_c.jpg 799w, https:\/\/www.greenpeace.org\/static\/planet4-poland-stateless\/2024\/09\/06342fa9-54005372424_4468aa1bc3_c-500x334.jpg 500w, https:\/\/www.greenpeace.org\/static\/planet4-poland-stateless\/2024\/09\/06342fa9-54005372424_4468aa1bc3_c-768x512.jpg 768w, https:\/\/www.greenpeace.org\/static\/planet4-poland-stateless\/2024\/09\/06342fa9-54005372424_4468aa1bc3_c-510x340.jpg 510w\" sizes=\"auto, (max-width: 799px) 100vw, 799px\" \/><\/figure>\n\n<p>\u2014 Zmiana klimatu to nie palmy nad Ba\u0142tykiem, jak wydaje si\u0119 niekt\u00f3rym polskim politykom, tylko coraz wi\u0119cej tragicznych w skutkach zjawisk pogodowych takich jak obecna pow\u00f3d\u017a. Dalszy brak adekwatnych dzia\u0142a\u0144 polityk\u00f3w na rzecz klimatu oznacza zgod\u0119 na wi\u0119cej ludzkich dramat\u00f3w, wi\u0119cej zniszczonych dom\u00f3w i zalanych miast. Polski rz\u0105d musi zacz\u0105\u0107 traktowa\u0107 ochron\u0119 klimatu jako zadanie priorytetowe i spos\u00f3b na zagwarantowanie bezpiecze\u0144stwa naszego kraju. W pierwszym kroku rz\u0105d premiera Donalda Tuska powinien odblokowa\u0107 wiatraki na l\u0105dzie i wyznaczy\u0107 jak najszybsze daty odej\u015bcia od w\u0119gla i gazu \u2014 m\u00f3wi Marek J\u00f3zefiak, rzecznik i ekspert ds. polityki ekologicznej Greenpeace Polska.<\/p>\n\n<p>Do tej pory pow\u00f3d\u017a w Europie \u015arodkowej spowodowa\u0142a \u015bmier\u0107 co najmniej 24 os\u00f3b, z czego siedem os\u00f3b zgin\u0119\u0142o w Polsce. Koszty walki ze skutkami obecnej powodzi w Polsce s\u0105 liczone w dziesi\u0105tkach miliard\u00f3w z\u0142otych. Analiza inicjatywy World Weather Attribution wskazuje, \u017ce o ile nie zatrzymamy zmiany klimatu, prawdopodobie\u0144stwo wyst\u0119powania podobnych, katastrofalnych opad\u00f3w b\u0119dzie znacznie rosn\u0105\u0107 [1]. Cz\u0119stotliwo\u015b\u0107 gwa\u0142townych ulew wzro\u015bnie a\u017c o po\u0142ow\u0119, je\u015bli przekroczymy pr\u00f3g ocieplenia klimatu o 2 stopnie Celsjusza (obecnie jeste\u015bmy na etapie ocieplenia klimatu o 1,3 stopnia).<\/p>\n\n<p>Jednocze\u015bnie polski rz\u0105d nadal przeznacza miliardy z\u0142otych na paliwa kopalne, dotuj\u0105c kopalnie czy buduj\u0105c elektrownie na gaz. W tym i przysz\u0142ym roku rz\u0105d Donalda Tuska wy\u0142o\u017cy na wsparcie z publicznej kasy&nbsp; dla kopal\u0144 w\u0119gla kamiennego 18 miliard\u00f3w z\u0142otych. Polska jest jedynym krajem UE, kt\u00f3ry nie ma wyznaczonej daty odej\u015bcia od w\u0119gla w energetyce.<\/p>\n\n<p>\u2014 Dop\u0142acanie do nierentownych kopal\u0144 to nic innego jak dolewanie oliwy do ognia. Rz\u0105d jedn\u0105 r\u0119k\u0105 b\u0119dzie wyp\u0142aca\u0142 miliardy na walk\u0119 ze skutkami powodzi, a drug\u0105 dorzuca miliardy do biznesu, kt\u00f3ry ten kataklizm nap\u0119dza. Trudno o wi\u0119kszy brak konsekwencji \u2014 m\u00f3wi Miko\u0142aj Gumulski, koordynator kampanii klimatycznych w Greenpeace.&nbsp;<\/p>\n\n<p><a href=\"https:\/\/www.worldweatherattribution.org\/climate-change-and-high-exposure-increased-costs-and-disruption-to-lives-and-livelihoods-from-flooding-associated-with-exceptionally-heavy-rainfall-in-central-europe\/\">Analiz\u0119<\/a> opublikowan\u0105 25 wrze\u015bnia przez inicjatyw\u0119 World Weather Attribution przygotowa\u0142a grupa 24 badaczy z uczelni wy\u017cszych i stacji meteorologicznych z o\u015bmiu kraj\u00f3w Europy, w tym prof. Bogdan Chojnicki z Uniwersytetu Przyrodniczego w Poznaniu. Eksperci por\u00f3wnywali dane meteorologiczne z modelami klimatycznymi, opieraj\u0105c si\u0119 na metodologii przyj\u0119tej w recenzowanych pracach naukowych.&nbsp;<\/p>\n\n<p>\u2014<\/p>\n\n<p>Analiza jest dost\u0119pna na stronie World Weather Attribution: <a href=\"https:\/\/www.worldweatherattribution.org\/\">https:\/\/www.worldweatherattribution.org\/<\/a><\/p>\n<div data-hydrate=\"planet4-blocks\/gallery\" data-attributes=\"{&quot;attributes&quot;:{&quot;multiple_image&quot;:&quot;35236,35238,35240,35241&quot;,&quot;image_data&quot;:[{&quot;url&quot;:&quot;https:\\\/\\\/www.greenpeace.org\\\/static\\\/planet4-poland-stateless\\\/2024\\\/09\\\/274d84a8-dsc9681-scaled.jpg&quot;,&quot;focalPoint&quot;:{&quot;x&quot;:0.5,&quot;y&quot;:0.5},&quot;id&quot;:35236},{&quot;url&quot;:&quot;https:\\\/\\\/www.greenpeace.org\\\/static\\\/planet4-poland-stateless\\\/2024\\\/09\\\/88acfed6-dsc9695-scaled.jpg&quot;,&quot;focalPoint&quot;:{&quot;x&quot;:0.5,&quot;y&quot;:0.5},&quot;id&quot;:35238},{&quot;url&quot;:&quot;https:\\\/\\\/www.greenpeace.org\\\/static\\\/planet4-poland-stateless\\\/2024\\\/09\\\/dccc7133-dsc9759-scaled.jpg&quot;,&quot;focalPoint&quot;:{&quot;x&quot;:0.5,&quot;y&quot;:0.5},&quot;id&quot;:35240},{&quot;url&quot;:&quot;https:\\\/\\\/www.greenpeace.org\\\/static\\\/planet4-poland-stateless\\\/2024\\\/09\\\/c7f4e87b-dsc9808-scaled.jpg&quot;,&quot;focalPoint&quot;:{&quot;x&quot;:0.5,&quot;y&quot;:0.5},&quot;id&quot;:35241}],&quot;className&quot;:&quot;is-style-slider&quot;,&quot;gallery_block_style&quot;:0,&quot;gallery_block_title&quot;:&quot;&quot;,&quot;gallery_block_description&quot;:&quot;&quot;,&quot;gallery_block_focus_points&quot;:&quot;&quot;,&quot;images&quot;:[{&quot;image_src&quot;:&quot;https:\\\/\\\/www.greenpeace.org\\\/static\\\/planet4-poland-stateless\\\/2024\\\/09\\\/274d84a8-dsc9681-scaled.jpg&quot;,&quot;image_srcset&quot;:&quot;https:\\\/\\\/www.greenpeace.org\\\/static\\\/planet4-poland-stateless\\\/2024\\\/09\\\/274d84a8-dsc9681-scaled.jpg 2560w, https:\\\/\\\/www.greenpeace.org\\\/static\\\/planet4-poland-stateless\\\/2024\\\/09\\\/274d84a8-dsc9681-500x334.jpg 500w, https:\\\/\\\/www.greenpeace.org\\\/static\\\/planet4-poland-stateless\\\/2024\\\/09\\\/274d84a8-dsc9681-1024x683.jpg 1024w, https:\\\/\\\/www.greenpeace.org\\\/static\\\/planet4-poland-stateless\\\/2024\\\/09\\\/274d84a8-dsc9681-768x512.jpg 768w, https:\\\/\\\/www.greenpeace.org\\\/static\\\/planet4-poland-stateless\\\/2024\\\/09\\\/274d84a8-dsc9681-1536x1025.jpg 1536w, https:\\\/\\\/www.greenpeace.org\\\/static\\\/planet4-poland-stateless\\\/2024\\\/09\\\/274d84a8-dsc9681-2048x1366.jpg 2048w, https:\\\/\\\/www.greenpeace.org\\\/static\\\/planet4-poland-stateless\\\/2024\\\/09\\\/274d84a8-dsc9681-510x340.jpg 510w&quot;,&quot;image_sizes&quot;:false,&quot;alt_text&quot;:&quot;&quot;,&quot;caption&quot;:&quot;&quot;,&quot;focus_image&quot;:&quot;&quot;,&quot;credits&quot;:&quot;&quot;},{&quot;image_src&quot;:&quot;https:\\\/\\\/www.greenpeace.org\\\/static\\\/planet4-poland-stateless\\\/2024\\\/09\\\/88acfed6-dsc9695-scaled.jpg&quot;,&quot;image_srcset&quot;:&quot;https:\\\/\\\/www.greenpeace.org\\\/static\\\/planet4-poland-stateless\\\/2024\\\/09\\\/88acfed6-dsc9695-scaled.jpg 1708w, https:\\\/\\\/www.greenpeace.org\\\/static\\\/planet4-poland-stateless\\\/2024\\\/09\\\/88acfed6-dsc9695-334x500.jpg 334w, https:\\\/\\\/www.greenpeace.org\\\/static\\\/planet4-poland-stateless\\\/2024\\\/09\\\/88acfed6-dsc9695-683x1024.jpg 683w, https:\\\/\\\/www.greenpeace.org\\\/static\\\/planet4-poland-stateless\\\/2024\\\/09\\\/88acfed6-dsc9695-768x1151.jpg 768w, https:\\\/\\\/www.greenpeace.org\\\/static\\\/planet4-poland-stateless\\\/2024\\\/09\\\/88acfed6-dsc9695-1025x1536.jpg 1025w, https:\\\/\\\/www.greenpeace.org\\\/static\\\/planet4-poland-stateless\\\/2024\\\/09\\\/88acfed6-dsc9695-1366x2048.jpg 1366w, https:\\\/\\\/www.greenpeace.org\\\/static\\\/planet4-poland-stateless\\\/2024\\\/09\\\/88acfed6-dsc9695-911x1366.jpg 911w, https:\\\/\\\/www.greenpeace.org\\\/static\\\/planet4-poland-stateless\\\/2024\\\/09\\\/88acfed6-dsc9695-227x340.jpg 227w&quot;,&quot;image_sizes&quot;:false,&quot;alt_text&quot;:&quot;&quot;,&quot;caption&quot;:&quot;&quot;,&quot;focus_image&quot;:&quot;&quot;,&quot;credits&quot;:&quot;&quot;},{&quot;image_src&quot;:&quot;https:\\\/\\\/www.greenpeace.org\\\/static\\\/planet4-poland-stateless\\\/2024\\\/09\\\/dccc7133-dsc9759-scaled.jpg&quot;,&quot;image_srcset&quot;:&quot;https:\\\/\\\/www.greenpeace.org\\\/static\\\/planet4-poland-stateless\\\/2024\\\/09\\\/dccc7133-dsc9759-scaled.jpg 1707w, https:\\\/\\\/www.greenpeace.org\\\/static\\\/planet4-poland-stateless\\\/2024\\\/09\\\/dccc7133-dsc9759-333x500.jpg 333w, https:\\\/\\\/www.greenpeace.org\\\/static\\\/planet4-poland-stateless\\\/2024\\\/09\\\/dccc7133-dsc9759-683x1024.jpg 683w, https:\\\/\\\/www.greenpeace.org\\\/static\\\/planet4-poland-stateless\\\/2024\\\/09\\\/dccc7133-dsc9759-768x1152.jpg 768w, https:\\\/\\\/www.greenpeace.org\\\/static\\\/planet4-poland-stateless\\\/2024\\\/09\\\/dccc7133-dsc9759-1024x1536.jpg 1024w, https:\\\/\\\/www.greenpeace.org\\\/static\\\/planet4-poland-stateless\\\/2024\\\/09\\\/dccc7133-dsc9759-1366x2048.jpg 1366w, https:\\\/\\\/www.greenpeace.org\\\/static\\\/planet4-poland-stateless\\\/2024\\\/09\\\/dccc7133-dsc9759-911x1366.jpg 911w, https:\\\/\\\/www.greenpeace.org\\\/static\\\/planet4-poland-stateless\\\/2024\\\/09\\\/dccc7133-dsc9759-227x340.jpg 227w&quot;,&quot;image_sizes&quot;:false,&quot;alt_text&quot;:&quot;&quot;,&quot;caption&quot;:&quot;&quot;,&quot;focus_image&quot;:&quot;&quot;,&quot;credits&quot;:&quot;&quot;},{&quot;image_src&quot;:&quot;https:\\\/\\\/www.greenpeace.org\\\/static\\\/planet4-poland-stateless\\\/2024\\\/09\\\/c7f4e87b-dsc9808-scaled.jpg&quot;,&quot;image_srcset&quot;:&quot;https:\\\/\\\/www.greenpeace.org\\\/static\\\/planet4-poland-stateless\\\/2024\\\/09\\\/c7f4e87b-dsc9808-scaled.jpg 2560w, https:\\\/\\\/www.greenpeace.org\\\/static\\\/planet4-poland-stateless\\\/2024\\\/09\\\/c7f4e87b-dsc9808-500x334.jpg 500w, https:\\\/\\\/www.greenpeace.org\\\/static\\\/planet4-poland-stateless\\\/2024\\\/09\\\/c7f4e87b-dsc9808-1024x683.jpg 1024w, https:\\\/\\\/www.greenpeace.org\\\/static\\\/planet4-poland-stateless\\\/2024\\\/09\\\/c7f4e87b-dsc9808-768x512.jpg 768w, https:\\\/\\\/www.greenpeace.org\\\/static\\\/planet4-poland-stateless\\\/2024\\\/09\\\/c7f4e87b-dsc9808-1536x1025.jpg 1536w, https:\\\/\\\/www.greenpeace.org\\\/static\\\/planet4-poland-stateless\\\/2024\\\/09\\\/c7f4e87b-dsc9808-2048x1366.jpg 2048w, https:\\\/\\\/www.greenpeace.org\\\/static\\\/planet4-poland-stateless\\\/2024\\\/09\\\/c7f4e87b-dsc9808-510x340.jpg 510w&quot;,&quot;image_sizes&quot;:false,&quot;alt_text&quot;:&quot;&quot;,&quot;caption&quot;:&quot;&quot;,&quot;focus_image&quot;:&quot;&quot;,&quot;credits&quot;:&quot;&quot;}]}}\"><section class=\"block carousel-wrap is-style-slider\"><\/section><\/div>","protected":false},"excerpt":{"rendered":"<p>Nowa analiza naukowc\u00f3w zajmuj\u0105cych si\u0119 meteorologi\u0105 i klimatologi\u0105 pokazuje, \u017ce zmiana klimatu co najmniej dwukrotnie zwi\u0119kszy\u0142a ryzyko wyst\u0105pienia ulewnych opad\u00f3w, kt\u00f3re spowodowa\u0142y wrze\u015bniowe powodzie w Europie \u015arodkowej.<\/p>\n","protected":false},"author":37,"featured_media":35230,"comment_status":"closed","ping_status":"open","sticky":false,"template":"","format":"standard","meta":{"ep_exclude_from_search":false,"p4_og_title":"","p4_og_description":"","p4_og_image":"","p4_og_image_id":"","p4_seo_canonical_url":"","p4_campaign_name":"","p4_local_project":"","p4_basket_name":"","p4_department":"","footnotes":""},"categories":[2],"tags":[6,25],"p4-page-type":[14],"class_list":["post-35229","post","type-post","status-publish","format-standard","has-post-thumbnail","hentry","category-klimat-energia","tag-klimat","tag-paliwakopalne","p4-page-type-aktualnosci"],"_links":{"self":[{"href":"https:\/\/www.greenpeace.org\/poland\/wp-json\/wp\/v2\/posts\/35229","targetHints":{"allow":["GET"]}}],"collection":[{"href":"https:\/\/www.greenpeace.org\/poland\/wp-json\/wp\/v2\/posts"}],"about":[{"href":"https:\/\/www.greenpeace.org\/poland\/wp-json\/wp\/v2\/types\/post"}],"author":[{"embeddable":true,"href":"https:\/\/www.greenpeace.org\/poland\/wp-json\/wp\/v2\/users\/37"}],"replies":[{"embeddable":true,"href":"https:\/\/www.greenpeace.org\/poland\/wp-json\/wp\/v2\/comments?post=35229"}],"version-history":[{"count":5,"href":"https:\/\/www.greenpeace.org\/poland\/wp-json\/wp\/v2\/posts\/35229\/revisions"}],"predecessor-version":[{"id":35243,"href":"https:\/\/www.greenpeace.org\/poland\/wp-json\/wp\/v2\/posts\/35229\/revisions\/35243"}],"wp:featuredmedia":[{"embeddable":true,"href":"https:\/\/www.greenpeace.org\/poland\/wp-json\/wp\/v2\/media\/35230"}],"wp:attachment":[{"href":"https:\/\/www.greenpeace.org\/poland\/wp-json\/wp\/v2\/media?parent=35229"}],"wp:term":[{"taxonomy":"category","embeddable":true,"href":"https:\/\/www.greenpeace.org\/poland\/wp-json\/wp\/v2\/categories?post=35229"},{"taxonomy":"post_tag","embeddable":true,"href":"https:\/\/www.greenpeace.org\/poland\/wp-json\/wp\/v2\/tags?post=35229"},{"taxonomy":"p4-page-type","embeddable":true,"href":"https:\/\/www.greenpeace.org\/poland\/wp-json\/wp\/v2\/p4-page-type?post=35229"}],"curies":[{"name":"wp","href":"https:\/\/api.w.org\/{rel}","templated":true}]}}