{"id":35248,"date":"2024-09-25T17:33:03","date_gmt":"2024-09-25T15:33:03","guid":{"rendered":"https:\/\/www.greenpeace.org\/poland\/?p=35248"},"modified":"2024-09-26T22:00:53","modified_gmt":"2024-09-26T20:00:53","slug":"rzad-donalda-tuska-otwiera-droge-do-oslabienia-ochrony-wilkow-w-calej-europie","status":"publish","type":"post","link":"https:\/\/www.greenpeace.org\/poland\/aktualnosci\/35248\/rzad-donalda-tuska-otwiera-droge-do-oslabienia-ochrony-wilkow-w-calej-europie\/","title":{"rendered":"Rz\u0105d Donalda Tuska otwiera drog\u0119 do os\u0142abienia ochrony wilk\u00f3w w ca\u0142ej Europie"},"content":{"rendered":"\n<p><strong>Rz\u0105d Donalda Tuska popar\u0142 kontrowersyjn\u0105 propozycj\u0119 os\u0142abienia ochrony wilka w Konwencji Berne\u0144skiej. Wbrew woli wi\u0119kszo\u015bci Polek i Polak\u00f3w otwiera to drog\u0119 do obni\u017cenia statusu ochronnego wilka w Polsce i Europie.&nbsp;<\/strong><\/p>\n\n<p>Polski rz\u0105d popar\u0142 dzi\u015b <a href=\"https:\/\/ec.europa.eu\/commission\/presscorner\/detail\/en\/ip_23_6752\">kontrowersyjn\u0105 propozycj\u0119 obni\u017cenia poziomu ochrony wilk\u00f3w w Europie<\/a>, kt\u00f3r\u0105 Komisja Europejska opublikowa\u0142a grudniu 2023. Projekt jest efektem wieloletniej kampanii lobbingowej \u015brodowisk hodowc\u00f3w i my\u015bliwych, podsycanej w ostatnim czasie przez Europejsk\u0105 Parti\u0119 Ludow\u0105, najwi\u0119ksz\u0105 rodzin\u0119 polityczn\u0105 w Parlamencie Europejskim, do kt\u00f3rej nale\u017c\u0105 r\u00f3wnie\u017c polskie partie polityczne PO i PSL.<\/p>\n\n<p>Propozycja Komisji b\u0119dzie przedmiotem jutrzejszego g\u0142osowania Rady UE. Poprzedzaj\u0105ce g\u0142osowanie Rady posiedzenie COREPER pozwala pa\u0144stwom cz\u0142onkowskim wyartyku\u0142owa\u0107 swoje stanowisko z wyprzedzeniem.&nbsp;<\/p>\n\n<p><em>&#8211; Premier Donald Tusk po raz kolejny pokaza\u0142, \u017ce bardziej ceni polityczn\u0105 lojalno\u015b\u0107 wzgl\u0119dem swojej europejskiej formacji macierzystej od wierno\u015bci w\u0142asnym obietnicom przedwyborczym. Propozycja os\u0142abienia ochrony wilk\u00f3w to pozbawiona podstaw naukowych polityczna hucpa, kt\u00f3rej celem jest zapewnienie Europejskiej Partii Ludowej poparcia konserwatywnych wyborc\u00f3w \u2013<\/em> m\u00f3wi Rados\u0142aw \u015alusarczyk ze Stowarzyszenia Pracownia na Rzecz Wszystkich Istot.<\/p>\n\n<p>Wilk, dzi\u0119ki ochronie oferowanej przez prawo mi\u0119dzynarodowe i unijne (Konwencj\u0119 Berne\u0144sk\u0105 i Dyrektyw\u0119 Siedliskow\u0105) po dekadach, a niekiedy wiekach nieobecno\u015bci zacz\u0105\u0142 wraca\u0107 do europejskich las\u00f3w. Powr\u00f3t tego kluczowego gatunku, kt\u00f3ry zapewnia r\u00f3wnowag\u0119 naszych ekosystem\u00f3w, to wielki sukces ochrony przyrody w UE. Oczywi\u015bcie, zdarzaj\u0105 si\u0119 te\u017c lokalne konflikty z hodowcami byd\u0142a, jednak ich skala jest marginalna (dotyczy promila pog\u0142owia zwierz\u0105t gospodarskich w Unii Europejskiej). Niestety, wilki znalaz\u0142y si\u0119 r\u00f3wnie\u017c na celowniku pot\u0119\u017cnej organizacji lobbingowej zrzeszaj\u0105cej europejskich my\u015bliwych \u2014 FACE (European Federation for Hunting and Conservation). \u015arodowiska te od lat d\u0105\u017c\u0105 do tego, by umo\u017cliwi\u0107 pa\u0144stwom cz\u0142onkowskim wi\u0119ksz\u0105 elastyczno\u015b\u0107 w wydawaniu pozwole\u0144 na odstrza\u0142 wilk\u00f3w.<\/p>\n\n<p><em>&#8211; Propozycja obni\u017cenia statusu ochronnego wilka jest pozbawiona podstaw naukowych, poniewa\u017c populacje tego gatunku wci\u0105\u017c s\u0105 dalekie od osi\u0105gni\u0119cia dobrego stanu ochrony. Zgodnie z najnowszymi analizami naukowymi, populacje wilk\u00f3w w UE znajduj\u0105 si\u0119 w niezadowalaj\u0105cym lub z\u0142ym stanie ochrony w sze\u015bciu z siedmiu region\u00f3w biogeograficznych. Co wi\u0119cej, dost\u0119pne badania wskazuj\u0105, \u017ce odstrza\u0142y redukcyjne nie rozwi\u0105zuj\u0105 konflikt\u00f3w na linii wilki \u2013 hodowcy. Du\u017co skuteczniejsze s\u0105 tutaj metody zapobiegawcze, jak ogrodzenia i psy str\u00f3\u017cuj\u0105ce, oraz adekwatne i szybko wyp\u0142acane odszkodowania <\/em>\u2013 m\u00f3wi Rafa\u0142 Rzepkowski z WWF Polska.<\/p>\n\n<p>U\u0142atwienie stosowania odstrza\u0142\u00f3w redukcyjnych wymaga zmiany prawa unijnego, poniewa\u017c na mocy Dyrektywy Siedliskowej wilk jest gatunkiem \u015bci\u015ble chronionym. Jednak nowelizacja prawa unijnego jest niemo\u017cliwa bez wcze\u015bniejszej zmiany prawa mi\u0119dzynarodowego \u2013 konkretnie, zmiana Dyrektywy wymaga wcze\u015bniejszej zmiany Konwencji Berne\u0144skiej, kt\u00f3rej UE jest sygnatariuszem. W\u0142a\u015bnie tego dotyczy kontrowersyjna propozycja Komisji: przenosz\u0105ca go z za\u0142\u0105cznika II Konwencji (gatunki \u015bci\u015ble chronione) do za\u0142\u0105cznika III (gatunki chronione).<\/p>\n\n<p><em>&#8211; Stawk\u0105 w tej rozgrywce s\u0105 nie tylko wilki, poniewa\u017c prawne konsekwencje wprowadzenia propozycji Komisji mog\u0105 by\u0107 znacznie bardziej dalekosi\u0119\u017cne. Po pierwsze, Konwencja Berne\u0144ska obejmuje ca\u0142y kontynent europejski, nie tylko kraje UE. Po drugie, ju\u017c na podw\u00f3rku unijnym, ryzykujemy ponowne otwarcie Dyrektywy Siedliskowej i os\u0142abienie jej skuteczno\u015bci nie tylko w odniesieniu do wilk\u00f3w.<\/em> \u2013 m\u00f3wi Marta Klimkiewicz z Fundacji ClientEarth Prawnicy dla Ziemi.<\/p>\n\n<p><em>&#8211; Obecnie prawo mi\u0119dzynarodowe, czyli Konwencja Berne\u0144ska, dzia\u0142a jak bezpiecznik chroni\u0105cy przed pr\u00f3bami podwa\u017cenia ochrony gatunk\u00f3w w ramach prawa unijnego, czyli Dyrektywy Siedliskowej. Usuni\u0119cie tego bezpiecznika mo\u017ce skutkowa\u0107 powa\u017cnym os\u0142abieniem fundament\u00f3w, na kt\u00f3rych zbudowany jest system ochrony przyrody w UE<\/em> \u2014 dodaje Klimkiewicz.\u00a0<\/p>\n\n<p>Zamiast os\u0142abia\u0107 ochron\u0119 wilk\u00f3w, pa\u0144stwa cz\u0142onkowskie powinny wykorzystywa\u0107 dost\u0119pne \u015brodki unijne na skuteczne metody zapobiegania konfliktom czy stratom w\u015br\u00f3d hodowc\u00f3w. Fundusze UE s\u0105 dost\u0119pne na wsparcie takich inicjatyw, a wiele kraj\u00f3w ju\u017c z powodzeniem je wdra\u017ca. Ignorowanie tych rozwi\u0105za\u0144 i skupienie si\u0119 na redukcji populacji wilka jest krokiem wstecz i mo\u017ce zniweczy\u0107 dotychczasowe osi\u0105gni\u0119cia w dziedzinie ochrony przyrody.&nbsp;<\/p>\n\n<p><em>&#8211; Tysi\u0105ce Polek i Polak\u00f3w wybra\u0142y rz\u0105d Donalda Tuska m.in. po to, by realizowa\u0142 on swoje obietnice dotycz\u0105ce ochrony przyrody. Te osoby dzisiaj maj\u0105 prawo czu\u0107 ogromny gniew. Donald Tusk musi przesta\u0107 spe\u0142nia\u0107 marzenia lobbyst\u00f3w ze strzelbami i pi\u0142ami i zacz\u0105\u0107\u00a0 dzia\u0142a\u0107 zgodnie z oczekiwaniami spo\u0142ecze\u0144stwa i g\u0142osem naukowc\u00f3w<\/em> \u2013 m\u00f3wi Krzysztof Cibor z Fundacji Greenpeace Polska.<\/p>\n\n<p>Ostateczne g\u0142osowanie odb\u0119dzie si\u0119 jutro (26 wrze\u015bnia) na posiedzeniu Rady ds. Konkurencyjno\u015bci (COMPET), gdzie ministrowie maj\u0105 zatwierdzi\u0107 decyzj\u0119 ambasador\u00f3w. Bruksela musi powiadomi\u0107 Sekretariat Konwencji Berne\u0144skiej najp\u00f3\u017aniej do przysz\u0142ego wtorku (1 pa\u017adziernika), je\u015bli zamierza zaproponowa\u0107 zmian\u0119 przepis\u00f3w, poniewa\u017c komitet odpowiedzialny spotyka si\u0119 tylko raz w roku.&nbsp;&nbsp;<\/p>\n\t\t\t<section\n\t\t\tclass=\"boxout post-33670  sticky-bottom-mobile collapse show\"\n\t\t\tid=\"action-card\"\n\t\t>\n\t\t\t<a\n\t\t\t\tdata-ga-category=\"Take Action Boxout\"\n\t\t\t\tdata-ga-action=\"Image\"\n\t\t\t\tdata-ga-label=\"n\/a\"\n\t\t\t\tclass=\"cover-card-overlay\"\n\t\t\t\thref=\"https:\/\/www.greenpeace.org\/poland\/dzialaj-old\/podpisz-nie-pozwolmy-strzelac-do-wilkow\/\" \n\t\t\t><\/a>\n\t\t\t\t\t\t\t<img\n\t\t\t\t\t\tsrc=\"https:\/\/www.greenpeace.org\/static\/planet4-poland-stateless\/2023\/10\/3b8e4fa3-wilk_canis-lupus_c.korkosz_55801.jpg\"\n\t\t\t\t\t\tsrcset=\"https:\/\/www.greenpeace.org\/static\/planet4-poland-stateless\/2023\/10\/3b8e4fa3-wilk_canis-lupus_c.korkosz_55801-500x355.jpg 500w, https:\/\/www.greenpeace.org\/static\/planet4-poland-stateless\/2023\/10\/3b8e4fa3-wilk_canis-lupus_c.korkosz_55801-768x545.jpg 768w, https:\/\/www.greenpeace.org\/static\/planet4-poland-stateless\/2023\/10\/3b8e4fa3-wilk_canis-lupus_c.korkosz_55801-480x340.jpg 480w, https:\/\/www.greenpeace.org\/static\/planet4-poland-stateless\/2023\/10\/3b8e4fa3-wilk_canis-lupus_c.korkosz_55801.jpg 1000w\"\n\t\t\t\t\t\tsizes=\"(min-width: 1000px) 358px, (min-width: 780px) 313px, 88px\"\n\t\t\t\t\t\talt=\"\" title=\"\"\n\t\t\t\t\/>\n            \t\t\t<div class=\"boxout-content\">\n\t\t\t\t\t\t\t\t\t<a\n\t\t\t\t\t\tclass=\"boxout-heading medium\"\n\t\t\t\t\t\tdata-ga-category=\"Take Action Boxout\"\n\t\t\t\t\t\tdata-ga-action=\"Title\"\n\t\t\t\t\t\tdata-ga-label=\"n\/a\"\n\t\t\t\t\t\thref=\"https:\/\/www.greenpeace.org\/poland\/dzialaj-old\/podpisz-nie-pozwolmy-strzelac-do-wilkow\/\"\n\t\t\t\t\t\t\n\t\t\t\t\t>\n\t\t\t\t\t\tPodpisz: Nie pozw\u00f3lmy strzela\u0107 do wilk\u00f3w!\n\t\t\t\t\t<\/a>\n\t\t\t\t\t\t\t\t\t\t\t\t\t<p class=\"boxout-excerpt\">Wilki trzeba chroni\u0107! Powstrzymajmy tych, kt\u00f3rzy chcieliby do nich strzela\u0107.\n\nPodpisz si\u0119 pod apelem1<\/p>\n\t\t\t\t                                    <a\n                        class=\"btn btn-primary\"\n                        data-ga-category=\"Take Action Boxout\"\n                        data-ga-action=\"Call to Action\"\n                        data-ga-label=\"n\/a\"\n                        href=\"https:\/\/www.greenpeace.org\/poland\/dzialaj-old\/podpisz-nie-pozwolmy-strzelac-do-wilkow\/\"\n                        \n                    >\n                        Dzia\u0142aj!\n                    <\/a>\n                \t\t\t<\/div>\n\t\t\t\t\t\t\t<a\n\t\t\t\t\tclass=\"not-now\"\n\t\t\t\t\trole=\"button\"\n\t\t\t\t\tdata-bs-toggle=\"collapse\"\n\t\t\t\t\thref=\"#action-card\"\n\t\t\t\t><\/a>\n\t\t\t\t\t<\/section>\n\t","protected":false},"excerpt":{"rendered":"<p>Rz\u0105d Donalda Tuska popar\u0142 kontrowersyjn\u0105 propozycj\u0119 os\u0142abienia ochrony wilka w Konwencji Berne\u0144skiej. Wbrew woli wi\u0119kszo\u015bci Polek i Polak\u00f3w otwiera to drog\u0119 do obni\u017cenia statusu ochronnego wilka w Polsce i Europie.\u00a0<\/p>\n","protected":false},"author":37,"featured_media":33756,"comment_status":"closed","ping_status":"open","sticky":false,"template":"","format":"standard","meta":{"ep_exclude_from_search":false,"p4_og_title":"","p4_og_description":"","p4_og_image":"","p4_og_image_id":"","p4_seo_canonical_url":"","p4_campaign_name":"","p4_local_project":"","p4_basket_name":"","p4_department":"","footnotes":""},"categories":[3],"tags":[26],"p4-page-type":[14],"class_list":["post-35248","post","type-post","status-publish","format-standard","has-post-thumbnail","hentry","category-przyroda","tag-ochrona-przyrody","p4-page-type-aktualnosci"],"_links":{"self":[{"href":"https:\/\/www.greenpeace.org\/poland\/wp-json\/wp\/v2\/posts\/35248","targetHints":{"allow":["GET"]}}],"collection":[{"href":"https:\/\/www.greenpeace.org\/poland\/wp-json\/wp\/v2\/posts"}],"about":[{"href":"https:\/\/www.greenpeace.org\/poland\/wp-json\/wp\/v2\/types\/post"}],"author":[{"embeddable":true,"href":"https:\/\/www.greenpeace.org\/poland\/wp-json\/wp\/v2\/users\/37"}],"replies":[{"embeddable":true,"href":"https:\/\/www.greenpeace.org\/poland\/wp-json\/wp\/v2\/comments?post=35248"}],"version-history":[{"count":2,"href":"https:\/\/www.greenpeace.org\/poland\/wp-json\/wp\/v2\/posts\/35248\/revisions"}],"predecessor-version":[{"id":35274,"href":"https:\/\/www.greenpeace.org\/poland\/wp-json\/wp\/v2\/posts\/35248\/revisions\/35274"}],"wp:featuredmedia":[{"embeddable":true,"href":"https:\/\/www.greenpeace.org\/poland\/wp-json\/wp\/v2\/media\/33756"}],"wp:attachment":[{"href":"https:\/\/www.greenpeace.org\/poland\/wp-json\/wp\/v2\/media?parent=35248"}],"wp:term":[{"taxonomy":"category","embeddable":true,"href":"https:\/\/www.greenpeace.org\/poland\/wp-json\/wp\/v2\/categories?post=35248"},{"taxonomy":"post_tag","embeddable":true,"href":"https:\/\/www.greenpeace.org\/poland\/wp-json\/wp\/v2\/tags?post=35248"},{"taxonomy":"p4-page-type","embeddable":true,"href":"https:\/\/www.greenpeace.org\/poland\/wp-json\/wp\/v2\/p4-page-type?post=35248"}],"curies":[{"name":"wp","href":"https:\/\/api.w.org\/{rel}","templated":true}]}}