{"id":35590,"date":"2024-11-07T14:53:52","date_gmt":"2024-11-07T12:53:52","guid":{"rendered":"https:\/\/www.greenpeace.org\/poland\/?p=35590"},"modified":"2025-07-07T17:05:51","modified_gmt":"2025-07-07T15:05:51","slug":"poruszajace-zdjecia-ilustruja-cofanie-sie-lodowcow-w-arktyce-w-ciagu-ostatniego-stulecia","status":"publish","type":"post","link":"https:\/\/www.greenpeace.org\/poland\/aktualnosci\/35590\/poruszajace-zdjecia-ilustruja-cofanie-sie-lodowcow-w-arktyce-w-ciagu-ostatniego-stulecia\/","title":{"rendered":"Poruszaj\u0105ce zdj\u0119cia ilustruj\u0105 cofanie si\u0119 lodowc\u00f3w w Arktyce w ci\u0105gu ostatniego stulecia"},"content":{"rendered":"\n<figure class=\"wp-block-image size-large\"><img loading=\"lazy\" decoding=\"async\" width=\"1024\" height=\"685\" src=\"https:\/\/www.greenpeace.org\/static\/planet4-poland-stateless\/2024\/11\/47e58771-arctic1-1024x685.jpg\" alt=\"\" class=\"wp-image-35591\" srcset=\"https:\/\/www.greenpeace.org\/static\/planet4-poland-stateless\/2024\/11\/47e58771-arctic1-1024x685.jpg 1024w, https:\/\/www.greenpeace.org\/static\/planet4-poland-stateless\/2024\/11\/47e58771-arctic1-500x335.jpg 500w, https:\/\/www.greenpeace.org\/static\/planet4-poland-stateless\/2024\/11\/47e58771-arctic1-768x514.jpg 768w, https:\/\/www.greenpeace.org\/static\/planet4-poland-stateless\/2024\/11\/47e58771-arctic1-508x340.jpg 508w, https:\/\/www.greenpeace.org\/static\/planet4-poland-stateless\/2024\/11\/47e58771-arctic1.jpg 1200w\" sizes=\"auto, (max-width: 1024px) 100vw, 1024px\" \/><figcaption class=\"wp-element-caption\">Lodowce Kongsvegen i Pedersenbreen \u0142\u0105cz\u0105ce si\u0119 i otaczaj\u0105ce g\u00f3r\u0119 Nielsenfjellet w okolicach Ny \u00c5lesund na Svalbardzie.<br>G\u00f3ra: Zdj\u0119cie z archiwum Norweskiego Instytutu Polarnego, zrobione w 1967 roku. D\u00f3\u0142: Zdj\u0119cie zrobione 24 sierpnia 2024 roku.<br>Zdj\u0119cie referencyjne Norweskiego Instytutu Polarnego: NP051260 \u00a9 Christian \u00c5slund \/ Norweski Instytut Polarny \/ Greenpeace<\/figcaption><\/figure>\n\n<p>Fotograf Christian \u00c5slund, cz\u0119sto robi\u0105cy zdj\u0119cia dla Greenpeace, od 2002 roku prowadzi badania wizualne lodowc\u00f3w na Svalbardzie w Arktyce i dokumentuje ich cofanie si\u0119 w czasie. Ta praca zestawia aktualne obrazy ze zdj\u0119ciami archiwalnymi z Norweskiego Instytutu Polarnego pochodz\u0105cymi z pocz\u0105tku XX wieku.<\/p>\n\n<p>Na pocz\u0105tku tego roku Christian wsiad\u0142 na pok\u0142ad statku Greenpeace The Witness, aby powr\u00f3ci\u0107 do Arktyki i ponownie odwiedzi\u0107 niekt\u00f3re lodowce, kt\u00f3re po raz pierwszy uchwyci\u0142 w 2002 r.<\/p>\n\n<p>Jak powiedzia\u0142 Christian:<\/p>\n\n<p class=\"has-grey-900-color has-action-yellow-background-color has-text-color has-background has-link-color wp-elements-c55f103ce65c5c7ee3af87a6604b2ded\">\u201eW przypadku wielu lodowc\u00f3w, kt\u00f3re fotografowa\u0142em w ramach tej serii, widzieli\u015bmy t\u0119 sam\u0105 histori\u0119 \u2013 <strong>ca\u0142kowicie znikn\u0119\u0142y lodowe \u015bciany, a lodowce cofn\u0119\u0142y si\u0119, czasem ca\u0142kowicie znikaj\u0105c. <\/strong>Pokazuj\u0105 one, jak szybko nasza planeta si\u0119 zmienia w miar\u0119 pog\u0142\u0119biania si\u0119 kryzysu klimatycznego. <strong>Arktyka jest stra\u017cnikiem klimatu \u2013 to tam kryzysy klimatyczny i oceaniczny zbiegaj\u0105 si\u0119<\/strong>, a skutki tych kryzys\u00f3w s\u0105 widoczne jako pierwsze i s\u0105 najbardziej dotkliwie odczuwalne \u201d.<\/p>\n\n<figure class=\"wp-block-image size-large\"><img loading=\"lazy\" decoding=\"async\" width=\"1024\" height=\"678\" src=\"https:\/\/www.greenpeace.org\/static\/planet4-poland-stateless\/2024\/11\/9bf6d4a1-arctic2-1024x678.jpg\" alt=\"\" class=\"wp-image-35592\" srcset=\"https:\/\/www.greenpeace.org\/static\/planet4-poland-stateless\/2024\/11\/9bf6d4a1-arctic2-1024x678.jpg 1024w, https:\/\/www.greenpeace.org\/static\/planet4-poland-stateless\/2024\/11\/9bf6d4a1-arctic2-500x331.jpg 500w, https:\/\/www.greenpeace.org\/static\/planet4-poland-stateless\/2024\/11\/9bf6d4a1-arctic2-768x509.jpg 768w, https:\/\/www.greenpeace.org\/static\/planet4-poland-stateless\/2024\/11\/9bf6d4a1-arctic2-510x338.jpg 510w, https:\/\/www.greenpeace.org\/static\/planet4-poland-stateless\/2024\/11\/9bf6d4a1-arctic2.jpg 1200w\" sizes=\"auto, (max-width: 1024px) 100vw, 1024px\" \/><figcaption class=\"wp-element-caption\">Po lewej: Archiwalne zdj\u0119cie podczas wyprawy badawczej w 1966 r., z lodowcem Blomstrandbreen widocznym w tle. <br>Po prawej: Zdj\u0119cie zrobione w tym samym miejscu przez fotografa Christiana Aslunda, z cz\u0142onkiem za\u0142ogi Greenpeace na pierwszym planie. 23 sierpnia 2024 r. \u00a9 Christian \u00c5slund \/ Norwegian Polar Institute \/ Greenpeace<\/figcaption><\/figure>\n\n<p>W 2002 r. dokumentacja s\u0142ynnego lodowca Blomstrandbreen wykaza\u0142a, \u017ce \u200b\u200blodowiec cofn\u0105\u0142 si\u0119 o prawie 2 km od 1928 r., a tempo jego znikania przyspieszy\u0142o o 35 metr\u00f3w rocznie od 1960 r., a w ci\u0105gu ostatniej dekady by\u0142o jeszcze wy\u017csze. Wstrz\u0105saj\u0105ce obrazy z tamtego okresu ilustruj\u0105 jedynie przera\u017caj\u0105cy stopie\u0144, w jakim lodowce Arktyki cofn\u0119\u0142y si\u0119 w ci\u0105gu ostatniego stulecia.<\/p>\n\n<figure class=\"wp-block-image aligncenter size-full\"><img loading=\"lazy\" decoding=\"async\" width=\"616\" height=\"1200\" src=\"https:\/\/www.greenpeace.org\/static\/planet4-poland-stateless\/2024\/11\/ed6f383c-arctic3.jpg\" alt=\"\" class=\"wp-image-35593\" srcset=\"https:\/\/www.greenpeace.org\/static\/planet4-poland-stateless\/2024\/11\/ed6f383c-arctic3.jpg 616w, https:\/\/www.greenpeace.org\/static\/planet4-poland-stateless\/2024\/11\/ed6f383c-arctic3-257x500.jpg 257w, https:\/\/www.greenpeace.org\/static\/planet4-poland-stateless\/2024\/11\/ed6f383c-arctic3-526x1024.jpg 526w, https:\/\/www.greenpeace.org\/static\/planet4-poland-stateless\/2024\/11\/ed6f383c-arctic3-175x340.jpg 175w\" sizes=\"auto, (max-width: 616px) 100vw, 616px\" \/><figcaption class=\"wp-element-caption\">G\u00f3ra: Historyczne zdj\u0119cie z archiwum Norweskiego Instytutu Polarnego z roku 1939.<br>\u015arodek: zrobione z tej samej pozycji z cz\u0142onkiem za\u0142ogi Greenpeace na pierwszym planie w 2002 roku.<br>D\u00f3\u0142: zrobione z tej samej pozycji z cz\u0142onkiem za\u0142ogi Greenpeace na pierwszym planie 24 sierpnia 2024 r. \u00a9 Christian \u00c5slund \/ Norweski Instytut Polarny \/ Greenpeace<\/figcaption><\/figure>\n\n<p>Szybkie ocieplanie si\u0119 Arktyki ma powa\u017cne globalne konsekwencje. Topnienie lodowc\u00f3w i pokryw lodowych przyczynia si\u0119 do wzrostu poziomu m\u00f3rz, podczas gdy utrata lodu morskiego ods\u0142ania ocean, kt\u00f3ry poch\u0142ania ciep\u0142o zamiast je odbija\u0107, co prowadzi do og\u00f3lno\u015bwiatowych zmian wzorc\u00f3w pogodowych. Kryzysy klimatyczny i oceaniczny s\u0105 g\u0142\u0119boko ze sob\u0105 powi\u0105zane; w miar\u0119 nasilania si\u0119 kryzysu klimatycznego zdolno\u015b\u0107 oceanu do \u0142agodzenia jego najpowa\u017cniejszych skutk\u00f3w, wspierania spo\u0142eczno\u015bci przybrze\u017cnych i podtrzymywania ekosystem\u00f3w morskich jest os\u0142abiana na niespotykan\u0105 dot\u0105d skal\u0119.<\/p>\n\n<figure class=\"wp-block-image aligncenter size-large\"><img loading=\"lazy\" decoding=\"async\" width=\"832\" height=\"1024\" src=\"https:\/\/www.greenpeace.org\/static\/planet4-poland-stateless\/2024\/11\/30c1004e-arctic4-832x1024.jpg\" alt=\"\" class=\"wp-image-35594\" srcset=\"https:\/\/www.greenpeace.org\/static\/planet4-poland-stateless\/2024\/11\/30c1004e-arctic4-832x1024.jpg 832w, https:\/\/www.greenpeace.org\/static\/planet4-poland-stateless\/2024\/11\/30c1004e-arctic4-406x500.jpg 406w, https:\/\/www.greenpeace.org\/static\/planet4-poland-stateless\/2024\/11\/30c1004e-arctic4-768x945.jpg 768w, https:\/\/www.greenpeace.org\/static\/planet4-poland-stateless\/2024\/11\/30c1004e-arctic4-276x340.jpg 276w, https:\/\/www.greenpeace.org\/static\/planet4-poland-stateless\/2024\/11\/30c1004e-arctic4.jpg 975w\" sizes=\"auto, (max-width: 832px) 100vw, 832px\" \/><figcaption class=\"wp-element-caption\">G\u00f3ra: Historyczne zdj\u0119cie z 1928 r. z Norweskiego Instytutu Polarnego, przedstawiaj\u0105ce lodowiec Kongsbreen.<br>D\u00f3\u0142: zrobione z tej samej pozycji 2024 r. \u00a9 Christian \u00c5slund \/ Norweski Instytut Polarny \/ Greenpeace<\/figcaption><\/figure>\n\n<p>Ochrona klimatu i ochrona ocean\u00f3w s\u0105 konieczne.  Greenpeace wzywa rz\u0105dy do ratyfikacji Traktatu o oceanach ONZ do czerwca 2025 r., aby zainicjowa\u0107 tworzenie rezerwat\u00f3w na pe\u0142nym morzu na co najmniej 30% powierzchni \u015bwiatowych ocean\u00f3w do 2030 r.<\/p>\n\n<p>Wesprzyj nasze dzia\u0142ania na rzecz ocean\u00f3w, adoptuj\u0105c swoje ulubione morskie stworzenie:<\/p>\n\t\t\t<section\n\t\t\tclass=\"boxout  \"\n\t\t\t\n\t\t>\n\t\t\t<a\n\t\t\t\tdata-ga-category=\"Take Action Boxout\"\n\t\t\t\tdata-ga-action=\"Image\"\n\t\t\t\tdata-ga-label=\"n\/a\"\n\t\t\t\tclass=\"cover-card-overlay\"\n\t\t\t\thref=\"https:\/\/gdziejestzoska.pl\/?fundraiser=ggpl_arctic\" target=\"_blank\"\n\t\t\t><\/a>\n\t\t\t\t\t\t\t<img\n\t\t\t\t\t\tsrc=\"https:\/\/www.greenpeace.org\/static\/planet4-poland-stateless\/2024\/11\/3bbd717f-arctic-header.png\"\n\t\t\t\t\t\tsrcset=\"https:\/\/www.greenpeace.org\/static\/planet4-poland-stateless\/2024\/11\/3bbd717f-arctic-header-500x250.png 500w, https:\/\/www.greenpeace.org\/static\/planet4-poland-stateless\/2024\/11\/3bbd717f-arctic-header-768x384.png 768w, https:\/\/www.greenpeace.org\/static\/planet4-poland-stateless\/2024\/11\/3bbd717f-arctic-header-510x255.png 510w, https:\/\/www.greenpeace.org\/static\/planet4-poland-stateless\/2024\/11\/3bbd717f-arctic-header.png 800w\"\n\t\t\t\t\t\tsizes=\"(min-width: 1000px) 358px, (min-width: 780px) 313px, 88px\"\n\t\t\t\t\t\talt=\"\" title=\"\"\n\t\t\t\t\/>\n            \t\t\t<div class=\"boxout-content\">\n\t\t\t\t\t\t\t\t\t<a\n\t\t\t\t\t\tclass=\"boxout-heading medium\"\n\t\t\t\t\t\tdata-ga-category=\"Take Action Boxout\"\n\t\t\t\t\t\tdata-ga-action=\"Title\"\n\t\t\t\t\t\tdata-ga-label=\"n\/a\"\n\t\t\t\t\t\thref=\"https:\/\/gdziejestzoska.pl\/?fundraiser=ggpl_arctic\"\n\t\t\t\t\t\ttarget=\"_blank\"\n\t\t\t\t\t>\n\t\t\t\t\t\tAdoptuj arktyczne zwierz\u0119 i chro\u0144 z nami oceany!\n\t\t\t\t\t<\/a>\n\t\t\t\t\t\t\t\t\t\t\t\t\t<p class=\"boxout-excerpt\">Do\u0142\u0105cz do akcji <em>Gdzie jest Zo\u015bka?<\/em><\/p>\n\t\t\t\t                                    <a\n                        class=\"btn btn-primary\"\n                        data-ga-category=\"Take Action Boxout\"\n                        data-ga-action=\"Call to Action\"\n                        data-ga-label=\"n\/a\"\n                        href=\"https:\/\/gdziejestzoska.pl\/?fundraiser=ggpl_arctic\"\n                        target=\"_blank\"\n                    >\n                        Adoptuj\u0119!\n                    <\/a>\n                \t\t\t<\/div>\n\t\t\t\t\t<\/section>\n\t\n<p><\/p>\n","protected":false},"excerpt":{"rendered":"<p>Praca fotografa Christiana Aslunda zestawia aktualne obrazy arktycznych lodowc\u00f3w ze zdj\u0119ciami archiwalnymi z Norweskiego Instytutu Polarnego pochodz\u0105cymi z pocz\u0105tku XX wieku, ukazuj\u0105c dramatyczne tempo znikania arktycznego lodu.<\/p>\n","protected":false},"author":25,"featured_media":35592,"comment_status":"closed","ping_status":"open","sticky":false,"template":"","format":"standard","meta":{"ep_exclude_from_search":false,"p4_og_title":"","p4_og_description":"","p4_og_image":"","p4_og_image_id":"","p4_seo_canonical_url":"","p4_campaign_name":"","p4_local_project":"","p4_basket_name":"","p4_department":"","footnotes":""},"categories":[2,3],"tags":[32,20,6],"p4-page-type":[14],"class_list":["post-35590","post","type-post","status-publish","format-standard","has-post-thumbnail","hentry","category-klimat-energia","category-przyroda","tag-arktyka","tag-morza","tag-klimat","p4-page-type-aktualnosci"],"_links":{"self":[{"href":"https:\/\/www.greenpeace.org\/poland\/wp-json\/wp\/v2\/posts\/35590","targetHints":{"allow":["GET"]}}],"collection":[{"href":"https:\/\/www.greenpeace.org\/poland\/wp-json\/wp\/v2\/posts"}],"about":[{"href":"https:\/\/www.greenpeace.org\/poland\/wp-json\/wp\/v2\/types\/post"}],"author":[{"embeddable":true,"href":"https:\/\/www.greenpeace.org\/poland\/wp-json\/wp\/v2\/users\/25"}],"replies":[{"embeddable":true,"href":"https:\/\/www.greenpeace.org\/poland\/wp-json\/wp\/v2\/comments?post=35590"}],"version-history":[{"count":13,"href":"https:\/\/www.greenpeace.org\/poland\/wp-json\/wp\/v2\/posts\/35590\/revisions"}],"predecessor-version":[{"id":37312,"href":"https:\/\/www.greenpeace.org\/poland\/wp-json\/wp\/v2\/posts\/35590\/revisions\/37312"}],"wp:featuredmedia":[{"embeddable":true,"href":"https:\/\/www.greenpeace.org\/poland\/wp-json\/wp\/v2\/media\/35592"}],"wp:attachment":[{"href":"https:\/\/www.greenpeace.org\/poland\/wp-json\/wp\/v2\/media?parent=35590"}],"wp:term":[{"taxonomy":"category","embeddable":true,"href":"https:\/\/www.greenpeace.org\/poland\/wp-json\/wp\/v2\/categories?post=35590"},{"taxonomy":"post_tag","embeddable":true,"href":"https:\/\/www.greenpeace.org\/poland\/wp-json\/wp\/v2\/tags?post=35590"},{"taxonomy":"p4-page-type","embeddable":true,"href":"https:\/\/www.greenpeace.org\/poland\/wp-json\/wp\/v2\/p4-page-type?post=35590"}],"curies":[{"name":"wp","href":"https:\/\/api.w.org\/{rel}","templated":true}]}}