{"id":35646,"date":"2024-11-19T13:16:02","date_gmt":"2024-11-19T11:16:02","guid":{"rendered":"https:\/\/www.greenpeace.org\/poland\/?p=35646"},"modified":"2024-11-19T13:17:19","modified_gmt":"2024-11-19T11:17:19","slug":"wegiel-i-gaz-czyli-nowy-plan-energetyczny-rzadu","status":"publish","type":"post","link":"https:\/\/www.greenpeace.org\/poland\/aktualnosci\/35646\/wegiel-i-gaz-czyli-nowy-plan-energetyczny-rzadu\/","title":{"rendered":"W\u0119giel i gaz, czyli nowy plan energetyczny rz\u0105du"},"content":{"rendered":"\n<h2 class=\"wp-block-heading\"><strong>Nowy plan energetyczno-klimatyczny rz\u0105du zdecydowanie za mocno stawia na w\u0119giel i gaz, a za ma\u0142o na odnawialne \u017ar\u00f3d\u0142a energii. Rz\u0105d Donalda Tuska udaje, \u017ce nie widzi upadku g\u00f3rnictwa, kt\u00f3re tylko w tym i przysz\u0142ym roku otrzyma 18 miliard\u00f3w z\u0142otych nielegalnej pomocy publicznej. Plany energetyczne rz\u0105du nale\u017cy urealni\u0107 i przyspieszy\u0107 budow\u0119 wiatrak\u00f3w i innych OZE.\u00a0<\/strong><\/h2>\n\n<figure class=\"wp-block-image size-large\"><img loading=\"lazy\" decoding=\"async\" width=\"1024\" height=\"683\" src=\"https:\/\/www.greenpeace.org\/static\/planet4-poland-stateless\/2024\/09\/16028148-dsc04558-1024x683.jpg\" alt=\"\" class=\"wp-image-35298\" srcset=\"https:\/\/www.greenpeace.org\/static\/planet4-poland-stateless\/2024\/09\/16028148-dsc04558-1024x683.jpg 1024w, https:\/\/www.greenpeace.org\/static\/planet4-poland-stateless\/2024\/09\/16028148-dsc04558-500x333.jpg 500w, https:\/\/www.greenpeace.org\/static\/planet4-poland-stateless\/2024\/09\/16028148-dsc04558-768x512.jpg 768w, https:\/\/www.greenpeace.org\/static\/planet4-poland-stateless\/2024\/09\/16028148-dsc04558-1536x1024.jpg 1536w, https:\/\/www.greenpeace.org\/static\/planet4-poland-stateless\/2024\/09\/16028148-dsc04558-2048x1366.jpg 2048w, https:\/\/www.greenpeace.org\/static\/planet4-poland-stateless\/2024\/09\/16028148-dsc04558-510x340.jpg 510w\" sizes=\"auto, (max-width: 1024px) 100vw, 1024px\" \/><\/figure>\n\n<p>\u2014 Projekt aktualizacji Krajowego Planu na rzecz Energii i Klimatu to kolejna strategia pod tytu\u0142em \u201echowamy g\u0142ow\u0119 w piasek i mamy nadziej\u0119, \u017ce problem sam zniknie&#8221;. Jak rz\u0105d chce wypracowa\u0107 rozs\u0105dn\u0105 polityk\u0119 energetyczn\u0105 Polski, skoro kluczowy dokument pomija fakt, \u017ce g\u00f3rnictwo upada i dzia\u0142a ju\u017c tylko dzi\u0119ki wielomiliardowym kropl\u00f3wkom? W samym 2023 roku wydobycie w\u0119gla kamiennego spad\u0142o o 10 proc., a zatrudnienie wzros\u0142o. Bal na Titanicu trwa w najlepsze \u2014 m\u00f3wi Marek J\u00f3zefiak, rzecznik i ekspert ds. polityki ekologicznej Greenpeace Polska.<\/p>\n\n<p>Krajowy Plan na rzecz Energii i Klimatu wyznacza kierunek i tempo transformacji energetycznej Polski. Greenpeace z\u0142o\u017cy\u0142 uwagi w ramach konsultacji publicznych jego aktualizacji, kt\u00f3re trwa\u0142y do pi\u0105tku 15 listopada.<\/p>\n\n<p>\u2014 Zar\u00f3wno kierunek jak i tempo zmian w energetyce zaproponowane w Planie s\u0105 dyskusyjne. Rz\u0105d zdecydowanie przeszacowuje przysz\u0142\u0105 produkcj\u0119 pr\u0105du z elektrowni w\u0119glowych i nie doszacowuje potencja\u0142u odnawialnych \u017ar\u00f3de\u0142 energii. Rz\u0105dz\u0105cy powinni za\u0142o\u017cy\u0107, \u017ce ostatnie elektrownie w\u0119glowe zamkn\u0105 si\u0119 najp\u00f3\u017aniej do 2035 roku. Do tego czasu powinni\u015bmy je zast\u0105pi\u0107 zielon\u0105 energi\u0105 \u2014 g\u0142\u00f3wnie wiatrakami na l\u0105dzie i morzu, fotowoltaik\u0105, biogazem i magazynami energii. W planie jest wiele punkt\u00f3w, kt\u00f3re s\u0105 zupe\u0142nie nielogiczne \u2014 jak cho\u0107by za\u0142o\u017cenie, \u017ce tempo rozwoju elektrowni wiatrowych na l\u0105dzie spadnie po 2030 roku. Dost\u0119pne na rynku ekspertyzy pokazuj\u0105, \u017ce wiatraki b\u0119d\u0105 si\u0119 nadal szybko rozwija\u0107, wszak to \u017ar\u00f3d\u0142o taniej energii. Takie wzi\u0119te z sufitu zapisy s\u0105 bardzo szkodliwe, bo powoduj\u0105, \u017ce nie jeste\u015bmy w stanie realistycznie planowa\u0107 inwestycji w energetyce \u2014 m\u00f3wi Miko\u0142aj Gumulski, koordynator kampanii klimatycznych w Greenpeace.&nbsp;&nbsp;&nbsp;&nbsp;&nbsp;&nbsp;&nbsp;&nbsp;&nbsp;&nbsp;&nbsp;&nbsp;<\/p>\n\n<p>\u2014 Jedn\u0105 z wi\u0119kszych bol\u0105czek rz\u0105dowego projektu jest zbyt mocne stawianie na gaz, kt\u00f3ry&nbsp; b\u0142\u0119dnie nazwano paliwem niskoemisyjnym. Nowe badania naukowe pokazuj\u0105, \u017ce gaz \u2014 w zale\u017cno\u015bci od sposobu i miejsca wydobycia \u2014 potrafi mie\u0107 wi\u0119ksze emisje gaz\u00f3w cieplarnianych ni\u017c w\u0119giel. Co gorsza, gaz jest paliwem drogim i musimy go sprowadza\u0107 z ca\u0142ego \u015bwiata. Nie zbudujemy na nim bezpiecze\u0144stwa energetycznego Polski. Traktowanie gazu jako paliwa przej\u015bciowego jest archaicznym podej\u015bciem. W samym planie wida\u0107 oznaki otrze\u017awienia, bo zwr\u00f3cono uwag\u0119, \u017ce wielkie inwestycje gazowe jak terminal FSRU czy wielkie elektrownie mog\u0105 si\u0119 sko\u0144czy\u0107 pot\u0119\u017cnymi kosztami, kt\u00f3re b\u0119dziemy musieli \u201euspo\u0142eczni\u0107\u201d, czyli przerzuci\u0107 na nas wszystkich. To przepis na wysokie rachunki za pr\u0105d \u2014 dodaje Anna Meres, koordynatorka kampanii klimatycznych w Greenpeace.<\/p>\n\n<p>Zgodnie z unijnym prawem pa\u0144stwa cz\u0142onkowskie Unii Europejskiej musz\u0105 co pi\u0119\u0107 lat aktualizowa\u0107 swoje Krajowe Plany na rzecz Energii i Klimatu. Termin do aktualizacji min\u0105\u0142 w czerwcu. W czwartek 14 listopada Komisja Europejska uruchomi\u0142a wobec polskiego rz\u0105du i rz\u0105d\u00f3w 12 innych kraj\u00f3w UE procedur\u0119 naruszeniow\u0105.<\/p>\n\n<p><\/p>\n\n<p>Uwagi do aktualizacji KPEiK z\u0142o\u017cone przez Fundacj\u0119 Greenpeace Polska mo\u017cna znale\u017a\u0107 <a href=\"https:\/\/drive.google.com\/drive\/folders\/1aHDRlNzDu3vSf9G62zAL5ZAjsAYBPSwo?usp=sharing\">tutaj<\/a>. <\/p>\n","protected":false},"excerpt":{"rendered":"<p>\u2014 Projekt aktualizacji Krajowego Planu na rzecz Energii i Klimatu to kolejna strategia pod tytu\u0142em \u201echowamy g\u0142ow\u0119 w piasek i mamy nadziej\u0119, \u017ce problem sam zniknie&#8221;. Jak rz\u0105d chce wypracowa\u0107&hellip;<\/p>\n","protected":false},"author":37,"featured_media":35298,"comment_status":"closed","ping_status":"open","sticky":false,"template":"","format":"standard","meta":{"ep_exclude_from_search":false,"p4_og_title":"","p4_og_description":"","p4_og_image":"","p4_og_image_id":"","p4_seo_canonical_url":"","p4_campaign_name":"","p4_local_project":"","p4_basket_name":"","p4_department":"","footnotes":""},"categories":[2],"tags":[106,25,18,7],"p4-page-type":[14],"class_list":["post-35646","post","type-post","status-publish","format-standard","has-post-thumbnail","hentry","category-klimat-energia","tag-gaz","tag-paliwakopalne","tag-wegiel","tag-czysta-energia","p4-page-type-aktualnosci"],"_links":{"self":[{"href":"https:\/\/www.greenpeace.org\/poland\/wp-json\/wp\/v2\/posts\/35646","targetHints":{"allow":["GET"]}}],"collection":[{"href":"https:\/\/www.greenpeace.org\/poland\/wp-json\/wp\/v2\/posts"}],"about":[{"href":"https:\/\/www.greenpeace.org\/poland\/wp-json\/wp\/v2\/types\/post"}],"author":[{"embeddable":true,"href":"https:\/\/www.greenpeace.org\/poland\/wp-json\/wp\/v2\/users\/37"}],"replies":[{"embeddable":true,"href":"https:\/\/www.greenpeace.org\/poland\/wp-json\/wp\/v2\/comments?post=35646"}],"version-history":[{"count":1,"href":"https:\/\/www.greenpeace.org\/poland\/wp-json\/wp\/v2\/posts\/35646\/revisions"}],"predecessor-version":[{"id":35647,"href":"https:\/\/www.greenpeace.org\/poland\/wp-json\/wp\/v2\/posts\/35646\/revisions\/35647"}],"wp:featuredmedia":[{"embeddable":true,"href":"https:\/\/www.greenpeace.org\/poland\/wp-json\/wp\/v2\/media\/35298"}],"wp:attachment":[{"href":"https:\/\/www.greenpeace.org\/poland\/wp-json\/wp\/v2\/media?parent=35646"}],"wp:term":[{"taxonomy":"category","embeddable":true,"href":"https:\/\/www.greenpeace.org\/poland\/wp-json\/wp\/v2\/categories?post=35646"},{"taxonomy":"post_tag","embeddable":true,"href":"https:\/\/www.greenpeace.org\/poland\/wp-json\/wp\/v2\/tags?post=35646"},{"taxonomy":"p4-page-type","embeddable":true,"href":"https:\/\/www.greenpeace.org\/poland\/wp-json\/wp\/v2\/p4-page-type?post=35646"}],"curies":[{"name":"wp","href":"https:\/\/api.w.org\/{rel}","templated":true}]}}