{"id":35663,"date":"2024-11-25T14:51:12","date_gmt":"2024-11-25T12:51:12","guid":{"rendered":"https:\/\/www.greenpeace.org\/poland\/?p=35663"},"modified":"2024-11-28T13:03:19","modified_gmt":"2024-11-28T11:03:19","slug":"wilki-w-niebezpieczenstwie-organizacje-apeluja-do-rzadu-o-zachowanie-ochrony-scislej-tego-gatunku","status":"publish","type":"post","link":"https:\/\/www.greenpeace.org\/poland\/aktualnosci\/35663\/wilki-w-niebezpieczenstwie-organizacje-apeluja-do-rzadu-o-zachowanie-ochrony-scislej-tego-gatunku\/","title":{"rendered":"Wilki w niebezpiecze\u0144stwie. Organizacje apeluj\u0105 do rz\u0105du o zachowanie ochrony \u015bcis\u0142ej tego gatunku"},"content":{"rendered":"\n<p><strong>25 listopada przedstawicielki i przedstawiciele 77<\/strong><strong> <\/strong><strong>organizacji przyrodniczych z\u0142o\u017cyli w Kancelarii Prezesa Rady Ministr\u00f3w i w Ministerstwie Klimatu i \u015arodowiska apel o piln\u0105 rewizj\u0119 stanowiska polskiego rz\u0105du w sprawie os\u0142abienia ochrony wilka w prawie mi\u0119dzynarodowym. Organizacje domagaj\u0105 si\u0119 deklaracji, \u017ce wilk pozostanie \u015bci\u015ble chronionym gatunkiem w polskim prawie.<\/strong><\/p>\n\n<p>26 wrze\u015bnia 2024 roku Rada Unii Europejskiej opowiedzia\u0142a si\u0119 za os\u0142abieniem ochrony wilka w Konwencji Berne\u0144skiej \u2013 r\u00f3wnie\u017c za spraw\u0105 polskiego rz\u0105du, kt\u00f3ry popar\u0142 kontrowersyjn\u0105 propozycj\u0119 Komisji Europejskiej. Przeniesienie wilka z gatunk\u00f3w \u015bci\u015ble chronionych (za\u0142\u0105cznik II Konwencji) do gatunk\u00f3w chronionych (za\u0142\u0105cznik III) u\u0142atwi przeprowadzanie odstrza\u0142\u00f3w redukcyjnych tego drapie\u017cnika w wielu krajach Europy.<\/p>\n\n<p>G\u0142osowanie Sta\u0142ego Komitetu Konwencji Berne\u0144skiej odb\u0119dzie si\u0119 ju\u017c na pocz\u0105tku grudnia tego roku. Unia Europejska ma mandat, by g\u0142osowa\u0107 w imieniu pa\u0144stw cz\u0142onkowskich, a te stanowi\u0105 ponad 50% stron Konwencji. Wprowadzenie zmiany wymaga 2\/3 g\u0142os\u00f3w za i jest bardzo prawdopodobne.&nbsp;<\/p>\n\n<p><em>Je\u015bli zmiana statusu wilka w Konwencji Berne\u0144skiej zostanie zatwierdzona, po 3 miesi\u0105cach wejdzie w \u017cycie. Nast\u0119pnie Komisja Europejska b\u0119dzie chcia\u0142a doprowadzi\u0107 do analogicznej zmiany przepis\u00f3w unijnych, czyli Dyrektywy Siedliskowej. Oczekujemy, \u017ce politycy naszej koalicji rz\u0105dz\u0105cej przypomn\u0105 sobie o przedwyborczych deklaracjach, w my\u015bl kt\u00f3rych ochrona przyrody mia\u0142a by\u0107 jednym z priorytet\u00f3w obecnej kadencji.<\/em> \u2013 m\u00f3wi Marta Klimkiewicz z Fundacji ClientEarth Prawnicy dla Ziemi<\/p>\n\n<p><em>Obni\u017cenie statusu ochronnego wilka w Dyrektywie Siedliskowej mo\u017ce otworzy\u0107 drog\u0119 do os\u0142abienia ochrony innych cennych gatunk\u00f3w, np. rysia i nied\u017awiedzia. \u015arodowiska my\u015bliwskie w Polsce i Europie formu\u0142owa\u0142y ju\u017c takie oczekiwania. Prezes Europejskiej Federacji \u0141owiectwa deklarowa\u0142, \u017ce zniesienie ochrony wilka b\u0119dzie pierwszym zwyci\u0119stwem ich kampanii. Podkre\u015blamy w naszym apelu, by politycy ws\u0142uchiwali si\u0119 w g\u0142os naukowc\u00f3w, nie my\u015bliwych. Skutki populizmu b\u0119d\u0105 tragiczne dla bior\u00f3\u017cnorodno\u015bci <\/em>&#8211; dodaje Marta Ka\u017amierczak, Stowarzyszenie Pracownia na rzecz Wszystkich Istot.<\/p>\n\n<p>Owszem, populacje wilk\u00f3w rosn\u0105 dzi\u0119ki \u015bcis\u0142ej ochronie, jednak s\u0105 wci\u0105\u017c dalekie od uzyskania odpowiedniego statusu ochrony. Najnowsza<a href=\"https:\/\/www.iucnredlist.org\/species\/3746\/144226239\"> ocena IUCN<\/a> okre\u015bla status 6 z 9 transgranicznych populacji wilk\u00f3w w UE jako wra\u017cliwy lub prawie zagro\u017cony. Wilki odgrywaj\u0105 kluczow\u0105 rol\u0119 w utrzymaniu zdrowych ekosystem\u00f3w i r\u00f3\u017cnorodno\u015bci biologicznej, a ich obecno\u015b\u0107 przynosi korzy\u015bci ekonomiczne.<\/p>\n\n<p>Komisja Europejska opublikowa\u0142a w grudniu 2023 roku propozycj\u0119 os\u0142abienia ochrony wilka. Spotka\u0142a si\u0119 ona z szerok\u0105 krytyk\u0105 organizacji przyrodniczych i ekspert\u00f3w jako pozbawiona podstaw naukowych, wadliwie przygotowana i motywowana politycznym oportunizmem. Europejski Rzecznik Praw Obywatelskich rozpocz\u0105\u0142 w listopadzie br. post\u0119powanie w tej sprawie.<\/p>\n\t\t\t<section\n\t\t\tclass=\"boxout post-33670  sticky-bottom-mobile collapse show\"\n\t\t\tid=\"action-card\"\n\t\t>\n\t\t\t<a\n\t\t\t\tdata-ga-category=\"Take Action Boxout\"\n\t\t\t\tdata-ga-action=\"Image\"\n\t\t\t\tdata-ga-label=\"n\/a\"\n\t\t\t\tclass=\"cover-card-overlay\"\n\t\t\t\thref=\"https:\/\/www.greenpeace.org\/poland\/dzialaj-old\/podpisz-nie-pozwolmy-strzelac-do-wilkow\/\" \n\t\t\t><\/a>\n\t\t\t\t\t\t\t<img\n\t\t\t\t\t\tsrc=\"https:\/\/www.greenpeace.org\/static\/planet4-poland-stateless\/2023\/10\/3b8e4fa3-wilk_canis-lupus_c.korkosz_55801.jpg\"\n\t\t\t\t\t\tsrcset=\"https:\/\/www.greenpeace.org\/static\/planet4-poland-stateless\/2023\/10\/3b8e4fa3-wilk_canis-lupus_c.korkosz_55801-500x355.jpg 500w, https:\/\/www.greenpeace.org\/static\/planet4-poland-stateless\/2023\/10\/3b8e4fa3-wilk_canis-lupus_c.korkosz_55801-768x545.jpg 768w, https:\/\/www.greenpeace.org\/static\/planet4-poland-stateless\/2023\/10\/3b8e4fa3-wilk_canis-lupus_c.korkosz_55801-480x340.jpg 480w, https:\/\/www.greenpeace.org\/static\/planet4-poland-stateless\/2023\/10\/3b8e4fa3-wilk_canis-lupus_c.korkosz_55801.jpg 1000w\"\n\t\t\t\t\t\tsizes=\"(min-width: 1000px) 358px, (min-width: 780px) 313px, 88px\"\n\t\t\t\t\t\talt=\"\" title=\"\"\n\t\t\t\t\/>\n            \t\t\t<div class=\"boxout-content\">\n\t\t\t\t\t\t\t\t\t<a\n\t\t\t\t\t\tclass=\"boxout-heading medium\"\n\t\t\t\t\t\tdata-ga-category=\"Take Action Boxout\"\n\t\t\t\t\t\tdata-ga-action=\"Title\"\n\t\t\t\t\t\tdata-ga-label=\"n\/a\"\n\t\t\t\t\t\thref=\"https:\/\/www.greenpeace.org\/poland\/dzialaj-old\/podpisz-nie-pozwolmy-strzelac-do-wilkow\/\"\n\t\t\t\t\t\t\n\t\t\t\t\t>\n\t\t\t\t\t\tPodpisz: Nie pozw\u00f3lmy strzela\u0107 do wilk\u00f3w!\n\t\t\t\t\t<\/a>\n\t\t\t\t\t\t\t\t\t\t\t\t\t<p class=\"boxout-excerpt\">Wilki trzeba chroni\u0107! Powstrzymajmy tych, kt\u00f3rzy chcieliby do nich strzela\u0107.\n\nPodpisz si\u0119 pod apelem1<\/p>\n\t\t\t\t                                    <a\n                        class=\"btn btn-primary\"\n                        data-ga-category=\"Take Action Boxout\"\n                        data-ga-action=\"Call to Action\"\n                        data-ga-label=\"n\/a\"\n                        href=\"https:\/\/www.greenpeace.org\/poland\/dzialaj-old\/podpisz-nie-pozwolmy-strzelac-do-wilkow\/\"\n                        \n                    >\n                        Dzia\u0142aj!\n                    <\/a>\n                \t\t\t<\/div>\n\t\t\t\t\t\t\t<a\n\t\t\t\t\tclass=\"not-now\"\n\t\t\t\t\trole=\"button\"\n\t\t\t\t\tdata-bs-toggle=\"collapse\"\n\t\t\t\t\thref=\"#action-card\"\n\t\t\t\t><\/a>\n\t\t\t\t\t<\/section>\n\t\n<p>Organizacje podkre\u015blaj\u0105, \u017ce zar\u00f3wno Polska, jak i inne pa\u0144stwa cz\u0142onkowskie UE, ju\u017c teraz maj\u0105 du\u017c\u0105 elastyczno\u015b\u0107 w reagowaniu na zdarzenia z udzia\u0142em wilk\u00f3w. W okre\u015blonych sytuacjach mog\u0105 pozwala\u0107 na odst\u0119pstwa od zakaz\u00f3w dotycz\u0105cych gatunk\u00f3w chronionych &#8211; w\u0142\u0105cznie z odstrza\u0142em. Pa\u0144stwa cz\u0142onkowskie maj\u0105 do dyspozycji wachlarz narz\u0119dzi, r\u00f3wnie\u017c finansowanych ze \u015brodk\u00f3w UE, kt\u00f3re pozwalaj\u0105 skutecznie zapobiega\u0107 szkodom gospodarczym powodowanym przez wilki i w razie potrzeby wyp\u0142aca\u0107 stosowne rekompensaty.&nbsp;<\/p>\n\n<p><em>Posiadamy skuteczne i bezpieczne (dla ludzi i zwierz\u0105t) narz\u0119dzia, kt\u00f3re pozwalaj\u0105 nam na pokojow\u0105 koegzystencj\u0119. Hodowcy, kt\u00f3rzy chc\u0105 chroni\u0107 swoje stada przed atakami wilk\u00f3w, mog\u0105 zabezpiecza\u0107 pastwiska elektrycznymi ogrodzeniami <\/em>&#8211; dodaje Rafa\u0142 Rzepkowski &#8211; starszy specjalista ds. ochrony gatunk\u00f3w WWF Polska.<\/p>\n\n<p>W Polsce wilk jest obj\u0119ty ochron\u0105 \u015bcis\u0142\u0105 na mocy prawa krajowego, niezale\u017cnie od zapis\u00f3w Dyrektywy Siedliskowej i Konwencji Berne\u0144skiej. Jest to wzorowy przyk\u0142ad podej\u015bcia do ochrony przyrody na arenie mi\u0119dzynarodowej, wielkie osi\u0105gni\u0119cie i pow\u00f3d do dumy dla polskich obywateli. Przy okazji zbli\u017caj\u0105cej si\u0119 prezydencji Polski w Radzie UE nasz kraj ma wyj\u0105tkow\u0105 mo\u017cliwo\u015b\u0107 zaj\u0119cia pozycji unijnego lidera w dziedzinie ochrony du\u017cych drapie\u017cnik\u00f3w.<\/p>\n\n<p><em>Z<\/em><a href=\"https:\/\/www.eurogroupforanimals.org\/files\/eurogroupforanimals\/2023-11\/20231129_Survey%20Report%20Large%20carnivores.pdf\"><em> bada\u0144<\/em><\/a><em> jasno wynika, \u017ce a\u017c 73% Polek i Polak\u00f3w opowiada si\u0119 za \u015bcis\u0142\u0105 ochron\u0105 du\u017cych drapie\u017cnik\u00f3w. Wrze\u015bniowe poparcie dla inicjatywy os\u0142abienia ochrony wilk\u00f3w w Konwencji Berne\u0144skiej przez polski rz\u0105d, wywo\u0142a\u0142o ogromne rozczarowanie i niepok\u00f3j o polskie wilki. Oczekujemy od Premiera Donalda Tuska i Ministry Klimatu i \u015arodowiska, \u017ce wys\u0142uchaj\u0105 g\u0142osu obywateli i obywatelek &#8211; zmieni\u0105 dotychczasowe stanowisko i zapewni\u0105, \u017ce w naszym kraju \u015bcis\u0142a ochrona wilk\u00f3w zostanie utrzymana. I to niezale\u017cnie od tocz\u0105cej si\u0119 w UE pr\u00f3by zmiany prawa, kt\u00f3ra jest ogromnym zagro\u017ceniem dla stabilno\u015bci wilczej populacji w Polsce i ca\u0142ej Europie<\/em> &#8211; podsumowuje Aleksandra Wiktor, Fundacja Greenpeace Polska.<\/p>\n\n<figure class=\"wp-block-image size-large\"><img loading=\"lazy\" decoding=\"async\" width=\"1024\" height=\"681\" src=\"https:\/\/www.greenpeace.org\/static\/planet4-poland-stateless\/2024\/11\/c8b3e4bf-dsc_0395-1024x681.jpg\" alt=\"\" class=\"wp-image-35665\" srcset=\"https:\/\/www.greenpeace.org\/static\/planet4-poland-stateless\/2024\/11\/c8b3e4bf-dsc_0395-1024x681.jpg 1024w, https:\/\/www.greenpeace.org\/static\/planet4-poland-stateless\/2024\/11\/c8b3e4bf-dsc_0395-500x332.jpg 500w, https:\/\/www.greenpeace.org\/static\/planet4-poland-stateless\/2024\/11\/c8b3e4bf-dsc_0395-768x511.jpg 768w, https:\/\/www.greenpeace.org\/static\/planet4-poland-stateless\/2024\/11\/c8b3e4bf-dsc_0395-1536x1021.jpg 1536w, https:\/\/www.greenpeace.org\/static\/planet4-poland-stateless\/2024\/11\/c8b3e4bf-dsc_0395-2048x1362.jpg 2048w, https:\/\/www.greenpeace.org\/static\/planet4-poland-stateless\/2024\/11\/c8b3e4bf-dsc_0395-510x340.jpg 510w\" sizes=\"auto, (max-width: 1024px) 100vw, 1024px\" \/><figcaption class=\"wp-element-caption\">Fot. Piotr Kalata<\/figcaption><\/figure>\n\n<p><strong>Powy\u017cszy apel do rz\u0105du podpisa\u0142y m.in:<\/strong> Fundacja WWF Polska, Fundacja ClientEarth, Fundacja Greenpeace Polska, Og\u00f3lnopolskie Towarzystwo Ochrony Ptak\u00f3w, Stowarzyszenie dla Natury &#8222;Wilk&#8221;, Pracownia na rzecz Wszystkich Istot<\/p>\n\n<div data-wp-interactive=\"core\/file\" class=\"wp-block-file alignfull\"><object data-wp-bind--hidden=\"!state.hasPdfPreview\" hidden class=\"wp-block-file__embed\" data=\"https:\/\/www.greenpeace.org\/static\/planet4-poland-stateless\/2024\/11\/5773859c-apel-do-premiera-i-ministry-klimatu-i-srodowiska-1-1.pdf\" type=\"application\/pdf\" style=\"width:100%;height:600px\" aria-label=\"Osadzone z Apel do Premiera i Ministry Klimatu i \u015arodowiska.\"><\/object><a id=\"wp-block-file--media-185373ae-3092-4c45-b8a9-45bddaffbdeb\" href=\"https:\/\/www.greenpeace.org\/static\/planet4-poland-stateless\/2024\/11\/5773859c-apel-do-premiera-i-ministry-klimatu-i-srodowiska-1-1.pdf\">Apel do Premiera i Ministry Klimatu i \u015arodowiska<\/a><\/div>\n","protected":false},"excerpt":{"rendered":"<p>25 listopada przedstawicielki i przedstawiciele 77 organizacji przyrodniczych z\u0142o\u017cyli w Kancelarii Prezesa Rady Ministr\u00f3w i w Ministerstwie Klimatu i \u015arodowiska apel o piln\u0105 rewizj\u0119 stanowiska polskiego rz\u0105du w sprawie os\u0142abienia&hellip;<\/p>\n","protected":false},"author":25,"featured_media":35665,"comment_status":"closed","ping_status":"open","sticky":false,"template":"","format":"standard","meta":{"ep_exclude_from_search":false,"p4_og_title":"","p4_og_description":"","p4_og_image":"https:\/\/www.greenpeace.org\/static\/planet4-poland-stateless\/2024\/11\/c8b3e4bf-dsc_0395-scaled.jpg","p4_og_image_id":"35665","p4_seo_canonical_url":"","p4_campaign_name":"","p4_local_project":"","p4_basket_name":"","p4_department":"","footnotes":""},"categories":[3],"tags":[26],"p4-page-type":[14],"class_list":["post-35663","post","type-post","status-publish","format-standard","has-post-thumbnail","hentry","category-przyroda","tag-ochrona-przyrody","p4-page-type-aktualnosci"],"_links":{"self":[{"href":"https:\/\/www.greenpeace.org\/poland\/wp-json\/wp\/v2\/posts\/35663","targetHints":{"allow":["GET"]}}],"collection":[{"href":"https:\/\/www.greenpeace.org\/poland\/wp-json\/wp\/v2\/posts"}],"about":[{"href":"https:\/\/www.greenpeace.org\/poland\/wp-json\/wp\/v2\/types\/post"}],"author":[{"embeddable":true,"href":"https:\/\/www.greenpeace.org\/poland\/wp-json\/wp\/v2\/users\/25"}],"replies":[{"embeddable":true,"href":"https:\/\/www.greenpeace.org\/poland\/wp-json\/wp\/v2\/comments?post=35663"}],"version-history":[{"count":5,"href":"https:\/\/www.greenpeace.org\/poland\/wp-json\/wp\/v2\/posts\/35663\/revisions"}],"predecessor-version":[{"id":35730,"href":"https:\/\/www.greenpeace.org\/poland\/wp-json\/wp\/v2\/posts\/35663\/revisions\/35730"}],"wp:featuredmedia":[{"embeddable":true,"href":"https:\/\/www.greenpeace.org\/poland\/wp-json\/wp\/v2\/media\/35665"}],"wp:attachment":[{"href":"https:\/\/www.greenpeace.org\/poland\/wp-json\/wp\/v2\/media?parent=35663"}],"wp:term":[{"taxonomy":"category","embeddable":true,"href":"https:\/\/www.greenpeace.org\/poland\/wp-json\/wp\/v2\/categories?post=35663"},{"taxonomy":"post_tag","embeddable":true,"href":"https:\/\/www.greenpeace.org\/poland\/wp-json\/wp\/v2\/tags?post=35663"},{"taxonomy":"p4-page-type","embeddable":true,"href":"https:\/\/www.greenpeace.org\/poland\/wp-json\/wp\/v2\/p4-page-type?post=35663"}],"curies":[{"name":"wp","href":"https:\/\/api.w.org\/{rel}","templated":true}]}}