{"id":35734,"date":"2024-11-28T15:50:54","date_gmt":"2024-11-28T13:50:54","guid":{"rendered":"https:\/\/www.greenpeace.org\/poland\/?p=35734"},"modified":"2024-11-28T16:30:57","modified_gmt":"2024-11-28T14:30:57","slug":"gorzki-tort-dla-minister-hennig-kloski-w-rocznice-falstartu-wiatrakowej","status":"publish","type":"post","link":"https:\/\/www.greenpeace.org\/poland\/aktualnosci\/35734\/gorzki-tort-dla-minister-hennig-kloski-w-rocznice-falstartu-wiatrakowej\/","title":{"rendered":"Gorzki tort dla ministry klimatu w rocznic\u0119 falstartu ustawy wiatrakowej"},"content":{"rendered":"\n<p><strong>Mija rok od nieudanej pr\u00f3by odblokowania rozwoju wiatrak\u00f3w przez obecn\u0105 koalicj\u0119 rz\u0105dz\u0105c\u0105. Z tej okazji Greenpeace przekaza\u0142 Ministrze Klimatu i \u015arodowiska specjalny tort, kt\u00f3ry symbolicznie obrazuje nieudolno\u015b\u0107 resortu w naprawianiu b\u0142\u0119du ich poprzednik\u00f3w.&nbsp;<\/strong><\/p>\n\n<p><em>\u2014 Rz\u0105d w wielu innych kwestiach pokazuje, \u017ce gdy realnie zale\u017cy mu na wprowadzeniu ustaw, to potrafi dzia\u0142a\u0107 szybko i sprawnie. Nie dzieje si\u0119 tak jednak w przypadku najwa\u017cniejszej decyzji, jak\u0105 mamy do podj\u0119cia w energetyce. Ostatni rok jest stracony z punktu widzenia rozwoju czystej i taniej energii z wiatru. Te op\u00f3\u017anienia s\u0105 w obecnej sytuacji niedopuszczalne i s\u0105 kompromitacj\u0105 Ministerstwa \u2014<\/em> m\u00f3wi Miko\u0142aj Gumulski, koordynator kampanii klimatycznych w Greenpeace Polska.\u00a0<\/p>\n\n<figure class=\"wp-block-image size-large is-resized\"><img loading=\"lazy\" decoding=\"async\" width=\"1024\" height=\"683\" src=\"https:\/\/www.greenpeace.org\/static\/planet4-poland-stateless\/2024\/11\/316e3e25-qbs_4149-1024x683.jpg\" title=\"Wiatrowy tort dla minister Hennig-Kloski- wiatraki\" alt=\"Tort dla Ministry Klimatu i \u015arodowiska\" class=\"wp-image-35735\" style=\"width:736px;height:auto\"\/><figcaption><div class=\"credit icon-left\"> \u00a9 Fot. Agata Kubis\/Greenpeace<\/div><\/figcaption><\/figure>\n\n<p>Odblokowanie rozwoju wiatrak\u00f3w by\u0142o jedn\u0105 z najwa\u017cniejszych obietnic nowej koalicji rz\u0105dz\u0105cej, od 2016 roku obowi\u0105zuje bowiem niezwykle surowa ustawa, kt\u00f3ra zablokowa\u0142a rozw\u00f3j tej czystej i taniej formy pozyskiwania energii. Po nieudanej pr\u00f3bie politycy obecnej koalicji wielokrotnie obiecywali kolejne terminy stworzenia nowej ustawy, kt\u00f3re nie by\u0142y jednak dotrzymywane. Dopiero<a href=\"https:\/\/www.greenpeace.org\/poland\/aktualnosci\/34840\/beda-kolejne-podwyzki-cen-pradu-rzad-moze-temu-zapobiec\/\"> po wsp\u00f3lnym apelu<\/a> przemys\u0142u, biznesu, organizacji spo\u0142ecznych i ekologicznych, think-tank\u00f3w oraz samorz\u0105d\u00f3w projekt uzyska\u0142 wpis do wykazu prac rz\u0105dowych. Po wielu kontrowersjach zwi\u0105zanych z informacjami o tworzonym projekcie ustawy, pod koniec wrze\u015bnia wreszcie ujrzeli\u015bmy projekt i odby\u0142y si\u0119 jego konsultacje. Od tego czasu niestety jednak s\u0142uch po ustawie zagin\u0105\u0142.<\/p>\n\n<p><em>\u2014 Liczymy, \u017ce nie b\u0119dziemy ju\u017c \u201e\u015bwi\u0119towa\u0107\u201d \u017cadnych takich kolejnych rocznic. Wzywamy ministr\u0119 Paulin\u0119 Hennig-Klosk\u0119 oraz wiceministra Mi\u0142osza Motyk\u0119 do potraktowania wreszcie tematu dost\u0119pu do taniej i czystej energii na powa\u017cnie i do szybkiego skierowania projektu ustawy do Sejmu i Senatu. Liczymy na szybkie przyj\u0119cie ustawy i podpisanie jej przez Prezydenta RP \u2014 <\/em>m\u00f3wi Marek J\u00f3zefiak, rzecznik i ekspert ds. polityki ekologicznej w Greenpeace Polska.<\/p>\n\n<figure class=\"wp-block-image size-full\"><img loading=\"lazy\" decoding=\"async\" width=\"799\" height=\"533\" src=\"https:\/\/www.greenpeace.org\/static\/planet4-poland-stateless\/2024\/11\/7d5dc750-54170268799_ffa312b45c_c.jpg\" title=\"Wiatrowy tort dla minister Hennig-Kloski- wiatraki\" alt=\"Wiatrowy tort dla minister Hennig-Kloski- wiatraki\" class=\"wp-image-35743\" srcset=\"https:\/\/www.greenpeace.org\/static\/planet4-poland-stateless\/2024\/11\/7d5dc750-54170268799_ffa312b45c_c.jpg 799w, https:\/\/www.greenpeace.org\/static\/planet4-poland-stateless\/2024\/11\/7d5dc750-54170268799_ffa312b45c_c-500x334.jpg 500w, https:\/\/www.greenpeace.org\/static\/planet4-poland-stateless\/2024\/11\/7d5dc750-54170268799_ffa312b45c_c-768x512.jpg 768w, https:\/\/www.greenpeace.org\/static\/planet4-poland-stateless\/2024\/11\/7d5dc750-54170268799_ffa312b45c_c-510x340.jpg 510w\" sizes=\"auto, (max-width: 799px) 100vw, 799px\" \/><figcaption class=\"wp-element-caption\">Fot. Agata Kubis \/ Greenpeace<div class=\"credit icon-left\"> \u00a9 Fot. Agata Kubis\/Greenpeace<\/div><\/figcaption><\/figure>\n\n<p>Rozw\u00f3j wiatrak\u00f3w jest kluczowy z punktu widzenia przysz\u0142o\u015bci Polski i ograniczenia emisji gaz\u00f3w cieplarnianych. Dost\u0119p do lokalnej, taniej i czystej energii z wiatru pozwoli na obni\u017cenie naszych rachunk\u00f3w za energi\u0119, jest kluczowy dla konkurencyjno\u015bci gospodarki i&nbsp; mo\u017cliwo\u015bci rozwoju naszego kraju oraz jest niezwykle wa\u017cny dla naszego bezpiecze\u0144stwa energetycznego. Nowe farmy wiatrowe zmniejsz\u0105 zagro\u017cenie niedoboru energii, zagwarantuj\u0105 w perspektywie 2030 roku nawet 133 mld z\u0142 przyrostu PKB oraz od pi\u0119\u0107dziesi\u0119ciu do blisko stu tysi\u0119cy nowych miejsc pracy w Polsce. Dla por\u00f3wnania obecnie w g\u00f3rnictwie w\u0119gla kamiennego zatrudnionych jest ok. 75 tysi\u0119cy os\u00f3b.<\/p>\n\t\t\t<section\n\t\t\tclass=\"boxout   sticky-bottom-mobile collapse show\"\n\t\t\tid=\"action-card\"\n\t\t>\n\t\t\t<a\n\t\t\t\tdata-ga-category=\"Take Action Boxout\"\n\t\t\t\tdata-ga-action=\"Image\"\n\t\t\t\tdata-ga-label=\"n\/a\"\n\t\t\t\tclass=\"cover-card-overlay\"\n\t\t\t\thref=\"https:\/\/www.greenpeace.org\/poland\/wiatraki-fakty-i-mity\/\" target=\"_blank\"\n\t\t\t><\/a>\n\t\t\t\t\t\t\t<img\n\t\t\t\t\t\tsrc=\"https:\/\/www.greenpeace.org\/static\/planet4-poland-stateless\/2024\/11\/331e1448-gp0stqf5i_medium-res-1200px-1024x683.jpg\"\n\t\t\t\t\t\tsrcset=\"https:\/\/www.greenpeace.org\/static\/planet4-poland-stateless\/2024\/11\/331e1448-gp0stqf5i_medium-res-1200px-500x333.jpg 500w, https:\/\/www.greenpeace.org\/static\/planet4-poland-stateless\/2024\/11\/331e1448-gp0stqf5i_medium-res-1200px-1024x683.jpg 1024w, https:\/\/www.greenpeace.org\/static\/planet4-poland-stateless\/2024\/11\/331e1448-gp0stqf5i_medium-res-1200px-768x512.jpg 768w, https:\/\/www.greenpeace.org\/static\/planet4-poland-stateless\/2024\/11\/331e1448-gp0stqf5i_medium-res-1200px-510x340.jpg 510w, https:\/\/www.greenpeace.org\/static\/planet4-poland-stateless\/2024\/11\/331e1448-gp0stqf5i_medium-res-1200px.jpg 1200w\"\n\t\t\t\t\t\tsizes=\"(min-width: 1000px) 358px, (min-width: 780px) 313px, 88px\"\n\t\t\t\t\t\talt=\"\" title=\"\"\n\t\t\t\t\/>\n            \t\t\t<div class=\"boxout-content\">\n\t\t\t\t\t\t\t\t\t<a\n\t\t\t\t\t\tclass=\"boxout-heading medium\"\n\t\t\t\t\t\tdata-ga-category=\"Take Action Boxout\"\n\t\t\t\t\t\tdata-ga-action=\"Title\"\n\t\t\t\t\t\tdata-ga-label=\"n\/a\"\n\t\t\t\t\t\thref=\"https:\/\/www.greenpeace.org\/poland\/wiatraki-fakty-i-mity\/\"\n\t\t\t\t\t\ttarget=\"_blank\"\n\t\t\t\t\t>\n\t\t\t\t\t\tPrzeczytaj: Wiatraki &#8211; fakty i mity\n\t\t\t\t\t<\/a>\n\t\t\t\t\t\t\t\t\t\t\t\t\t<p class=\"boxout-excerpt\">Przewodnik, kt\u00f3ry  odpowiada na najcz\u0119\u015bciej zadawane pytania i obala najpopularniejsze mity na temat wiatrak\u00f3w.<\/p>\n\t\t\t\t                                    <a\n                        class=\"btn btn-primary\"\n                        data-ga-category=\"Take Action Boxout\"\n                        data-ga-action=\"Call to Action\"\n                        data-ga-label=\"n\/a\"\n                        href=\"https:\/\/www.greenpeace.org\/poland\/wiatraki-fakty-i-mity\/\"\n                        target=\"_blank\"\n                    >\n                        Zobacz\n                    <\/a>\n                \t\t\t<\/div>\n\t\t\t\t\t\t\t<a\n\t\t\t\t\tclass=\"not-now\"\n\t\t\t\t\trole=\"button\"\n\t\t\t\t\tdata-bs-toggle=\"collapse\"\n\t\t\t\t\thref=\"#action-card\"\n\t\t\t\t><\/a>\n\t\t\t\t\t<\/section>\n\t","protected":false},"excerpt":{"rendered":"<p>Mija rok od nieudanej pr\u00f3by odblokowania rozwoju wiatrak\u00f3w przez obecn\u0105 koalicj\u0119 rz\u0105dz\u0105c\u0105. Z tej okazji Greenpeace przekaza\u0142 Ministrze Klimatu i \u015arodowiska specjalny tort, kt\u00f3ry symbolicznie obrazuje trwaj\u0105c\u0105 ju\u017c rok skrajn\u0105&hellip;<\/p>\n","protected":false},"author":37,"featured_media":35735,"comment_status":"closed","ping_status":"open","sticky":false,"template":"","format":"standard","meta":{"ep_exclude_from_search":false,"p4_og_title":"","p4_og_description":"","p4_og_image":"https:\/\/www.greenpeace.org\/static\/planet4-poland-stateless\/2024\/11\/316e3e25-qbs_4149.jpg","p4_og_image_id":"35735","p4_seo_canonical_url":"","p4_campaign_name":"","p4_local_project":"","p4_basket_name":"","p4_department":"","footnotes":""},"categories":[2],"tags":[7],"p4-page-type":[14],"class_list":["post-35734","post","type-post","status-publish","format-standard","has-post-thumbnail","hentry","category-klimat-energia","tag-czysta-energia","p4-page-type-aktualnosci"],"_links":{"self":[{"href":"https:\/\/www.greenpeace.org\/poland\/wp-json\/wp\/v2\/posts\/35734","targetHints":{"allow":["GET"]}}],"collection":[{"href":"https:\/\/www.greenpeace.org\/poland\/wp-json\/wp\/v2\/posts"}],"about":[{"href":"https:\/\/www.greenpeace.org\/poland\/wp-json\/wp\/v2\/types\/post"}],"author":[{"embeddable":true,"href":"https:\/\/www.greenpeace.org\/poland\/wp-json\/wp\/v2\/users\/37"}],"replies":[{"embeddable":true,"href":"https:\/\/www.greenpeace.org\/poland\/wp-json\/wp\/v2\/comments?post=35734"}],"version-history":[{"count":9,"href":"https:\/\/www.greenpeace.org\/poland\/wp-json\/wp\/v2\/posts\/35734\/revisions"}],"predecessor-version":[{"id":35748,"href":"https:\/\/www.greenpeace.org\/poland\/wp-json\/wp\/v2\/posts\/35734\/revisions\/35748"}],"wp:featuredmedia":[{"embeddable":true,"href":"https:\/\/www.greenpeace.org\/poland\/wp-json\/wp\/v2\/media\/35735"}],"wp:attachment":[{"href":"https:\/\/www.greenpeace.org\/poland\/wp-json\/wp\/v2\/media?parent=35734"}],"wp:term":[{"taxonomy":"category","embeddable":true,"href":"https:\/\/www.greenpeace.org\/poland\/wp-json\/wp\/v2\/categories?post=35734"},{"taxonomy":"post_tag","embeddable":true,"href":"https:\/\/www.greenpeace.org\/poland\/wp-json\/wp\/v2\/tags?post=35734"},{"taxonomy":"p4-page-type","embeddable":true,"href":"https:\/\/www.greenpeace.org\/poland\/wp-json\/wp\/v2\/p4-page-type?post=35734"}],"curies":[{"name":"wp","href":"https:\/\/api.w.org\/{rel}","templated":true}]}}