{"id":35866,"date":"2024-12-19T12:08:57","date_gmt":"2024-12-19T10:08:57","guid":{"rendered":"https:\/\/www.greenpeace.org\/poland\/?p=35866"},"modified":"2024-12-19T12:09:03","modified_gmt":"2024-12-19T10:09:03","slug":"skutki-kryzysu-klimatycznego-w-ustawie-o-obronnosci","status":"publish","type":"post","link":"https:\/\/www.greenpeace.org\/poland\/aktualnosci\/35866\/skutki-kryzysu-klimatycznego-w-ustawie-o-obronnosci\/","title":{"rendered":"Skutki kryzysu klimatycznego w ustawie o obronno\u015bci\u00a0"},"content":{"rendered":"\n<p>18 grudnia Prezydent Andrzej Duda podpisa\u0142 ustaw\u0119 o ochronie ludno\u015bci i obronie cywilnej. Znalaz\u0142 si\u0119 w niej wa\u017cny zapis o ochronie ludno\u015bci przed zagro\u017ceniami wynikaj\u0105cymi z ekstremalnych zjawisk pogodowych. Pog\u0142\u0119biaj\u0105cy si\u0119 kryzys klimatyczny sprawia, \u017ce zwi\u0119ksza si\u0119 ich wyst\u0119powanie i nat\u0119\u017cenie. Uj\u0119cie tego aspektu w ustawie to efekt zaproponowanej przez Greenpeace poprawki.&nbsp;<\/p>\n\n<p>&#8211;&nbsp; Kryzys klimatyczny ju\u017c tu jest i niszczy \u017cycie Polek i Polak\u00f3w. Widzieli\u015bmy to we wrze\u015bniu, kiedy pot\u0119\u017cna pow\u00f3d\u017a zdewastowa\u0142a miasta i wsie. Poprawka, kt\u00f3r\u0105 uda\u0142o nam si\u0119 wprowadzi\u0107, nak\u0142ada na pa\u0144stwo obowi\u0105zek ochron\u0119 ludno\u015bci przez zagro\u017ceniami zwi\u0105zanymi z dzia\u0142aniem si\u0142 przyrody, w tym tych wynikaj\u0105cych ze zmiany klimatu oraz przygotowanie obywateli, pa\u0144stwa i infrastruktury na zagro\u017cenia wynikaj\u0105ce z kryzysu klimatycznego &#8211; m\u00f3wi Miko\u0142aj Gumulski z Greenpeace, autor poprawki.&nbsp;<\/p>\n\n<p>Organizacja zwraca jednocze\u015bnie uwag\u0119 na to, \u017ce bez kompleksowych dzia\u0142a\u0144 na rzecz odej\u015bcia od spalania paliw kopalnych, rozwoju OZE i podnoszenia efektywno\u015bci energetycznej, nie uda si\u0119 przeciwdzia\u0142a\u0107 najbardziej katastrofalnym skutkom zmian klimatu.<\/p>\n\n<p>&#8211; Przyj\u0119cie ustawy w tym kszta\u0142cie to bardzo dobre rozwi\u0105zanie, nie zast\u0105pi one jednak dzia\u0142a\u0144 na rzecz przeciwdzia\u0142ania pog\u0142\u0119bianiu si\u0119 problemu. Rz\u0105d powinien wi\u0119c opr\u00f3cz tej decyzji, wreszcie przyst\u0105pi\u0107 do zdecydowanych dzia\u0142a\u0144 na rzecz transformacji energetycznej i ochrony przyrody, kt\u00f3re zapewni\u0105 nam wszystkim bezpiecze\u0144stwo i spok\u00f3j &#8211; dodaje Miko\u0142aj Gumulski.&nbsp;<\/p>\n\n<figure class=\"wp-block-image size-full\"><img loading=\"lazy\" decoding=\"async\" width=\"799\" height=\"533\" src=\"https:\/\/www.greenpeace.org\/static\/planet4-poland-stateless\/2024\/12\/52a9cf09-53997809096_f68d5cd1b3_c.jpg\" alt=\"\" class=\"wp-image-35867\" srcset=\"https:\/\/www.greenpeace.org\/static\/planet4-poland-stateless\/2024\/12\/52a9cf09-53997809096_f68d5cd1b3_c.jpg 799w, https:\/\/www.greenpeace.org\/static\/planet4-poland-stateless\/2024\/12\/52a9cf09-53997809096_f68d5cd1b3_c-500x334.jpg 500w, https:\/\/www.greenpeace.org\/static\/planet4-poland-stateless\/2024\/12\/52a9cf09-53997809096_f68d5cd1b3_c-768x512.jpg 768w, https:\/\/www.greenpeace.org\/static\/planet4-poland-stateless\/2024\/12\/52a9cf09-53997809096_f68d5cd1b3_c-510x340.jpg 510w\" sizes=\"auto, (max-width: 799px) 100vw, 799px\" \/><\/figure>\n","protected":false},"excerpt":{"rendered":"<p>18 grudnia Prezydent Andrzej Duda podpisa\u0142 ustaw\u0119 o ochronie ludno\u015bci i obronie cywilnej. Znalaz\u0142 si\u0119 w niej wa\u017cny zapis o ochronie ludno\u015bci przed zagro\u017ceniami wynikaj\u0105cymi z ekstremalnych zjawisk pogodowych. Pog\u0142\u0119biaj\u0105cy&hellip;<\/p>\n","protected":false},"author":32,"featured_media":35867,"comment_status":"closed","ping_status":"open","sticky":false,"template":"","format":"standard","meta":{"ep_exclude_from_search":false,"p4_og_title":"","p4_og_description":"","p4_og_image":"https:\/\/www.greenpeace.org\/static\/planet4-poland-stateless\/2024\/12\/52a9cf09-53997809096_f68d5cd1b3_c.jpg","p4_og_image_id":"35867","p4_seo_canonical_url":"","p4_campaign_name":"","p4_local_project":"","p4_basket_name":"","p4_department":"","footnotes":""},"categories":[2],"tags":[],"p4-page-type":[14],"class_list":["post-35866","post","type-post","status-publish","format-standard","has-post-thumbnail","hentry","category-klimat-energia","p4-page-type-aktualnosci"],"_links":{"self":[{"href":"https:\/\/www.greenpeace.org\/poland\/wp-json\/wp\/v2\/posts\/35866","targetHints":{"allow":["GET"]}}],"collection":[{"href":"https:\/\/www.greenpeace.org\/poland\/wp-json\/wp\/v2\/posts"}],"about":[{"href":"https:\/\/www.greenpeace.org\/poland\/wp-json\/wp\/v2\/types\/post"}],"author":[{"embeddable":true,"href":"https:\/\/www.greenpeace.org\/poland\/wp-json\/wp\/v2\/users\/32"}],"replies":[{"embeddable":true,"href":"https:\/\/www.greenpeace.org\/poland\/wp-json\/wp\/v2\/comments?post=35866"}],"version-history":[{"count":1,"href":"https:\/\/www.greenpeace.org\/poland\/wp-json\/wp\/v2\/posts\/35866\/revisions"}],"predecessor-version":[{"id":35868,"href":"https:\/\/www.greenpeace.org\/poland\/wp-json\/wp\/v2\/posts\/35866\/revisions\/35868"}],"wp:featuredmedia":[{"embeddable":true,"href":"https:\/\/www.greenpeace.org\/poland\/wp-json\/wp\/v2\/media\/35867"}],"wp:attachment":[{"href":"https:\/\/www.greenpeace.org\/poland\/wp-json\/wp\/v2\/media?parent=35866"}],"wp:term":[{"taxonomy":"category","embeddable":true,"href":"https:\/\/www.greenpeace.org\/poland\/wp-json\/wp\/v2\/categories?post=35866"},{"taxonomy":"post_tag","embeddable":true,"href":"https:\/\/www.greenpeace.org\/poland\/wp-json\/wp\/v2\/tags?post=35866"},{"taxonomy":"p4-page-type","embeddable":true,"href":"https:\/\/www.greenpeace.org\/poland\/wp-json\/wp\/v2\/p4-page-type?post=35866"}],"curies":[{"name":"wp","href":"https:\/\/api.w.org\/{rel}","templated":true}]}}