{"id":35894,"date":"2025-01-14T22:21:39","date_gmt":"2025-01-14T20:21:39","guid":{"rendered":"https:\/\/www.greenpeace.org\/poland\/?p=35894"},"modified":"2025-01-17T00:53:15","modified_gmt":"2025-01-16T22:53:15","slug":"inauguracja-polskiej-prezydencji-greenpeace-apeluje-o-przyspieszenie-prac-na-rzecz-ratyfikacji-traktatu-oceanicznego","status":"publish","type":"post","link":"https:\/\/www.greenpeace.org\/poland\/aktualnosci\/35894\/inauguracja-polskiej-prezydencji-greenpeace-apeluje-o-przyspieszenie-prac-na-rzecz-ratyfikacji-traktatu-oceanicznego\/","title":{"rendered":"Inauguracja polskiej prezydencji &#8211; Greenpeace apeluje o przyspieszenie prac na rzecz ratyfikacji Traktatu Oceanicznego"},"content":{"rendered":"\n<p>Aktywi\u015bci i aktywistki Greenpeace powitali go\u015bci wydarzenia inauguruj\u0105cego polsk\u0105 prezydencj\u0119 w Radzie Unii Europejskiej w Brukseli apelem o piln\u0105 ratyfikacj\u0119 \u015awiatowego Traktatu Oceanicznego. Zmierzaj\u0105cym na uroczysto\u015b\u0107 dyplomatom, politykom i innym zaproszonym go\u015bciom wr\u0119czyli symboliczne o\u0142\u00f3wki oraz poczt\u00f3wki z has\u0142em \u201cOceans calling\u201d (oceany wo\u0142aj\u0105). Greenpeace zwraca uwag\u0119 na fakt, i\u017c najbli\u017csze sze\u015b\u0107 miesi\u0119cy to kluczowy czas dla mi\u0119dzynarodowych stara\u0144 o ochron\u0119 ocean\u00f3w, a polska prezydencja mo\u017ce odegra\u0107 w tym procesie wyj\u0105tkow\u0105 rol\u0119.<\/p>\n\n<figure class=\"wp-block-image size-large\"><img loading=\"lazy\" decoding=\"async\" width=\"1024\" height=\"683\" src=\"https:\/\/www.greenpeace.org\/static\/planet4-poland-stateless\/2025\/01\/77d3ac47-20250114_gp_ratify_0270-1024x683.jpg\" alt=\"\" class=\"wp-image-35897\" srcset=\"https:\/\/www.greenpeace.org\/static\/planet4-poland-stateless\/2025\/01\/77d3ac47-20250114_gp_ratify_0270-1024x683.jpg 1024w, https:\/\/www.greenpeace.org\/static\/planet4-poland-stateless\/2025\/01\/77d3ac47-20250114_gp_ratify_0270-500x333.jpg 500w, https:\/\/www.greenpeace.org\/static\/planet4-poland-stateless\/2025\/01\/77d3ac47-20250114_gp_ratify_0270-768x512.jpg 768w, https:\/\/www.greenpeace.org\/static\/planet4-poland-stateless\/2025\/01\/77d3ac47-20250114_gp_ratify_0270-1536x1024.jpg 1536w, https:\/\/www.greenpeace.org\/static\/planet4-poland-stateless\/2025\/01\/77d3ac47-20250114_gp_ratify_0270-2048x1366.jpg 2048w, https:\/\/www.greenpeace.org\/static\/planet4-poland-stateless\/2025\/01\/77d3ac47-20250114_gp_ratify_0270-510x340.jpg 510w\" sizes=\"auto, (max-width: 1024px) 100vw, 1024px\" \/><\/figure>\n\n<h3 class=\"wp-block-heading\"><strong>Oceany wo\u0142aj\u0105 o pomoc<\/strong><\/h3>\n\n<p>Pierwsze p\u00f3\u0142rocze 2025 roku b\u0119dzie kluczowe dla mi\u0119dzynarodowego procesu, kt\u00f3rego zwie\u0144czeniem mo\u017ce by\u0107 planowana na czerwiec konferencja ONZ po\u015bwi\u0119cona oceanom. Odb\u0119dzie si\u0119 ona we Francji. B\u0119dzie mo\u017cna uzna\u0107 j\u0105 za du\u017cy sukces, je\u015bli do tego czasu co najmniej 60 pa\u0144stw ratyfikuje \u015awiatowy Traktat Oceaniczny ONZ. Pozwoli to przyspieszy\u0107 dzia\u0142ania maj\u0105ce na celu realn\u0105 ochron\u0119 ocean\u00f3w. Polski rz\u0105d jeszcze nie ratyfikowa\u0142 tego dokumentu, lecz wsparcie dyplomatyczne polskiej prezydencji dla proces\u00f3w ratyfikacyjnych poszczeg\u00f3lnych kraj\u00f3w cz\u0142onkowskich UE mo\u017ce mie\u0107 du\u017ce znaczenie. Na poczt\u00f3wkach rozdawanych przez dzia\u0142aczki i dzia\u0142aczy Greenpeace dyplomatom i politykom, kt\u00f3rzy wybrali si\u0119 na gal\u0119 inauguruj\u0105c\u0105 prezydencj\u0119 w Brukseli, przypomniano, \u017ce:<\/p>\n\n<p><strong>&#8222;Polska ma wyj\u0105tkow\u0105, pojawiaj\u0105c\u0105 si\u0119 raz na pokolenie szans\u0119, aby przewodzi\u0107 globalnym wysi\u0142kom na rzecz ochrony ocean\u00f3w i wcielenia w \u017cycie historycznego porozumienia.&#8221;<\/strong><\/p>\n\n<h3 class=\"wp-block-heading\"><strong>Symboliczne powitanie z przes\u0142aniem<\/strong><\/h3>\n\n<p>Gala inauguruj\u0105ca polsk\u0105 prezydencj\u0119 odbywa si\u0119 w presti\u017cowym Kr\u00f3lewskim Muzeum Sztuk Pi\u0119knych w Brukseli. W przestrzeni s\u0105siaduj\u0105cej z siedzib\u0105 Muzeum aktywi\u015bci i aktywistki Greenpeace z Polski i Belgii zaprezentowali te\u017c zdj\u0119cia przedstawiaj\u0105ce r\u00f3\u017cnorodno\u015b\u0107 \u017cycia oceanicznego oraz symboliczne makiety o\u0142\u00f3wk\u00f3w z has\u0142em: \u201cProtect the oceans\u201d i \u201cRatify the Treaty\u201d<strong> (Chro\u0144cie oceany i Ratyfikujcie Traktat)<\/strong>.<\/p>\n\n<figure class=\"wp-block-image size-large\"><img loading=\"lazy\" decoding=\"async\" width=\"1024\" height=\"683\" src=\"https:\/\/www.greenpeace.org\/static\/planet4-poland-stateless\/2025\/01\/990057bd-20250114_gp_ratify_0646-1024x683.jpg\" alt=\"\" class=\"wp-image-35896\" srcset=\"https:\/\/www.greenpeace.org\/static\/planet4-poland-stateless\/2025\/01\/990057bd-20250114_gp_ratify_0646-1024x683.jpg 1024w, https:\/\/www.greenpeace.org\/static\/planet4-poland-stateless\/2025\/01\/990057bd-20250114_gp_ratify_0646-500x333.jpg 500w, https:\/\/www.greenpeace.org\/static\/planet4-poland-stateless\/2025\/01\/990057bd-20250114_gp_ratify_0646-768x512.jpg 768w, https:\/\/www.greenpeace.org\/static\/planet4-poland-stateless\/2025\/01\/990057bd-20250114_gp_ratify_0646-1536x1024.jpg 1536w, https:\/\/www.greenpeace.org\/static\/planet4-poland-stateless\/2025\/01\/990057bd-20250114_gp_ratify_0646-2048x1366.jpg 2048w, https:\/\/www.greenpeace.org\/static\/planet4-poland-stateless\/2025\/01\/990057bd-20250114_gp_ratify_0646-510x340.jpg 510w\" sizes=\"auto, (max-width: 1024px) 100vw, 1024px\" \/><\/figure>\n\n<p><strong>&#8211; Has\u0142o polskiej prezydencji \u201cBezpiecze\u0144stwo, Europo!\u201d nie mo\u017ce pomija\u0107 kolebki \u017cycia, jak\u0105 s\u0105 oceany. Niestety stan ekosystem\u00f3w morskich jest dramatyczny. Ich ochrona i odbudowa zasob\u00f3w to klucz do podniesienia \u015bwiatowego bezpiecze\u0144stwa \u017cywno\u015bciowego i ekologicznego oraz do osi\u0105gni\u0119cia globalnych cel\u00f3w klimatycznych i przyrodniczych &#8211;<\/strong> podkre\u015bli\u0142a Anna Ogniewska, koordynatorka ds. polityki \u015brodowiskowej Greenpeace Polska.<\/p>\n\n<h3 class=\"wp-block-heading\"><strong>Apel do polskiego rz\u0105du<\/strong><\/h3>\n\n<p>Greenpeace oraz High Seas Alliance (koalicja ponad 50 mi\u0119dzynarodowych organizacji pozarz\u0105dowych na rzecz ochrony ocean\u00f3w) wystosowa\u0142y kilka dni wcze\u015bniej listy do przedstawicieli polskiego rz\u0105du, apeluj\u0105c o przyspieszenie procesu ratyfikacji Traktatu Oceanicznego oraz koordynacj\u0119 dzia\u0142a\u0144 w celu wdro\u017cenia mi\u0119dzynarodowych przepis\u00f3w umo\u017cliwiaj\u0105cych ochron\u0119 ocean\u00f3w, a w tym, m.in. tworzenie rezerwat\u00f3w morskich na otwartych wodach. W\u015br\u00f3d postulat\u00f3w pojawi\u0142 si\u0119 tak\u017ce pomys\u0142 na zacie\u015bnienie wsp\u00f3\u0142pracy z Francj\u0105, kt\u00f3ra b\u0119dzie gospodarzem konferencji ONZ w sprawie ocean\u00f3w w Nicei i ju\u017c teraz podejmuje wysi\u0142ki na rzecz globalnej ratyfikacji traktatu.<\/p>\n\n<h3 class=\"wp-block-heading\"><strong>Polska w centrum \u015bwiatowych stara\u0144<\/strong><\/h3>\n\n<p>Polska prezydencja ma szans\u0119 odegra\u0107 wa\u017cn\u0105 rol\u0119 w globalnych wysi\u0142kach na rzecz poprawy stanu m\u00f3rz i ocean\u00f3w. Greenpeace przypomina, \u017ce w\u0142\u0105czenie kwestii konieczno\u015bci ochrony ocean\u00f3w do agendy formalnych i nieformalnych spotka\u0144 unijnych ministr\u00f3w to krok, kt\u00f3ry mo\u017ce zagwarantowa\u0107 sukces zainicjowanego przez ONZ procesu daj\u0105cego szans\u0119 tym wyj\u0105tkowym ekosystemom.&nbsp;<\/p>\n\n<figure class=\"wp-block-image size-large\"><img loading=\"lazy\" decoding=\"async\" width=\"1024\" height=\"683\" src=\"https:\/\/www.greenpeace.org\/static\/planet4-poland-stateless\/2025\/01\/636ab9fc-20250114_gp_ratify_0108-1024x683.jpg\" alt=\"\" class=\"wp-image-35898\" srcset=\"https:\/\/www.greenpeace.org\/static\/planet4-poland-stateless\/2025\/01\/636ab9fc-20250114_gp_ratify_0108-1024x683.jpg 1024w, https:\/\/www.greenpeace.org\/static\/planet4-poland-stateless\/2025\/01\/636ab9fc-20250114_gp_ratify_0108-500x333.jpg 500w, https:\/\/www.greenpeace.org\/static\/planet4-poland-stateless\/2025\/01\/636ab9fc-20250114_gp_ratify_0108-768x512.jpg 768w, https:\/\/www.greenpeace.org\/static\/planet4-poland-stateless\/2025\/01\/636ab9fc-20250114_gp_ratify_0108-1536x1024.jpg 1536w, https:\/\/www.greenpeace.org\/static\/planet4-poland-stateless\/2025\/01\/636ab9fc-20250114_gp_ratify_0108-2048x1366.jpg 2048w, https:\/\/www.greenpeace.org\/static\/planet4-poland-stateless\/2025\/01\/636ab9fc-20250114_gp_ratify_0108-510x340.jpg 510w\" sizes=\"auto, (max-width: 1024px) 100vw, 1024px\" \/><\/figure>\n\n<p>&#8211; Od stanu ocean\u00f3w zale\u017cy stan naszej planety i nasze bezpiecze\u0144stwo. Polska musi wzi\u0105\u0107 odpowiedzialno\u015b\u0107 jako lider na arenie mi\u0119dzynarodowej i dzia\u0142a\u0107 zdecydowanie \u2013 nie tylko dla siebie, ale dla ca\u0142ego \u015bwiata &#8211; dodaje Anna Ogniewska.&nbsp;<\/p>\n\n<p>Greenpeace zbiera podpisy pod petycj\u0105 na rzecz pilnej ratyfikacji Traktatu Oceanicznego. Mo\u017cna podpisa\u0107 j\u0105 tutaj: <a href=\"https:\/\/chronmyoceany.pl\/\">https:\/\/chronmyoceany.pl<\/a><\/p>\n\n<figure class=\"wp-block-image size-large\"><a href=\" https:\/\/chronmyoceany.pl\/ \"><img loading=\"lazy\" decoding=\"async\" width=\"1024\" height=\"536\" src=\"https:\/\/www.greenpeace.org\/static\/planet4-poland-stateless\/2025\/01\/f3503659-oceany-og-1024x536.png\" alt=\"\" class=\"wp-image-35889\" srcset=\"https:\/\/www.greenpeace.org\/static\/planet4-poland-stateless\/2025\/01\/f3503659-oceany-og-1024x536.png 1024w, https:\/\/www.greenpeace.org\/static\/planet4-poland-stateless\/2025\/01\/f3503659-oceany-og-500x262.png 500w, https:\/\/www.greenpeace.org\/static\/planet4-poland-stateless\/2025\/01\/f3503659-oceany-og-768x402.png 768w, https:\/\/www.greenpeace.org\/static\/planet4-poland-stateless\/2025\/01\/f3503659-oceany-og-510x267.png 510w, https:\/\/www.greenpeace.org\/static\/planet4-poland-stateless\/2025\/01\/f3503659-oceany-og.png 1200w\" sizes=\"auto, (max-width: 1024px) 100vw, 1024px\" \/><\/a><\/figure>\n\n<p>Wi\u0119cej o Traktacie Oceanicznym: <a href=\"https:\/\/www.greenpeace.org\/poland\/aktualnosci\/35888\/swiatowy-traktat-oceaniczny-ma-kluczowe-znaczenie-dla-ochrony-zycia-w-oceanach\/\">https:\/\/www.greenpeace.org\/poland\/aktualnosci\/35888\/swiatowy-traktat-oceaniczny-ma-kluczowe-znaczenie-dla-ochrony-zycia-w-oceanach\/<\/a> <\/p>\n","protected":false},"excerpt":{"rendered":"<p>Aktywi\u015bci i aktywistki Greenpeace powitali go\u015bci wydarzenia inauguruj\u0105cego polsk\u0105 prezydencj\u0119 w Radzie Unii Europejskiej w Brukseli apelem o piln\u0105 ratyfikacj\u0119 \u015awiatowego Traktatu Oceanicznego. Zmierzaj\u0105cym na uroczysto\u015b\u0107 dyplomatom, politykom i innym&hellip;<\/p>\n","protected":false},"author":32,"featured_media":35898,"comment_status":"closed","ping_status":"open","sticky":false,"template":"","format":"standard","meta":{"ep_exclude_from_search":false,"p4_og_title":"","p4_og_description":"","p4_og_image":"https:\/\/www.greenpeace.org\/static\/planet4-poland-stateless\/2025\/01\/636ab9fc-20250114_gp_ratify_0108.jpg","p4_og_image_id":"35898","p4_seo_canonical_url":"","p4_campaign_name":"","p4_local_project":"","p4_basket_name":"","p4_department":"","footnotes":""},"categories":[3],"tags":[20],"p4-page-type":[14],"class_list":["post-35894","post","type-post","status-publish","format-standard","has-post-thumbnail","hentry","category-przyroda","tag-morza","p4-page-type-aktualnosci"],"_links":{"self":[{"href":"https:\/\/www.greenpeace.org\/poland\/wp-json\/wp\/v2\/posts\/35894","targetHints":{"allow":["GET"]}}],"collection":[{"href":"https:\/\/www.greenpeace.org\/poland\/wp-json\/wp\/v2\/posts"}],"about":[{"href":"https:\/\/www.greenpeace.org\/poland\/wp-json\/wp\/v2\/types\/post"}],"author":[{"embeddable":true,"href":"https:\/\/www.greenpeace.org\/poland\/wp-json\/wp\/v2\/users\/32"}],"replies":[{"embeddable":true,"href":"https:\/\/www.greenpeace.org\/poland\/wp-json\/wp\/v2\/comments?post=35894"}],"version-history":[{"count":1,"href":"https:\/\/www.greenpeace.org\/poland\/wp-json\/wp\/v2\/posts\/35894\/revisions"}],"predecessor-version":[{"id":35899,"href":"https:\/\/www.greenpeace.org\/poland\/wp-json\/wp\/v2\/posts\/35894\/revisions\/35899"}],"wp:featuredmedia":[{"embeddable":true,"href":"https:\/\/www.greenpeace.org\/poland\/wp-json\/wp\/v2\/media\/35898"}],"wp:attachment":[{"href":"https:\/\/www.greenpeace.org\/poland\/wp-json\/wp\/v2\/media?parent=35894"}],"wp:term":[{"taxonomy":"category","embeddable":true,"href":"https:\/\/www.greenpeace.org\/poland\/wp-json\/wp\/v2\/categories?post=35894"},{"taxonomy":"post_tag","embeddable":true,"href":"https:\/\/www.greenpeace.org\/poland\/wp-json\/wp\/v2\/tags?post=35894"},{"taxonomy":"p4-page-type","embeddable":true,"href":"https:\/\/www.greenpeace.org\/poland\/wp-json\/wp\/v2\/p4-page-type?post=35894"}],"curies":[{"name":"wp","href":"https:\/\/api.w.org\/{rel}","templated":true}]}}