{"id":35911,"date":"2025-01-17T05:00:00","date_gmt":"2025-01-17T03:00:00","guid":{"rendered":"https:\/\/www.greenpeace.org\/poland\/?p=35911"},"modified":"2025-01-17T02:01:09","modified_gmt":"2025-01-17T00:01:09","slug":"ministrowie-tuska-przescigaja-sie-w-glupich-pomyslach","status":"publish","type":"post","link":"https:\/\/www.greenpeace.org\/poland\/aktualnosci\/35911\/ministrowie-tuska-przescigaja-sie-w-glupich-pomyslach\/","title":{"rendered":"Ministrowie Tuska prze\u015bcigaj\u0105 si\u0119 w g\u0142upich pomys\u0142ach"},"content":{"rendered":"\n<p><strong>Cho\u0107 Polska jak tlenu potrzebuje taniej energii z wiatru, rz\u0105d premiera Tuska \u0142apie kolejne op\u00f3\u017anienia w odblokowaniu wiatrak\u00f3w. Sze\u015bciokrotnie przek\u0142adany projekt ustawy jest sabotowany przez nieprzemy\u015blane pomys\u0142y r\u00f3\u017cnych ministerstw, kt\u00f3re mog\u0105 go wywr\u00f3ci\u0107 do g\u00f3ry nogami i zahamowa\u0107 rozw\u00f3j tej strategicznej technologii. Stawce przewodzi minister rolnictwa Czes\u0142aw Siekierski z PSL, kt\u00f3ry chce, \u017ceby by\u0142o jak za PiS.\u00a0<\/strong><br><\/p>\n\n<p>\u2014 Premier Donald Tusk zapowiada\u0142, \u017ce odblokowanie wiatrak\u00f3w b\u0119dzie priorytetem, gdy\u017c chce obni\u017cy\u0107 ceny energii w Polsce. Niestety min\u0105\u0142 ju\u017c rok, a sprawa idzie jak po grudzie. Teraz gdy projekt ustawy w ko\u0144cu trafi\u0142 do uzgodnie\u0144 mi\u0119dzyresortowych, ministrowie zacz\u0119li si\u0119 przerzuca\u0107 pomys\u0142ami, kt\u00f3re torpeduj\u0105 rozw\u00f3j wiatrak\u00f3w. Wygl\u0105da to tak, jakby trwa\u0142 jaki\u015b wewn\u0119trzny konkurs w rz\u0105dzie, na to kto wymy\u015bli najg\u0142upszy pomys\u0142 na walk\u0119 z wiatrakami. Zamiast nowej, lepszej polityki energetycznej mamy PiS-bis \u2014 m\u00f3wi Marek J\u00f3zefiak z Greenpeace Polska.<\/p>\n\n<p>Propozycje ograniczaj\u0105ce rozw\u00f3j elektrowni wiatrowych przedstawi\u0142y resorty infrastruktury, obrony narodowej, rolnictwa oraz kultury. Poszczeg\u00f3lne pomys\u0142y mog\u0105 zmniejszy\u0107 dost\u0119pn\u0105 powierzchni\u0119 pod budow\u0119 wiatrak\u00f3w nawet o ponad po\u0142ow\u0119. Najdalej posz\u0142o Ministerstwo Rolnictwa i Rozwoju Wsi, kt\u00f3re zaproponowa\u0142o utrzymanie ogranicze\u0144 dotycz\u0105cych minimalnej odleg\u0142o\u015bci od budynk\u00f3w przyj\u0119tych przez rz\u0105d Prawa i Sprawiedliwo\u015bci.&nbsp;&nbsp;<\/p>\n\n<p>\u2014 Ministrowie rz\u0105du Donalda Tuska kompletnie nie zdaj\u0105 sobie sprawy z wagi tematu, kt\u00f3rym si\u0119 zajmuj\u0105. W ci\u0105gu 10 lat zostan\u0105 zamkni\u0119te w Polsce wszystkie elektrownie w\u0119glowe i je\u015bli nie zbudujemy wiatrak\u00f3w, miejsce po w\u0119glu zajmie importowany i drogi gaz. Politycy proponuj\u0105 drako\u0144skie przepisy bez \u017cadnych analiz. Gdyby te pomys\u0142y wesz\u0142y w \u017cycie, to nie mo\u017cna by np. zbudowa\u0107 wiatraka w odleg\u0142o\u015bci p\u00f3\u0142tora kilometra od zabytkowego krzy\u017ca przydro\u017cnego. Nie wiadomo, czy si\u0119 \u015bmia\u0107, czy p\u0142aka\u0107 \u2014 m\u00f3wi Miko\u0142aj Gumulski, koordynator kampanii energetycznych w Greenpeace Polska.&nbsp;<\/p>\n\n<p>Obecnie wiatraki na l\u0105dzie produkuj\u0105 ok. 15% energii elektrycznej w Polsce. Do 2035 roku moc l\u0105dowych elektrowni wiatrowych mo\u017ce wzrosn\u0105\u0107 prawie trzykrotnie, o ile zostan\u0105 przyj\u0119te rozwi\u0105zania zaproponowane przez resort klimatu, czyli zasada 500 metr\u00f3w wiatrak\u00f3w od zabudowa\u0144.<\/p>\n\n<p>\u2014 Pami\u0119tajmy, \u017ce przy obecnych przepisach lokalizowanie wiatrak\u00f3w podlega rygorystycznym procedurom i musi zabezpiecza\u0107 najr\u00f3\u017cniejsze interesy, w tym bezpiecze\u0144stwo dr\u00f3g, interesy wojska czy ochrony zabytk\u00f3w. Budowa wiatrak\u00f3w ma te\u017c szereg innych ogranicze\u0144 wynikaj\u0105cych cho\u0107by z dost\u0119pnych przy\u0142\u0105cze\u0144 do sieci energetycznych. Dodawanie kolejnych przeszk\u00f3d to nic innego jak sabotowanie bezpiecze\u0144stwa energetycznego Polski \u2014 dodaje Miko\u0142aj Gumulski.<\/p>\n\n<p>Ministerstwo Infrastruktury pierwotnie proponowa\u0142o wprowadzenia minimalnej odleg\u0142o\u015bci wiatrak\u00f3w od dr\u00f3g publicznych w postaci 3-krotno\u015bci \u015brednicy wirnika lub 2-krotno\u015bci wysoko\u015bci wiatraka. Wprowadzenie tylko tego jednego rozwi\u0105zania zmniejsza dost\u0119pn\u0105 powierzchni\u0119 dla rozwoju elektrowni wiatrowych a\u017c o 53% w por\u00f3wnaniu do propozycji Ministerstwa Klimatu i \u015arodowiska. Obecnie resort kierowany przez ministra Dariusza Klimczaka z PSL proponuje co najmniej jednokrotno\u015b\u0107 wysoko\u015bci wiatraka lub 250 metr\u00f3w od dr\u00f3g publicznych. Takie rozwi\u0105zanie zmniejsza dost\u0119pn\u0105 powierzchni\u0119 dla wiatrak\u00f3w o ponad jedn\u0105 pi\u0105t\u0105.&nbsp;<\/p>\n\n<p>MON postuluje z kolei wprowadzenie zakazu wiatrak\u00f3w w strefach lotnisk wojskowych i na sta\u0142ych trasach lotnictwa wojskowego. Wyklucza\u0142oby to 5% powierzchni kraju. Dodatkowo resort kultury zaproponowa\u0142 zakaz stawiania wiatrak\u00f3w p\u00f3\u0142tora kilometra od zabytk\u00f3w. Przeprowadzone przez Polskie Stowarzyszenie Energetyki Wiatrowej analizy na przyk\u0142adzie kilku gmin wojew\u00f3dztwa zachodnio-pomorskiego wykaza\u0142y, \u017ce wprowadzenie tej propozycji w \u017cycie ograniczy\u0142oby powierzchni\u0119 dost\u0119pn\u0105 dla rozwoju wiatrak\u00f3w o 47%. Ministra Klimatu i \u015arodowiska Paulina Hennig-Kloska twierdzi, \u017ce t\u0119 propozycj\u0119 ju\u017c odrzucono.&nbsp;<\/p>\n","protected":false},"excerpt":{"rendered":"<p>Rz\u0105d premiera Tuska \u0142apie kolejne op\u00f3\u017anienia w odblokowaniu wiatrak\u00f3w. Projekt ustawy jest sabotowany przez nieprzemy\u015blane pomys\u0142y r\u00f3\u017cnych ministr\u00f3w, kt\u00f3re mog\u0105 go wywr\u00f3ci\u0107 do g\u00f3ry nogami.<\/p>\n","protected":false},"author":37,"featured_media":35913,"comment_status":"closed","ping_status":"open","sticky":false,"template":"","format":"standard","meta":{"ep_exclude_from_search":false,"p4_og_title":"","p4_og_description":"","p4_og_image":"","p4_og_image_id":"","p4_seo_canonical_url":"","p4_campaign_name":"","p4_local_project":"","p4_basket_name":"","p4_department":"","footnotes":""},"categories":[2],"tags":[7,6],"p4-page-type":[14],"class_list":["post-35911","post","type-post","status-publish","format-standard","has-post-thumbnail","hentry","category-klimat-energia","tag-czysta-energia","tag-klimat","p4-page-type-aktualnosci"],"_links":{"self":[{"href":"https:\/\/www.greenpeace.org\/poland\/wp-json\/wp\/v2\/posts\/35911","targetHints":{"allow":["GET"]}}],"collection":[{"href":"https:\/\/www.greenpeace.org\/poland\/wp-json\/wp\/v2\/posts"}],"about":[{"href":"https:\/\/www.greenpeace.org\/poland\/wp-json\/wp\/v2\/types\/post"}],"author":[{"embeddable":true,"href":"https:\/\/www.greenpeace.org\/poland\/wp-json\/wp\/v2\/users\/37"}],"replies":[{"embeddable":true,"href":"https:\/\/www.greenpeace.org\/poland\/wp-json\/wp\/v2\/comments?post=35911"}],"version-history":[{"count":1,"href":"https:\/\/www.greenpeace.org\/poland\/wp-json\/wp\/v2\/posts\/35911\/revisions"}],"predecessor-version":[{"id":35912,"href":"https:\/\/www.greenpeace.org\/poland\/wp-json\/wp\/v2\/posts\/35911\/revisions\/35912"}],"wp:featuredmedia":[{"embeddable":true,"href":"https:\/\/www.greenpeace.org\/poland\/wp-json\/wp\/v2\/media\/35913"}],"wp:attachment":[{"href":"https:\/\/www.greenpeace.org\/poland\/wp-json\/wp\/v2\/media?parent=35911"}],"wp:term":[{"taxonomy":"category","embeddable":true,"href":"https:\/\/www.greenpeace.org\/poland\/wp-json\/wp\/v2\/categories?post=35911"},{"taxonomy":"post_tag","embeddable":true,"href":"https:\/\/www.greenpeace.org\/poland\/wp-json\/wp\/v2\/tags?post=35911"},{"taxonomy":"p4-page-type","embeddable":true,"href":"https:\/\/www.greenpeace.org\/poland\/wp-json\/wp\/v2\/p4-page-type?post=35911"}],"curies":[{"name":"wp","href":"https:\/\/api.w.org\/{rel}","templated":true}]}}