{"id":3612,"date":"2019-09-11T07:43:38","date_gmt":"2019-09-11T05:43:38","guid":{"rendered":"https:\/\/www.greenpeace.org\/poland\/?p=3612"},"modified":"2023-03-21T21:20:05","modified_gmt":"2023-03-21T19:20:05","slug":"obroncy-klimatu-ponownie-blokuja-import-wegla-do-polski","status":"publish","type":"post","link":"https:\/\/www.greenpeace.org\/poland\/aktualnosci\/3612\/obroncy-klimatu-ponownie-blokuja-import-wegla-do-polski\/","title":{"rendered":"Obro\u0144cy klimatu ponownie blokuj\u0105 import w\u0119gla do Polski"},"content":{"rendered":"\n<figure class=\"wp-block-image aligncenter\"><a href=\"https:\/\/www.greenpeace.org\/static\/planet4-poland-stateless\/2019\/09\/7437ed4c-dji_0027-e1568183480283.jpg\"><img loading=\"lazy\" decoding=\"async\" width=\"1200\" height=\"800\" src=\"https:\/\/www.greenpeace.org\/static\/planet4-poland-stateless\/2019\/09\/7437ed4c-dji_0027-e1568183480283.jpg\" alt=\"\" class=\"wp-image-3613\"\/><\/a><\/figure>\n\n<p><strong>Aktywi\u015bci i aktywistki po raz kolejny wzywaj\u0105 polski rz\u0105d do og\u0142oszenia planu odej\u015bcia od w\u0119gla do 2030 r. i ponownie uniemo\u017cliwiaj\u0105 roz\u0142adunek transportu w\u0119gla w gda\u0144skim porcie. W \u015brod\u0119, 11 wrze\u015bnia ekolodzy wspi\u0119li si\u0119 na d\u017awigi w terminalu w\u0119glowym portu w Gda\u0144sku i zatrzymali ich prac\u0119. Ten pokojowy protest odbywa si\u0119 2 dni po tym, jak aktywi\u015bci i aktywistki <a href=\"https:\/\/www.greenpeace.org\/poland\/aktualnosci\/3583\/aktywisci-blokuja-transport-wegla-do-polski\/\">namalowali na burcie statku w\u0119glowego ogromny napis \u201eW\u0119giel stop\u201d, a \u017caglowiec Rainbow Warrior wp\u0142yn\u0105\u0142 do portu i rzuci\u0142 kotwic\u0119 przy terminalu w\u0119glowym, blokuj\u0105c transport w\u0119gla do Polski.<\/a><\/strong><\/p>\n\n<p><em>&#8211; Premier Mateusz Morawiecki t\u0142umaczy\u0142 wczoraj, \u017ce uzale\u017cnienie naszej gospodarki od w\u0119gla i rosn\u0105cy import tego surowca jest win\u0105 poprzednich rz\u0105d\u00f3w. Tymczasem Prawo i Sprawiedliwo\u015b\u0107 ma w\u0142adz\u0119 od czterech lat. W tym czasie rz\u0105d zatrzyma\u0142 rozw\u00f3j energetyki s\u0142onecznej i wiatrowej, minister energii Krzysztof Tch\u00f3rzewski rozpocz\u0105\u0142 budow\u0119 nowej elektrowni w\u0119glowej w Ostro\u0142\u0119ce, a import w\u0119gla w ostatnich dw\u00f3ch latach wzr\u00f3s\u0142 ponad dwukrotnie. \u0141ukasz Schreiber z kancelarii premiera przyzna\u0142, \u017ce Polska nie jest ju\u017c w stanie wydobywa\u0107 w\u0119gla w ilo\u015bciach niezb\u0119dnych, by zaspokoi\u0107 potrzeby obecnego systemu energetycznego. Najwy\u017cszy czas, aby premier przesta\u0142 udawa\u0107, \u017ce nie rozumie co si\u0119 wok\u00f3\u0142 niego dzieje i przyzna\u0142, \u017ce odej\u015bcie od w\u0119gla jest niezb\u0119dne i nieuniknione. Rz\u0105d powinien skupi\u0107 si\u0119 na wyznaczeniu konkretnej daty i przygotowaniu &nbsp;planu sprawiedliwej transformacji<\/em> \u2013 powiedzia\u0142 Pawe\u0142 Szypulski, dyrektor programowy Greenpeace Polska.<\/p>\n\n<p>Tymczasem premier Morawiecki w czerwcu zablokowa\u0142 unijn\u0105 strategi\u0119 maj\u0105c\u0105 na celu osi\u0105gni\u0119cie neutralno\u015bci klimatycznej do 2050 roku. Osi\u0105gni\u0119cie neutralno\u015bci klimatycznej przez Europ\u0119 ma znaczenie nie tylko w walce z kryzysem klimatycznym, ale te\u017c uniezale\u017cni\u0142oby Polsk\u0119 od importu paliw kopalnych \u2013 w\u0119gla, gazu i ropy.<\/p>\n\n<p>W ostatnich latach bijemy rekordy w imporcie \u201epolskiego czarnego z\u0142ota\u201d. W zesz\u0142ym roku import w\u0119gla wzr\u00f3s\u0142 do blisko 20 milion\u00f3w ton. Co czwarta tona w\u0119gla kamiennego u\u017cywana nad Wis\u0142\u0105 pochodzi ju\u017c z zagranicy. Zdecydowana wi\u0119kszo\u015b\u0107 trafia do nas z Rosji, a reszta z kraj\u00f3w tak odleg\u0142ych, jak Australia, Stany Zjednoczone, Kolumbia czy Mozambik.<\/p>\n\n<p>Jak wykazuj\u0105 analizy eksperckie, je\u015bli nie odejdziemy od spalania w\u0119gla, import b\u0119dzie w kolejnych latach rosn\u0105\u0107 [1]. Wed\u0142ug ostatnich danych Pa\u0144stwowego Instytutu Geologicznego rachunek za importowany w\u0119giel w 2018 roku wyni\u00f3s\u0142 prawie 8 mld z\u0142 i by\u0142 ponad 3-krotnie wy\u017cszy ni\u017c 2 lata wcze\u015bniej. Pieni\u0105dze te wyp\u0142ywaj\u0105 z naszej gospodarki zamiast finansowa\u0107 na miejscu rozw\u00f3j czystych i zdrowych odnawialnych \u017ar\u00f3de\u0142 energii.<\/p>\n\n<p><em>&#8211; Nie damy si\u0119 uciszy\u0107. Za kilka tygodni odb\u0119d\u0105 si\u0119 w Polsce wybory, a politycy zajmuj\u0105 si\u0119 wszystkim, tylko nie kryzysem klimatycznym. Jeste\u015bmy w porcie w Gda\u0144sku, bo domagamy si\u0119 od rz\u0105du konkretnego planu odej\u015bcia od w\u0119gla. Tutaj wida\u0107 najlepiej jak absurdalne s\u0105 efekty obecnej polityki energetycznej. Przez port w Gda\u0144sku trafiaj\u0105 do Polski miliony ton w\u0119gla z ca\u0142ego \u015bwiata Te pieni\u0105dze powinny zainwestowa\u0107 w krajowe \u017ar\u00f3d\u0142a i da\u0107 Polakom prac\u0119 w sektorze energetyki odnawialnej<\/em> \u2013 komentuje Marek J\u00f3zefiak, jeden z aktywist\u00f3w protestuj\u0105cych w porcie.<\/p>\n\n<p>W poniedzia\u0142ek, 9 wrze\u015bnia przed p\u00f3\u0142noc\u0105 <a href=\"https:\/\/www.greenpeace.org\/poland\/aktualnosci\/3597\/sluzby-wtargnely-na-pokojowo-protestujacy-rainbow-warrior\/\">zamaskowani funkcjonariusze stra\u017cy granicznej z broni\u0105 automatyczn\u0105 wtargn\u0119li na pok\u0142ad \u017caglowca Rainbow Warrior<\/a>. Kapitan oraz jedna z aktywistek bior\u0105cych udzia\u0142 w prote\u015bcie zostali zatrzymani. Do chwili obecnej wci\u0105\u017c nie zosta\u0142y postawione im zarzuty.<\/p>\n\n<p><strong>Przypisy:<\/strong><\/p>\n\n<p>[1] <a href=\"https:\/\/forum-energii.eu\/public\/upload\/articles\/files\/4%20scenariusze(2).pdf\">https:\/\/forum-energii.eu\/public\/upload\/articles\/files\/4%20scenariusze(2).pdf<\/a> (str. 56)<\/p>\n\t\t\t<section\n\t\t\tclass=\"boxout post-3090 \"\n\t\t\t\n\t\t>\n\t\t\t<a\n\t\t\t\tdata-ga-category=\"Take Action Boxout\"\n\t\t\t\tdata-ga-action=\"Image\"\n\t\t\t\tdata-ga-label=\"n\/a\"\n\t\t\t\tclass=\"cover-card-overlay\"\n\t\t\t\thref=\"https:\/\/www.greenpeace.org\/poland\/dzialaj-old\/podpisz-polska-bez-wegla-2030\/\" \n\t\t\t><\/a>\n\t\t\t\t\t\t\t<img\n\t\t\t\t\t\tsrc=\"https:\/\/www.greenpeace.org\/static\/planet4-poland-stateless\/2020\/06\/7fe0778a-copy-of-dji_0010-1024x768.jpg\"\n\t\t\t\t\t\tsrcset=\"https:\/\/www.greenpeace.org\/static\/planet4-poland-stateless\/2020\/06\/7fe0778a-copy-of-dji_0010-300x225.jpg 300w, https:\/\/www.greenpeace.org\/static\/planet4-poland-stateless\/2020\/06\/7fe0778a-copy-of-dji_0010-1024x768.jpg 1024w, https:\/\/www.greenpeace.org\/static\/planet4-poland-stateless\/2020\/06\/7fe0778a-copy-of-dji_0010-768x576.jpg 768w, https:\/\/www.greenpeace.org\/static\/planet4-poland-stateless\/2020\/06\/7fe0778a-copy-of-dji_0010-1536x1152.jpg 1536w, https:\/\/www.greenpeace.org\/static\/planet4-poland-stateless\/2020\/06\/7fe0778a-copy-of-dji_0010-2048x1536.jpg 2048w, https:\/\/www.greenpeace.org\/static\/planet4-poland-stateless\/2020\/06\/7fe0778a-copy-of-dji_0010-1821x1366.jpg 1821w, https:\/\/www.greenpeace.org\/static\/planet4-poland-stateless\/2020\/06\/7fe0778a-copy-of-dji_0010-453x340.jpg 453w\"\n\t\t\t\t\t\tsizes=\"(min-width: 1000px) 358px, (min-width: 780px) 313px, 88px\"\n\t\t\t\t\t\talt=\"\" title=\"\"\n\t\t\t\t\/>\n            \t\t\t<div class=\"boxout-content\">\n\t\t\t\t\t\t\t\t\t<a\n\t\t\t\t\t\tclass=\"boxout-heading medium\"\n\t\t\t\t\t\tdata-ga-category=\"Take Action Boxout\"\n\t\t\t\t\t\tdata-ga-action=\"Title\"\n\t\t\t\t\t\tdata-ga-label=\"n\/a\"\n\t\t\t\t\t\thref=\"https:\/\/www.greenpeace.org\/poland\/dzialaj-old\/podpisz-polska-bez-wegla-2030\/\"\n\t\t\t\t\t\t\n\t\t\t\t\t>\n\t\t\t\t\t\tPodpisz: Chro\u0144my klimat, chro\u0144my ludzi!\n\t\t\t\t\t<\/a>\n\t\t\t\t\t\t\t\t\t\t\t\t\t<p class=\"boxout-excerpt\">Podpisz petycj\u0119 o jak najszybsze odej\u015bcie Polski od spalania paliw kopalnych.<\/p>\n\t\t\t\t                                    <a\n                        class=\"btn btn-primary\"\n                        data-ga-category=\"Take Action Boxout\"\n                        data-ga-action=\"Call to Action\"\n                        data-ga-label=\"n\/a\"\n                        href=\"https:\/\/www.greenpeace.org\/poland\/dzialaj-old\/podpisz-polska-bez-wegla-2030\/\"\n                        \n                    >\n                        Dzia\u0142aj!\n                    <\/a>\n                \t\t\t<\/div>\n\t\t\t\t\t<\/section>\n\t","protected":false},"excerpt":{"rendered":"<p>Aktywi\u015bci i aktywistki po raz kolejny wzywaj\u0105 polski rz\u0105d do og\u0142oszenia planu odej\u015bcia od w\u0119gla do 2030 r. i ponownie uniemo\u017cliwiaj\u0105 roz\u0142adunek transportu w\u0119gla w gda\u0144skim porcie. <\/p>\n","protected":false},"author":32,"featured_media":3613,"comment_status":"closed","ping_status":"open","sticky":false,"template":"","format":"standard","meta":{"ep_exclude_from_search":false,"p4_og_title":"","p4_og_description":"","p4_og_image":"","p4_og_image_id":"","p4_seo_canonical_url":"","p4_campaign_name":"","p4_local_project":"","p4_basket_name":"","p4_department":"","footnotes":""},"categories":[2],"tags":[6,18,24,25],"p4-page-type":[14],"class_list":["post-3612","post","type-post","status-publish","format-standard","has-post-thumbnail","hentry","category-klimat-energia","tag-klimat","tag-wegiel","tag-aktywizm","tag-paliwakopalne","p4-page-type-aktualnosci"],"_links":{"self":[{"href":"https:\/\/www.greenpeace.org\/poland\/wp-json\/wp\/v2\/posts\/3612","targetHints":{"allow":["GET"]}}],"collection":[{"href":"https:\/\/www.greenpeace.org\/poland\/wp-json\/wp\/v2\/posts"}],"about":[{"href":"https:\/\/www.greenpeace.org\/poland\/wp-json\/wp\/v2\/types\/post"}],"author":[{"embeddable":true,"href":"https:\/\/www.greenpeace.org\/poland\/wp-json\/wp\/v2\/users\/32"}],"replies":[{"embeddable":true,"href":"https:\/\/www.greenpeace.org\/poland\/wp-json\/wp\/v2\/comments?post=3612"}],"version-history":[{"count":11,"href":"https:\/\/www.greenpeace.org\/poland\/wp-json\/wp\/v2\/posts\/3612\/revisions"}],"predecessor-version":[{"id":32651,"href":"https:\/\/www.greenpeace.org\/poland\/wp-json\/wp\/v2\/posts\/3612\/revisions\/32651"}],"wp:featuredmedia":[{"embeddable":true,"href":"https:\/\/www.greenpeace.org\/poland\/wp-json\/wp\/v2\/media\/3613"}],"wp:attachment":[{"href":"https:\/\/www.greenpeace.org\/poland\/wp-json\/wp\/v2\/media?parent=3612"}],"wp:term":[{"taxonomy":"category","embeddable":true,"href":"https:\/\/www.greenpeace.org\/poland\/wp-json\/wp\/v2\/categories?post=3612"},{"taxonomy":"post_tag","embeddable":true,"href":"https:\/\/www.greenpeace.org\/poland\/wp-json\/wp\/v2\/tags?post=3612"},{"taxonomy":"p4-page-type","embeddable":true,"href":"https:\/\/www.greenpeace.org\/poland\/wp-json\/wp\/v2\/p4-page-type?post=3612"}],"curies":[{"name":"wp","href":"https:\/\/api.w.org\/{rel}","templated":true}]}}