{"id":36331,"date":"2025-03-13T10:36:52","date_gmt":"2025-03-13T08:36:52","guid":{"rendered":"https:\/\/www.greenpeace.org\/poland\/?p=36331"},"modified":"2025-03-13T11:54:58","modified_gmt":"2025-03-13T09:54:58","slug":"od-lat-nie-bylo-tak-zle-z-poziomami-rzek-wiosna","status":"publish","type":"post","link":"https:\/\/www.greenpeace.org\/poland\/aktualnosci\/36331\/od-lat-nie-bylo-tak-zle-z-poziomami-rzek-wiosna\/","title":{"rendered":"Od lat nie by\u0142o tak \u017ale z poziomami rzek wiosn\u0105"},"content":{"rendered":"\n<p>Rok 2024 by\u0142 najcieplejszym w historii pomiar\u00f3w, zima jest niezwykle sucha i bez\u015bnie\u017cna. Cho\u0107 przedwio\u015bnie kojarzy si\u0119 nam z rozlewiskami, w tym roku rzeki maj\u0105 rekordowo niski poziom wody. <strong>Eksperci alarmuj\u0105, \u017ce ju\u017c teraz w cz\u0119\u015bci kraju mamy susz\u0119 hydrologiczn\u0105.<\/strong> <strong>Greenpeace zebra\u0142 dane z marcowych pomiar\u00f3w niekt\u00f3rych polskich rzek &#8211; tak \u017ale nie by\u0142o od lat. Zdj\u0119cia satelitarne i dane IMGW-PIB pokazuj\u0105 w jak z\u0142ej sytuacji jeste\u015bmy. Brak wody w rzekach o tej porze roku to dopiero wst\u0119p przed niezwykle dotkliw\u0105 susz\u0105, kt\u00f3ra mo\u017ce pog\u0142\u0119bi\u0107 si\u0119 w lecie. Zimowa i wiosenna susza to oblicze kryzysu klimatycznego nap\u0119dzanego przez spalanie w\u0119gla, gazu ziemnego i ropy.<\/strong><\/p>\n\n<p>Dane Instytutu Meteorologii i Gospodarki Wodnej nie pozostawiaj\u0105 w\u0105tpliwo\u015bci &#8211; w Polsce trwa susza. A\u017c po\u0142owa wszystkich stacji pomiarowych notuje niskie poziomy wody, a przep\u0142ywy wody w wi\u0119kszo\u015bci rzek jest stanowczo poni\u017cej normy. Przyk\u0142adowo poziom Wis\u0142y na wysoko\u015bci warszawskich Bulwar\u00f3w spad\u0142 do niespotykanych o tej porze roku 58 cm. Zazwyczaj w marcu wynosi ponad 100 cm.<\/p>\n\n<figure class=\"wp-block-image size-large\"><img loading=\"lazy\" decoding=\"async\" width=\"1024\" height=\"683\" src=\"https:\/\/www.greenpeace.org\/static\/planet4-poland-stateless\/2025\/03\/a391c431-wisla-bulwary-1024x683.jpg\" alt=\"\" class=\"wp-image-36332\" srcset=\"https:\/\/www.greenpeace.org\/static\/planet4-poland-stateless\/2025\/03\/a391c431-wisla-bulwary-1024x683.jpg 1024w, https:\/\/www.greenpeace.org\/static\/planet4-poland-stateless\/2025\/03\/a391c431-wisla-bulwary-500x333.jpg 500w, https:\/\/www.greenpeace.org\/static\/planet4-poland-stateless\/2025\/03\/a391c431-wisla-bulwary-768x512.jpg 768w, https:\/\/www.greenpeace.org\/static\/planet4-poland-stateless\/2025\/03\/a391c431-wisla-bulwary-510x340.jpg 510w, https:\/\/www.greenpeace.org\/static\/planet4-poland-stateless\/2025\/03\/a391c431-wisla-bulwary.jpg 1200w\" sizes=\"auto, (max-width: 1024px) 100vw, 1024px\" \/><\/figure>\n\n<p><em>&#8211; Przedwio\u015bnie w Polsce kojarzy si\u0119 z obfito\u015bci\u0105 wody. Tymczasem brak \u015bniegu i deszczu w 2024 roku poskutkowa\u0142 wyst\u0105pieniem suszy hydrologicznej. To niespotykane o tej porze roku! W Narwia\u0144skim i Biebrza\u0144skim Parku Narodowym nie ma typowych wiosennych rozlewisk. Tak w\u0142a\u015bnie wygl\u0105da kryzys klimatyczny nap\u0119dzany przez spalanie w\u0119gla, gazu ziemnego i ropy &#8211; <\/em>powiedzia\u0142a Aleksandra Wiktor z Greenpeace.<\/p>\n\n<iframe loading=\"lazy\" frameborder=\"0\" class=\"juxtapose\" width=\"100%\" height=\"500px\" src=\"https:\/\/cdn.knightlab.com\/libs\/juxtapose\/latest\/embed\/index.html?uid=975faa7c-fff0-11ef-9397-d93975fe8866\"><\/iframe>\n\n<p>Specjali\u015bci ostrzegaj\u0105, \u017ce <strong>od ponad dekady nie do\u015bwiadczyli\u015bmy tak suchego przedwio\u015bnia.<\/strong> Zapowiadane na najbli\u017csze dni skromne opady nie naprawi\u0105 tej sytuacji &#8211; opady nie zdo\u0142aj\u0105 uzupe\u0142ni\u0107 tak du\u017cych niedobor\u00f3w wody. Tak dramatyczna susza w okresie zimowym stanowi zagro\u017cenie dla dzikiej przyrody, ludzi i rolnictwa. Z powodu niedoboru wody uprawy mi\u0119dzy innymi ziemniak\u00f3w, czy zb\u00f3\u017c mog\u0105 by\u0107 zagro\u017cone.<\/p>\n\n<p>Naukowcy zajmuj\u0105cy si\u0119 badaniem klimatu od dawna zwracaj\u0105 uwag\u0119 na to, \u017ce susze, wraz z post\u0119powaniem kryzysu klimatycznego, b\u0119d\u0105 coraz bardziej dotkliwe. Z\u0142agodzenie skutk\u00f3w globalnego ocieplenia jest mo\u017cliwe tylko przez odej\u015bcie od spalania paliw kopalnych: w\u0119gla, gazu i ropy. To ostatni moment na to sprawiedliw\u0105 transformacj\u0119 energetyczn\u0105 i intensywny rozw\u00f3j odnawialnych \u017ar\u00f3de\u0142 energii.<\/p>\n\n<figure class=\"wp-block-image size-full\"><img loading=\"lazy\" decoding=\"async\" width=\"799\" height=\"533\" src=\"https:\/\/www.greenpeace.org\/static\/planet4-poland-stateless\/2025\/03\/d200ba75-48386057872_6508d2c3b1_c.jpg\" alt=\"\" class=\"wp-image-36333\" srcset=\"https:\/\/www.greenpeace.org\/static\/planet4-poland-stateless\/2025\/03\/d200ba75-48386057872_6508d2c3b1_c.jpg 799w, https:\/\/www.greenpeace.org\/static\/planet4-poland-stateless\/2025\/03\/d200ba75-48386057872_6508d2c3b1_c-500x334.jpg 500w, https:\/\/www.greenpeace.org\/static\/planet4-poland-stateless\/2025\/03\/d200ba75-48386057872_6508d2c3b1_c-768x512.jpg 768w, https:\/\/www.greenpeace.org\/static\/planet4-poland-stateless\/2025\/03\/d200ba75-48386057872_6508d2c3b1_c-510x340.jpg 510w\" sizes=\"auto, (max-width: 799px) 100vw, 799px\" \/><\/figure>\n","protected":false},"excerpt":{"rendered":"<p>Rok 2024 by\u0142 najcieplejszym w historii pomiar\u00f3w, zima jest niezwykle sucha i bez\u015bnie\u017cna. Cho\u0107 przedwio\u015bnie kojarzy si\u0119 nam z rozlewiskami, w tym roku rzeki maj\u0105 rekordowo niski poziom wody. Eksperci&hellip;<\/p>\n","protected":false},"author":32,"featured_media":36333,"comment_status":"closed","ping_status":"open","sticky":false,"template":"","format":"standard","meta":{"ep_exclude_from_search":false,"p4_og_title":"","p4_og_description":"","p4_og_image":"https:\/\/www.greenpeace.org\/static\/planet4-poland-stateless\/2025\/03\/d200ba75-48386057872_6508d2c3b1_c.jpg","p4_og_image_id":"36333","p4_seo_canonical_url":"","p4_campaign_name":"","p4_local_project":"","p4_basket_name":"","p4_department":"","footnotes":""},"categories":[2,3],"tags":[6,20],"p4-page-type":[14],"class_list":["post-36331","post","type-post","status-publish","format-standard","has-post-thumbnail","hentry","category-klimat-energia","category-przyroda","tag-klimat","tag-morza","p4-page-type-aktualnosci"],"_links":{"self":[{"href":"https:\/\/www.greenpeace.org\/poland\/wp-json\/wp\/v2\/posts\/36331","targetHints":{"allow":["GET"]}}],"collection":[{"href":"https:\/\/www.greenpeace.org\/poland\/wp-json\/wp\/v2\/posts"}],"about":[{"href":"https:\/\/www.greenpeace.org\/poland\/wp-json\/wp\/v2\/types\/post"}],"author":[{"embeddable":true,"href":"https:\/\/www.greenpeace.org\/poland\/wp-json\/wp\/v2\/users\/32"}],"replies":[{"embeddable":true,"href":"https:\/\/www.greenpeace.org\/poland\/wp-json\/wp\/v2\/comments?post=36331"}],"version-history":[{"count":7,"href":"https:\/\/www.greenpeace.org\/poland\/wp-json\/wp\/v2\/posts\/36331\/revisions"}],"predecessor-version":[{"id":36343,"href":"https:\/\/www.greenpeace.org\/poland\/wp-json\/wp\/v2\/posts\/36331\/revisions\/36343"}],"wp:featuredmedia":[{"embeddable":true,"href":"https:\/\/www.greenpeace.org\/poland\/wp-json\/wp\/v2\/media\/36333"}],"wp:attachment":[{"href":"https:\/\/www.greenpeace.org\/poland\/wp-json\/wp\/v2\/media?parent=36331"}],"wp:term":[{"taxonomy":"category","embeddable":true,"href":"https:\/\/www.greenpeace.org\/poland\/wp-json\/wp\/v2\/categories?post=36331"},{"taxonomy":"post_tag","embeddable":true,"href":"https:\/\/www.greenpeace.org\/poland\/wp-json\/wp\/v2\/tags?post=36331"},{"taxonomy":"p4-page-type","embeddable":true,"href":"https:\/\/www.greenpeace.org\/poland\/wp-json\/wp\/v2\/p4-page-type?post=36331"}],"curies":[{"name":"wp","href":"https:\/\/api.w.org\/{rel}","templated":true}]}}