{"id":3660,"date":"2019-09-18T13:46:03","date_gmt":"2019-09-18T11:46:03","guid":{"rendered":"https:\/\/www.greenpeace.org\/poland\/?p=3660"},"modified":"2021-12-01T14:39:49","modified_gmt":"2021-12-01T12:39:49","slug":"6-dzialan-dla-klimatu","status":"publish","type":"post","link":"https:\/\/www.greenpeace.org\/poland\/artykuly\/3660\/6-dzialan-dla-klimatu\/","title":{"rendered":"6 rzeczy, kt\u00f3re mo\u017cesz zrobi\u0107, by chroni\u0107 klimat"},"content":{"rendered":"<p><strong>Autor: <\/strong>Marek J\u00f3zefiak<\/p>\n<p><strong><br \/>\nMamy tylko 11 lat na zatrzymanie katastrofy klimatycznej. Zastanawiasz si\u0119, jak mo\u017cesz do\u0142o\u017cy\u0107 swoj\u0105 cegie\u0142k\u0119 do ochrony klimatu? <\/strong><strong>Specjalnie dla Ciebie przygotowali\u015bmy list\u0119 6 dzia\u0142a\u0144, kt\u00f3re mo\u017cesz zrobi\u0107. Przeczytaj i je\u017celi uznasz ten tekst za warto\u015bciowy, podaj go dalej.<\/strong><\/p>\n<ol>\n<li><strong>Protestuj dla klimatu.<\/strong><br \/>\nNajlepiej zacznij ju\u017c w ten pi\u0105tek 20 wrze\u015bnia, id\u0105c na protest w ramach Globalnego Tygodnia Protestu. W Polsce protesty organizuj\u0105 mi\u0119dzy innymi M\u0142odzie\u017cowe Strajki Klimatyczne \u2013 <a href=\"https:\/\/www.facebook.com\/FridaysForFuturePL\/photos\/a.311359809489250\/421503191808244\/\">tutaj znajdziesz ich pe\u0142n\u0105 list\u0119.<\/a> Nie ma si\u0119 co oszukiwa\u0107 \u2013 stan Ziemi jest zbyt powa\u017cny, \u017ceby zmiany indywidualnych nawyk\u00f3w zatroskanej cz\u0119\u015bci spo\u0142ecze\u0144stwa wystarczy\u0142y, by uratowa\u0107 nasz\u0105 planet\u0119. Oczywi\u015bcie warto te ma\u0142e zmiany podejmowa\u0107 (sam tak robi\u0119!), ale potrzebujemy r\u00f3wnie\u017c g\u0142\u0119bszej, systemowej zmiany, by uratowa\u0107 \u015bwiat. Dzisiaj najwi\u0119kszym \u017ar\u00f3d\u0142em gaz\u00f3w cieplarnianych w naszym kraju jest energetyka w\u0119glowa. Odpowiada za ok. 40% emisji w Polsce. Odej\u015bcie od w\u0119gla i przej\u015bcie na czyste alternatywy mog\u0105 zapewni\u0107 politycy i polityczki. Dlatego tak wa\u017cne jest, aby bra\u0107 udzia\u0142 w demonstracjach takich jak Protest Tysi\u0119cy Miast, kt\u00f3ry w ca\u0142ej Polsce odb\u0119dzie si\u0119 ju\u017c w ten pi\u0105tek. Protesty spo\u0142eczne ogniskuj\u0105 uwag\u0119 medi\u00f3w i opinii publicznej, zmuszaj\u0105c decydent\u00f3w do zainteresowania si\u0119 tematem i do t\u0142umaczenia si\u0119 ze swojej bezczynno\u015bci. Dlatego zach\u0119\u0107 swoich bliskich i chod\u017acie razem na protest. Nie frustruj si\u0119, \u017ce nie wszyscy twoi znajomi b\u0119d\u0105 chcieli wzi\u0105\u0107 udzia\u0142 w tego typu wydarzeniach. Badania naukowe pokazuj\u0105, \u017ce wystarczy zaanga\u017cowanie w protesty zaledwie 3,5 procenta spo\u0142ecze\u0144stwa (!), by zmiana spo\u0142eczna i polityczna by\u0142a nie do zatrzymania. O zasadzie \u201e3,5 procenta\u201d przeczytasz wi\u0119cej w portalu <a href=\"http:\/\/www.bbc.com\/future\/story\/20190513-it-only-takes-35-of-people-to-change-the-world\">BBC<\/a> czy polskim <a href=\"https:\/\/smoglab.pl\/greta-thunberg-kto-jest-naiwnym-dzieckiem\/\">SmogLabie<\/a>.<\/li>\n<li><strong>G\u0142osuj dla klimatu.<\/strong><br \/>\nMo\u017cesz g\u0142osowa\u0107 w wyborach? Nie przegap tej szansy na zmian\u0119 rzeczywisto\u015bci. Id\u017a na wybory parlamentarne 13 pa\u017adziernika i zag\u0142osuj na osoby, kt\u00f3re planuj\u0105 dzia\u0142a\u0107 na rzecz klimatu! Wa\u017cna jest ich przynale\u017cno\u015b\u0107 partyjna, gdy\u017c w wielu sprawach w parlamencie obowi\u0105zuje dyscyplina g\u0142osowania. Szereg partii politycznych ju\u017c zapowiedzia\u0142o, \u017ce zapewni odej\u015bcie Polski od w\u0119gla. Rozmawiaj ze swoimi bliskimi, \u017ceby tak jak ty \u2013 g\u0142osowali z my\u015bl\u0105 o naszej bezpiecznej przysz\u0142o\u015bci.<\/li>\n<li><strong>Do\u0142\u0105cz do organizacji i ruch\u00f3w dzia\u0142aj\u0105cych dla klimatu.<\/strong><br \/>\nW wielu miastach istniej\u0105 organizacje i ruchy oddolne, dzia\u0142aj\u0105ce na rzecz klimatu &#8211; np. <a href=\"https:\/\/act.greenpeace.org\/page\/44482\/subscribe\/1\">grupy lokalne Greenpeace<\/a>, <a href=\"https:\/\/www.facebook.com\/XRPolska\/\">Extinction Rebellion<\/a>, <a href=\"https:\/\/www.facebook.com\/FridaysForFuturePL\/\">M\u0142odzie\u017cowe Strajki Klimatyczne<\/a> czy <a href=\"https:\/\/www.facebook.com\/earthstrikepl\/\">EarthStrike<\/a>. Napisz do nich i dowiedz si\u0119, jak mo\u017cesz si\u0119 w\u0142\u0105czy\u0107 w ich dzia\u0142ania. Aktywistki i aktywi\u015bci m.in. bior\u0105 udzia\u0142 w protestach, prowadz\u0105 kampanie w swoich miastach, edukuj\u0105. Dzia\u0142aj\u0105c w wolontariacie mo\u017cesz wykorzystywa\u0107 swoje mocne strony, ale te\u017c zdoby\u0107 mn\u00f3stwo nowych umiej\u0119tno\u015bci i wiedzy. Przede wszystkim dzi\u0119ki aktywizmowi mo\u017cesz jednak pozna\u0107 ludzi, kt\u00f3rzy \u2013 tak jak ty \u2013 chc\u0105 zmienia\u0107 \u015bwiat. Trudno przeceni\u0107 jak wspania\u0142e jest to uczucie, gdy znajdujesz ludzi o podobnych zainteresowaniach.<\/li>\n<li><strong>Wspieraj organizacje i ruchy dzia\u0142aj\u0105ce dla klimatu.<\/strong><br \/>\nJe\u015bli masz tak\u0105 mo\u017cliwo\u015b\u0107 \u2013 do\u0142\u0105cz do grona darczy\u0144c\u00f3w wspieraj\u0105cych organizacje i ruchy oddolne dzia\u0142aj\u0105ce dla klimatu. Mimo tego, \u017ce sam pracuj\u0119 w Greenpeace, jestem r\u00f3wnie\u017c darczy\u0144c\u0105 fundacji. Dlaczego? Bo g\u0142\u0119boko wierz\u0119, \u017ce to co robimy ma sens i wiem, \u017ce pieni\u0105dze przeznaczone na nasze dzia\u0142ania s\u0105 rozs\u0105dnie wydawane. Nie przyjmujemy pieni\u0119dzy od rz\u0105d\u00f3w i korporacji, a nasze finanse wsp\u00f3\u0142tworz\u0105 tysi\u0105ce ludzi takich jak ty \u2013 kt\u00f3rym zale\u017cy na losie naszej planety. To dzi\u0119ki darczynkom i darczy\u0144com jeste\u015bmy niezale\u017cni i mo\u017cemy prowadzi\u0107 nasze kampanie bez ogl\u0105dania si\u0119 na to, co pomy\u015bl\u0105 o nas rz\u0105dz\u0105cy czy wielkie korporacje. Je\u015bli ju\u017c nas wspierasz \u2013 wspaniale! Daj o tym zna\u0107 swoim znajomym. Udost\u0119pnij ten post. Mo\u017cesz zach\u0119ci\u0107 w ten spos\u00f3b innych do pod\u0105\u017cania za twoim przyk\u0142adem.<\/li>\n<li><strong>B\u0105d\u017a ambasadork\u0105 \/ ambasadorem zmiany.<\/strong><br \/>\nStaraj si\u0119 \u201eby\u0107 eko\u201d i wprowadzaj zmiany w swoim otoczeniu. Pami\u0119taj, \u017ce prawdziwa zmiana \u2013 troch\u0119 tak jak przygoda u Tolkiena \u2013 zaczyna si\u0119 za progiem twojego domu. Oszcz\u0119dzasz energi\u0119, ograniczasz konsumpcj\u0119, w tym spo\u017cycie mi\u0119sa i nabia\u0142u, a w podr\u00f3\u017c starasz si\u0119 wybiera\u0107 poci\u0105giem? \u015awietnie! Sam tak robi\u0119. Spr\u00f3buj te\u017c nam\u00f3wi\u0107 do zmiany swoje najbli\u017csze otoczenie. W ten spos\u00f3b zdecydowanie zwi\u0119kszysz sw\u00f3j wp\u0142yw na rzeczywisto\u015b\u0107. Mo\u017ce nam\u00f3wisz do zainstalowania odnawialnych \u017ar\u00f3de\u0142 energii swoj\u0105 szko\u0142\u0119 lub pracodawc\u0119? Lub wprowadzicie bezmi\u0119sne dni w waszej sto\u0142\u00f3wce? A mo\u017ce twoja szko\u0142a lub zak\u0142ad pracy do\u0142\u0105czy do strajku dla klimatu? Liczymy na twoj\u0105 kreatywno\u015b\u0107! Podziel si\u0119 z nami swoimi pomys\u0142ami i osi\u0105gni\u0119ciami, oznaczaj\u0105c nas na Instagramie: #ObroncyKlimatu.<\/li>\n<li><strong>Napisz List dla klimatu.<br \/>\n<\/strong>Napisz list, w kt\u00f3rym przypomnisz politykom i polityczkom, \u017ce ich zadaniem jest zadba\u0107 o Twoje bezpiecze\u0144stwo i Twoj\u0105 przysz\u0142o\u015b\u0107. Napisz, dlaczego chcesz, aby podj\u0119li ambitne dzia\u0142ania zwi\u0105zane z ochron\u0105 klimatu.\u00a0Napisany list\u00a0wy\u015blij na adres: Fundacja Greenpeace Polska, ul. Altowa 4, 02-386 z dopiskiem \u201cList dla klimatu\u201d. Na listy czekamy do 11 pa\u017adziernika.\u00a0Tw\u00f3j list, razem z listami innych os\u00f3b,\u00a0zostanie przekazany bezpo\u015brednio do nowych parlamentarzyst\u00f3w i parlamentarzystek podczas pierwszego posiedzenia nowego parlamentu.\u00a0Chcesz zrobi\u0107 wi\u0119cej? Zorganizuj pisanie list\u00f3w dla klimatu w swojej szkole, w\u015br\u00f3d znajomych lub w\u015br\u00f3d rodziny!<br \/>\n<strong>Wi\u0119cej informacji <a href=\"https:\/\/act.greenpeace.org\/page\/38454\/petition\/9\">tutaj.<\/a><\/strong><\/li>\n<\/ol>\n\t\t\t<section\n\t\t\tclass=\"boxout post-2965 \"\n\t\t\t\n\t\t>\n\t\t\t<a\n\t\t\t\tdata-ga-category=\"Take Action Boxout\"\n\t\t\t\tdata-ga-action=\"Image\"\n\t\t\t\tdata-ga-label=\"n\/a\"\n\t\t\t\tclass=\"cover-card-overlay\"\n\t\t\t\thref=\"https:\/\/www.greenpeace.org\/poland\/dzialaj-old\/wesprzyj-ochrone-klimatu\/\" \n\t\t\t><\/a>\n\t\t\t\t\t\t\t<img\n\t\t\t\t\t\tsrc=\"https:\/\/www.greenpeace.org\/static\/planet4-poland-stateless\/2019\/06\/b5d75777-12507343843_f11b5d683a_h-1024x680.jpg\"\n\t\t\t\t\t\tsrcset=\"https:\/\/www.greenpeace.org\/static\/planet4-poland-stateless\/2019\/06\/b5d75777-12507343843_f11b5d683a_h-300x199.jpg 300w, https:\/\/www.greenpeace.org\/static\/planet4-poland-stateless\/2019\/06\/b5d75777-12507343843_f11b5d683a_h-768x510.jpg 768w, https:\/\/www.greenpeace.org\/static\/planet4-poland-stateless\/2019\/06\/b5d75777-12507343843_f11b5d683a_h-1024x680.jpg 1024w, https:\/\/www.greenpeace.org\/static\/planet4-poland-stateless\/2019\/06\/b5d75777-12507343843_f11b5d683a_h-510x340.jpg 510w, https:\/\/www.greenpeace.org\/static\/planet4-poland-stateless\/2019\/06\/b5d75777-12507343843_f11b5d683a_h.jpg 1600w\"\n\t\t\t\t\t\tsizes=\"(min-width: 1000px) 358px, (min-width: 780px) 313px, 88px\"\n\t\t\t\t\t\talt=\"\" title=\"\"\n\t\t\t\t\/>\n            \t\t\t<div class=\"boxout-content\">\n\t\t\t\t\t\t\t\t\t<a\n\t\t\t\t\t\tclass=\"boxout-heading medium\"\n\t\t\t\t\t\tdata-ga-category=\"Take Action Boxout\"\n\t\t\t\t\t\tdata-ga-action=\"Title\"\n\t\t\t\t\t\tdata-ga-label=\"n\/a\"\n\t\t\t\t\t\thref=\"https:\/\/www.greenpeace.org\/poland\/dzialaj-old\/wesprzyj-ochrone-klimatu\/\"\n\t\t\t\t\t\t\n\t\t\t\t\t>\n\t\t\t\t\t\tWesprzyj ochron\u0119 klimatu\n\t\t\t\t\t<\/a>\n\t\t\t\t\t\t\t\t\t\t\t\t\t<p class=\"boxout-excerpt\">Pom\u00f3\u017c nam dzia\u0142a\u0107 na rzecz odchodzenia od spalania paliw kopalnych. Ratujmy wsp\u00f3lnie klimat!<\/p>\n\t\t\t\t                                    <a\n                        class=\"btn btn-primary\"\n                        data-ga-category=\"Take Action Boxout\"\n                        data-ga-action=\"Call to Action\"\n                        data-ga-label=\"n\/a\"\n                        href=\"https:\/\/www.greenpeace.org\/poland\/dzialaj-old\/wesprzyj-ochrone-klimatu\/\"\n                        \n                    >\n                        Wesprzyj!\n                    <\/a>\n                \t\t\t<\/div>\n\t\t\t\t\t<\/section>\n\t","protected":false},"excerpt":{"rendered":"<p>Mamy tylko 11 lat na zatrzymanie katastrofy klimatycznej. Zastanawiasz si\u0119, jak mo\u017cesz do\u0142o\u017cy\u0107 swoj\u0105 cegie\u0142k\u0119 do ochrony klimatu? Specjalnie dla Ciebie przygotowali\u015bmy list\u0119 5 dzia\u0142a\u0144, kt\u00f3re mo\u017cesz zrobi\u0107. Przeczytaj i&hellip;<\/p>\n","protected":false},"author":25,"featured_media":3557,"comment_status":"closed","ping_status":"open","sticky":false,"template":"","format":"standard","meta":{"ep_exclude_from_search":false,"p4_og_title":"","p4_og_description":"","p4_og_image":"","p4_og_image_id":"","p4_seo_canonical_url":"","p4_campaign_name":"","p4_local_project":"","p4_basket_name":"","p4_department":"","footnotes":""},"categories":[2],"tags":[24,6],"p4-page-type":[16],"class_list":["post-3660","post","type-post","status-publish","format-standard","has-post-thumbnail","hentry","category-klimat-energia","tag-aktywizm","tag-klimat","p4-page-type-artykuly"],"_links":{"self":[{"href":"https:\/\/www.greenpeace.org\/poland\/wp-json\/wp\/v2\/posts\/3660","targetHints":{"allow":["GET"]}}],"collection":[{"href":"https:\/\/www.greenpeace.org\/poland\/wp-json\/wp\/v2\/posts"}],"about":[{"href":"https:\/\/www.greenpeace.org\/poland\/wp-json\/wp\/v2\/types\/post"}],"author":[{"embeddable":true,"href":"https:\/\/www.greenpeace.org\/poland\/wp-json\/wp\/v2\/users\/25"}],"replies":[{"embeddable":true,"href":"https:\/\/www.greenpeace.org\/poland\/wp-json\/wp\/v2\/comments?post=3660"}],"version-history":[{"count":9,"href":"https:\/\/www.greenpeace.org\/poland\/wp-json\/wp\/v2\/posts\/3660\/revisions"}],"predecessor-version":[{"id":31036,"href":"https:\/\/www.greenpeace.org\/poland\/wp-json\/wp\/v2\/posts\/3660\/revisions\/31036"}],"wp:featuredmedia":[{"embeddable":true,"href":"https:\/\/www.greenpeace.org\/poland\/wp-json\/wp\/v2\/media\/3557"}],"wp:attachment":[{"href":"https:\/\/www.greenpeace.org\/poland\/wp-json\/wp\/v2\/media?parent=3660"}],"wp:term":[{"taxonomy":"category","embeddable":true,"href":"https:\/\/www.greenpeace.org\/poland\/wp-json\/wp\/v2\/categories?post=3660"},{"taxonomy":"post_tag","embeddable":true,"href":"https:\/\/www.greenpeace.org\/poland\/wp-json\/wp\/v2\/tags?post=3660"},{"taxonomy":"p4-page-type","embeddable":true,"href":"https:\/\/www.greenpeace.org\/poland\/wp-json\/wp\/v2\/p4-page-type?post=3660"}],"curies":[{"name":"wp","href":"https:\/\/api.w.org\/{rel}","templated":true}]}}