{"id":36629,"date":"2025-05-16T15:57:01","date_gmt":"2025-05-16T13:57:01","guid":{"rendered":"https:\/\/www.greenpeace.org\/poland\/?p=36629"},"modified":"2025-05-27T14:03:10","modified_gmt":"2025-05-27T12:03:10","slug":"brzoska-i-tusk-proponuja-lexszyszko-2-0","status":"publish","type":"post","link":"https:\/\/www.greenpeace.org\/poland\/aktualnosci\/36629\/brzoska-i-tusk-proponuja-lexszyszko-2-0\/","title":{"rendered":"Brzoska i Tusk proponuj\u0105 LexSzyszko 2.0"},"content":{"rendered":"\n<p><strong>W ramach zainicjowanej przez premiera Tuska\u00a0 tak zwanej \u201cderegulacji Brzoski\u201d zosta\u0142 przedstawiony do konsultacji spo\u0142ecznych projekt nowelizacji ustawy o ochronie przyrody, kt\u00f3ry mo\u017ce doprowadzi\u0107 do niekontrolowanej i masowej wycinki drzew w naszym kraju. Rz\u0105d wyznaczy\u0142 skandalicznie kr\u00f3tki, zaledwie trzydniowy termin konsultacji.\u00a0<\/strong><\/p>\n\n<p>Obecne przepisy zak\u0142adaj\u0105, \u017ce osoba fizyczna, kt\u00f3ra zamierza wyci\u0105\u0107 drzewo na swoim terenie musi zg\u0142osi\u0107 taki zamiar do odpowiedniego urz\u0119du. Urz\u0119dy powinny w ci\u0105gu 21 dni przeprowadzi\u0107 ogl\u0119dziny zg\u0142oszonego drzewa, a nast\u0119pnie maj\u0105 14 dni na wniesienie ewentualnego sprzeciwu. Sprzeciw wobec usuni\u0119cia drzewa mo\u017ce nast\u0105pi\u0107 mi\u0119dzy innymi kiedy drzewo jest cenne przyrodniczo &#8211; np. ma wymiary pomnikowe, stanowi siedlisko dla chronionych gatunk\u00f3w zwierz\u0105t, ro\u015blin, grzyb\u00f3w, lub gdy znajduje si\u0119 na nim zamieszka\u0142e gniazdo, czy dziupla.&nbsp;<\/p>\n\n<p>Przedstawiony projekt zak\u0142ada sztywny termin na reakcj\u0119 urz\u0119d\u00f3w &#8211; 35 dni. Nawet je\u017celi urz\u0119dy nie przeprowadz\u0105 ogl\u0119dzin, po 35 dniach od zg\u0142oszenia drzewo b\u0119dzie mog\u0142o zosta\u0107 wyci\u0119te. Wed\u0142ug uzasadnienia projektu wdro\u017cenie tej \u201cmilcz\u0105cej zgody\u201d ma zmniejszy\u0107 czas oczekiwania na usuni\u0119cie drzew. Jednak Pa\u0144stwowa Rada Ochrony Przyrody w swojej opinii wskazuje, \u017ce projekt ten nie ma podstaw merytorycznych. PROP podaje, \u017ce obecnie proces wydawania opinii jest cz\u0119sto kr\u00f3tszy ni\u017c 21 dni. Ewentualne op\u00f3\u017anienia mog\u0105 wynika\u0107 z brak\u00f3w kadrowych w urz\u0119dach i braku specjalistycznego przygotowania urz\u0119dnik\u00f3w. W niekt\u00f3rych przypadkach ogl\u0119dziny dotycz\u0105 gatunk\u00f3w rzadkich i trudnych do prawid\u0142owego rozpoznania, a to przed\u0142u\u017ca ca\u0142y proces.&nbsp;&nbsp;<\/p>\n\n<p>Dodatkowo PROP wskazuje, \u017ce nowelizacja \u201c<em>tworzy korupcjogenn\u0105 luk\u0119 prawn\u0105 mog\u0105c\u0105 powodowa\u0107 znacz\u0105ce skutki finansowe, umo\u017cliwia cz\u0119\u015bci wnioskodawc\u00f3w wymuszanie milcz\u0105cej zgody<\/em>\u201d.<\/p>\n\n<p>&#8211; Ten projekt jest niezwykle niebezpieczny &#8211; mo\u017ce doprowadzi\u0107 do niekontrolowanej wycinki drzew, w tym tych niezwykle cennych dla przyrody, kt\u00f3re powinny podlega\u0107 ochronie. Rz\u0105d Donalda Tuska obieca\u0142, \u017ce b\u0119dzie wzmacnia\u0142 ochron\u0119 przyrody, a tymczasem pr\u00f3buje nam wcisn\u0105\u0107 projekt, kt\u00f3ry wygl\u0105da jak \u201c<a href=\"https:\/\/www.greenpeace.org\/poland\/aktualnosci\/1866\/lex-szyszko-to-polska-w-trocinach\/\">LexSzyszko<\/a> 2.0\u201d. Apelujemy o ca\u0142kowite odrzucenie tego szkodliwego rozwi\u0105zania. Jedynym sposobem przyspieszenia procedur jest wi\u0119ksze wsparcie dla urz\u0119d\u00f3w, a nie wolna amerykanka! &#8211; powiedzia\u0142a Aleksandra Wiktor z Greenpeace Polska<\/p>\n\n<p>&#8211; Rz\u0105dz\u0105cy ewidentnie chc\u0105 przepchn\u0105\u0107 ten skandaliczny projekt w ekspresowym tempie, jednocze\u015bnie unikaj\u0105c krytycznych g\u0142os\u00f3w spo\u0142ecze\u0144stwa. Na konsultacje publiczne przeznaczono zaledwie 3 dni robocze! I dzieje si\u0119 to, chocia\u017c od kilku miesi\u0119cy dzia\u0142a powo\u0142any przez Ministerstwo Klimatu i \u015arodowiska zesp\u00f3\u0142, kt\u00f3ry ma za zadanie przygotowa\u0107 przepisy i zasady, zwi\u0119kszaj\u0105ce ochron\u0119 drzew i krzew\u00f3w. Podczas gdy zesp\u00f3\u0142 wci\u0105\u017c pracuje, rz\u0105d b\u0142yskawicznie pr\u00f3buje przepchn\u0105\u0107 ten niezwykle szkodliwy projekt, drastycznie os\u0142abiaj\u0105cy ochron\u0119 drzew! Nie tak powinien przebiega\u0107 transparentny proces tworzenia prawa &#8211; dodaje Aleksandra Wiktor.<\/p>\n","protected":false},"excerpt":{"rendered":"<p>W ramach zainicjowanej przez premiera Tuska&nbsp; tak zwanej \u201cderegulacji Brzoski\u201d zosta\u0142 przedstawiony do konsultacji spo\u0142ecznych projekt nowelizacji ustawy o ochronie przyrody, kt\u00f3ry mo\u017ce doprowadzi\u0107 do niekontrolowanej i masowej wycinki drzew&hellip;<\/p>\n","protected":false},"author":32,"featured_media":36630,"comment_status":"closed","ping_status":"open","sticky":false,"template":"","format":"standard","meta":{"ep_exclude_from_search":false,"p4_og_title":"","p4_og_description":"","p4_og_image":"https:\/\/www.greenpeace.org\/static\/planet4-poland-stateless\/2025\/05\/401e9188-dsc05187-scaled.jpg","p4_og_image_id":"36630","p4_seo_canonical_url":"","p4_campaign_name":"","p4_local_project":"","p4_basket_name":"","p4_department":"","footnotes":""},"categories":[3],"tags":[26],"p4-page-type":[14],"class_list":["post-36629","post","type-post","status-publish","format-standard","has-post-thumbnail","hentry","category-przyroda","tag-ochrona-przyrody","p4-page-type-aktualnosci"],"_links":{"self":[{"href":"https:\/\/www.greenpeace.org\/poland\/wp-json\/wp\/v2\/posts\/36629","targetHints":{"allow":["GET"]}}],"collection":[{"href":"https:\/\/www.greenpeace.org\/poland\/wp-json\/wp\/v2\/posts"}],"about":[{"href":"https:\/\/www.greenpeace.org\/poland\/wp-json\/wp\/v2\/types\/post"}],"author":[{"embeddable":true,"href":"https:\/\/www.greenpeace.org\/poland\/wp-json\/wp\/v2\/users\/32"}],"replies":[{"embeddable":true,"href":"https:\/\/www.greenpeace.org\/poland\/wp-json\/wp\/v2\/comments?post=36629"}],"version-history":[{"count":2,"href":"https:\/\/www.greenpeace.org\/poland\/wp-json\/wp\/v2\/posts\/36629\/revisions"}],"predecessor-version":[{"id":36732,"href":"https:\/\/www.greenpeace.org\/poland\/wp-json\/wp\/v2\/posts\/36629\/revisions\/36732"}],"wp:featuredmedia":[{"embeddable":true,"href":"https:\/\/www.greenpeace.org\/poland\/wp-json\/wp\/v2\/media\/36630"}],"wp:attachment":[{"href":"https:\/\/www.greenpeace.org\/poland\/wp-json\/wp\/v2\/media?parent=36629"}],"wp:term":[{"taxonomy":"category","embeddable":true,"href":"https:\/\/www.greenpeace.org\/poland\/wp-json\/wp\/v2\/categories?post=36629"},{"taxonomy":"post_tag","embeddable":true,"href":"https:\/\/www.greenpeace.org\/poland\/wp-json\/wp\/v2\/tags?post=36629"},{"taxonomy":"p4-page-type","embeddable":true,"href":"https:\/\/www.greenpeace.org\/poland\/wp-json\/wp\/v2\/p4-page-type?post=36629"}],"curies":[{"name":"wp","href":"https:\/\/api.w.org\/{rel}","templated":true}]}}