{"id":36736,"date":"2025-05-27T14:30:56","date_gmt":"2025-05-27T12:30:56","guid":{"rendered":"https:\/\/www.greenpeace.org\/poland\/?p=36736"},"modified":"2025-06-04T14:35:05","modified_gmt":"2025-06-04T12:35:05","slug":"wielki-transparent-na-terenie-rezydencji-prezydenta-w-juracie-aktywisci-greenpeace-apeluja-do-kandydatow-by-wspierali-oze","status":"publish","type":"post","link":"https:\/\/www.greenpeace.org\/poland\/aktualnosci\/36736\/wielki-transparent-na-terenie-rezydencji-prezydenta-w-juracie-aktywisci-greenpeace-apeluja-do-kandydatow-by-wspierali-oze\/","title":{"rendered":"Wielki transparent na terenie rezydencji prezydenta w Juracie. Aktywi\u015bci Greenpeace apeluj\u0105 do kandydat\u00f3w, by wspierali OZE."},"content":{"rendered":"\n<p>Dzi\u015b grupa aktywist\u00f3w i aktywistek Greenpeace na pla\u017cy przed prezydenckim o\u015brodkiem w Juracie rozci\u0105gn\u0119\u0142a ogromny transparent z has\u0142em: POLSKI WIATR, NIE OBCY GAZ. T\u0105 pokojow\u0105 akcj\u0105 chcieli na kilka dni przed drug\u0105 tur\u0105 wybor\u00f3w prezydenckich zwr\u00f3ci\u0107 uwag\u0119 obu kandydat\u00f3w i opinii publicznej na problem bezpiecze\u0144stwa energetycznego Polski, ale r\u00f3wnie\u017c Europy, w kt\u00f3rej znaczenie naszego kraju w ostatnich latach znacz\u0105co wzros\u0142o. Aktywi\u015bci domagaj\u0105 si\u0119, by kandydaci jasno opowiedzieli si\u0119 za rozwojem energetyki ze \u017ar\u00f3de\u0142 odnawialnych, a przeciwko podtrzymywaniu uzale\u017cnienia od importu paliw kopalnych &#8211; przede wszystkim gazu.<\/p>\n\n<figure class=\"wp-block-image size-large\"><img loading=\"lazy\" decoding=\"async\" width=\"1024\" height=\"768\" src=\"https:\/\/www.greenpeace.org\/static\/planet4-poland-stateless\/2025\/05\/c3646ee9-skadrowane-1-1024x768.jpg\" alt=\"\" class=\"wp-image-36738\" srcset=\"https:\/\/www.greenpeace.org\/static\/planet4-poland-stateless\/2025\/05\/c3646ee9-skadrowane-1-1024x768.jpg 1024w, https:\/\/www.greenpeace.org\/static\/planet4-poland-stateless\/2025\/05\/c3646ee9-skadrowane-1-500x375.jpg 500w, https:\/\/www.greenpeace.org\/static\/planet4-poland-stateless\/2025\/05\/c3646ee9-skadrowane-1-768x576.jpg 768w, https:\/\/www.greenpeace.org\/static\/planet4-poland-stateless\/2025\/05\/c3646ee9-skadrowane-1-1536x1152.jpg 1536w, https:\/\/www.greenpeace.org\/static\/planet4-poland-stateless\/2025\/05\/c3646ee9-skadrowane-1-1821x1366.jpg 1821w, https:\/\/www.greenpeace.org\/static\/planet4-poland-stateless\/2025\/05\/c3646ee9-skadrowane-1-453x340.jpg 453w, https:\/\/www.greenpeace.org\/static\/planet4-poland-stateless\/2025\/05\/c3646ee9-skadrowane-1.jpg 1924w\" sizes=\"auto, (max-width: 1024px) 100vw, 1024px\" \/><\/figure>\n\n<p>&#8211; To prezydent stoi na stra\u017cy bezpiecze\u0144stwa i suwerenno\u015bci pa\u0144stwa. A nasze bezpiecze\u0144stwo i suwerenno\u015b\u0107 to dzisiaj polski wiatr, a nie obcy gaz. Dlatego postanowili\u015bmy tu, nad Ba\u0142tykiem, na terenie rezydencji prezydenta zaapelowa\u0107 do przysz\u0142ej g\u0142owy pa\u0144stwa o zadbanie o prawdziw\u0105 niepodleg\u0142o\u015b\u0107 energetyczn\u0105. Nad polskim morzem nikogo nie trzeba przekonywa\u0107, \u017ce energetyka wiatrowa ma ogromny potencja\u0142. No i przecie\u017c to niedaleko st\u0105d przebiega haniebny gazoci\u0105g Nord Stream i przep\u0142ywaj\u0105 statki rosyjskiej floty cienia, szmugluj\u0105ce rosyjskie paliwa &#8211; m\u00f3wi Katarzyna W\u0105do\u0142owska, aktywistka bior\u0105ca udzia\u0142 w akcji.\u00a0<\/p>\n\n<p>Cho\u0107 przed dwoma tygodniami Komisja Europejska og\u0142osi\u0142a, \u017ce planuje doprowadzi\u0107 do ostatecznego zako\u0144czenia importu paliw kopalnych z Rosji, a nowi przyw\u00f3dcy niemieckiego rz\u0105du od\u017cegnuj\u0105 si\u0119 od pomys\u0142u reaktywacji gazoci\u0105g\u00f3w Nord Stream, to widmo ich reaktywacji wci\u0105\u017c kr\u0105\u017cy po Europie, a media donosz\u0105, \u017ce zainteresowani s\u0105 tym tak\u017ce miliarderzy paliwowi z otoczenia Donalda Trumpa. Potwierdzaj\u0105 si\u0119 informacje, \u017ce pomi\u0119dzy wys\u0142annikami Putina a stron\u0105 zachodni\u0105 dochodzi do rozm\u00f3w na ten temat &#8211; w kwietniu w takim spotkaniu w Baku w Azerbejd\u017canie wzi\u0119li udzia\u0142 niemieccy politycy z kr\u0119gu by\u0142ego kanclerza Gerharda Schroedera, wieloletniego wsp\u00f3\u0142pracownika Gazpromu i \u201eprzyjaciela Putina\u201d. Za\u015b strona ameryka\u0144ska rozwa\u017ca tak\u017ce pomys\u0142 odkupienia zniszczonego gazoci\u0105gu i p\u00f3\u017aniejszy reeksport rosyjskiego gazu za po\u015brednictwem ameryka\u0144skich sp\u00f3\u0142ek paliwowych.&nbsp;<\/p>\n\n<p>&#8211; Rz\u0105d PiS ze sobie tylko znanych wzgl\u0119d\u00f3w zablokowa\u0142 rozw\u00f3j energetyki wiatrowej w Polsce, od p\u00f3\u0142tora roku czekamy, by to si\u0119 zmieni\u0142o i wci\u0105\u017c nic. Za to brniemy w uzale\u017cnienie od gazu od Donalda Trumpa. A dzia\u0142ania tego polityka s\u0105 kompletnie nieprzewidywalne, od kilku miesi\u0119cy sieje chaos w \u015bwiatowej gospodarce, a taki chaos oznacza niestabilne ceny i wiele innych niebezpiecze\u0144stw. Przysz\u0142y polski prezydent musi da\u0107 jasny sygna\u0142: nasze bezpiecze\u0144stwo to odnawialne \u017ar\u00f3d\u0142a energii &#8211; komentuje Krzysztof Cibor, szef zespo\u0142u kampanii klimatycznych i przyrodniczych Greenpeace Polska.<\/p>\n\n<p>Nale\u017cy doda\u0107, \u017ce polska energetyka ze \u017ar\u00f3de\u0142 odnawialnych rozwija si\u0119 szybciej, ni\u017c przewidywa\u0142y jakiekolwiek rz\u0105dowe prognozy &#8211; ju\u017c w tej chwili produkujemy trzy razy wi\u0119cej pr\u0105du z paneli fotowoltaicznych, ni\u017c rz\u0105d Morawieckiego planowa\u0142 na rok 2030. W kwietniu tego roku udzia\u0142 w\u0119gla w produkcji energii elektrycznej w Polsce spad\u0142 poni\u017cej 50 proc., a na OZE przypad\u0142o 34 proc. Przygotowali\u015bmy szczeg\u00f3\u0142ow\u0105 analiz\u0119 o wzro\u015bcie udzia\u0142u OZE w produkcji energii w Polsce, wi\u0119cej szczeg\u00f3\u0142\u00f3w tutaj. <\/p>\n<div data-hydrate=\"planet4-blocks\/gallery\" data-attributes=\"{&quot;attributes&quot;:{&quot;multiple_image&quot;:&quot;36747,36743,36741,36744&quot;,&quot;image_data&quot;:[{&quot;url&quot;:&quot;https:\\\/\\\/www.greenpeace.org\\\/static\\\/planet4-poland-stateless\\\/2025\\\/05\\\/63b84d3a-skadrowane-1.jpg&quot;,&quot;focalPoint&quot;:{&quot;x&quot;:0.5,&quot;y&quot;:0.5},&quot;id&quot;:36747},{&quot;url&quot;:&quot;https:\\\/\\\/www.greenpeace.org\\\/static\\\/planet4-poland-stateless\\\/2025\\\/05\\\/59b7568f-img_0181.jpg&quot;,&quot;focalPoint&quot;:{&quot;x&quot;:0.5,&quot;y&quot;:0.5},&quot;id&quot;:36743},{&quot;url&quot;:&quot;https:\\\/\\\/www.greenpeace.org\\\/static\\\/planet4-poland-stateless\\\/2025\\\/05\\\/b3752543-img_0163.jpg&quot;,&quot;focalPoint&quot;:{&quot;x&quot;:0.5,&quot;y&quot;:0.5},&quot;id&quot;:36741},{&quot;url&quot;:&quot;https:\\\/\\\/www.greenpeace.org\\\/static\\\/planet4-poland-stateless\\\/2025\\\/05\\\/59b7568f-img_0060.jpg&quot;,&quot;focalPoint&quot;:{&quot;x&quot;:0.5,&quot;y&quot;:0.5},&quot;id&quot;:36744}],&quot;gallery_block_style&quot;:0,&quot;gallery_block_title&quot;:&quot;&quot;,&quot;gallery_block_description&quot;:&quot;&quot;,&quot;gallery_block_focus_points&quot;:&quot;&quot;,&quot;images&quot;:[{&quot;image_src&quot;:&quot;https:\\\/\\\/www.greenpeace.org\\\/static\\\/planet4-poland-stateless\\\/2025\\\/05\\\/63b84d3a-skadrowane-1.jpg&quot;,&quot;image_srcset&quot;:&quot;https:\\\/\\\/www.greenpeace.org\\\/static\\\/planet4-poland-stateless\\\/2025\\\/05\\\/63b84d3a-skadrowane-1.jpg 1924w, https:\\\/\\\/www.greenpeace.org\\\/static\\\/planet4-poland-stateless\\\/2025\\\/05\\\/63b84d3a-skadrowane-1-500x375.jpg 500w, https:\\\/\\\/www.greenpeace.org\\\/static\\\/planet4-poland-stateless\\\/2025\\\/05\\\/63b84d3a-skadrowane-1-1024x768.jpg 1024w, https:\\\/\\\/www.greenpeace.org\\\/static\\\/planet4-poland-stateless\\\/2025\\\/05\\\/63b84d3a-skadrowane-1-768x576.jpg 768w, https:\\\/\\\/www.greenpeace.org\\\/static\\\/planet4-poland-stateless\\\/2025\\\/05\\\/63b84d3a-skadrowane-1-1536x1152.jpg 1536w, https:\\\/\\\/www.greenpeace.org\\\/static\\\/planet4-poland-stateless\\\/2025\\\/05\\\/63b84d3a-skadrowane-1-1821x1366.jpg 1821w, https:\\\/\\\/www.greenpeace.org\\\/static\\\/planet4-poland-stateless\\\/2025\\\/05\\\/63b84d3a-skadrowane-1-453x340.jpg 453w&quot;,&quot;image_sizes&quot;:false,&quot;alt_text&quot;:&quot;&quot;,&quot;caption&quot;:&quot;&quot;,&quot;focus_image&quot;:&quot;&quot;,&quot;credits&quot;:&quot;&quot;},{&quot;image_src&quot;:&quot;https:\\\/\\\/www.greenpeace.org\\\/static\\\/planet4-poland-stateless\\\/2025\\\/05\\\/59b7568f-img_0181.jpg&quot;,&quot;image_srcset&quot;:&quot;https:\\\/\\\/www.greenpeace.org\\\/static\\\/planet4-poland-stateless\\\/2025\\\/05\\\/59b7568f-img_0181.jpg 1443w, https:\\\/\\\/www.greenpeace.org\\\/static\\\/planet4-poland-stateless\\\/2025\\\/05\\\/59b7568f-img_0181-375x500.jpg 375w, https:\\\/\\\/www.greenpeace.org\\\/static\\\/planet4-poland-stateless\\\/2025\\\/05\\\/59b7568f-img_0181-768x1024.jpg 768w, https:\\\/\\\/www.greenpeace.org\\\/static\\\/planet4-poland-stateless\\\/2025\\\/05\\\/59b7568f-img_0181-1152x1536.jpg 1152w, https:\\\/\\\/www.greenpeace.org\\\/static\\\/planet4-poland-stateless\\\/2025\\\/05\\\/59b7568f-img_0181-1025x1366.jpg 1025w, https:\\\/\\\/www.greenpeace.org\\\/static\\\/planet4-poland-stateless\\\/2025\\\/05\\\/59b7568f-img_0181-255x340.jpg 255w&quot;,&quot;image_sizes&quot;:false,&quot;alt_text&quot;:&quot;&quot;,&quot;caption&quot;:&quot;&quot;,&quot;focus_image&quot;:&quot;&quot;,&quot;credits&quot;:&quot;&quot;},{&quot;image_src&quot;:&quot;https:\\\/\\\/www.greenpeace.org\\\/static\\\/planet4-poland-stateless\\\/2025\\\/05\\\/b3752543-img_0163.jpg&quot;,&quot;image_srcset&quot;:&quot;https:\\\/\\\/www.greenpeace.org\\\/static\\\/planet4-poland-stateless\\\/2025\\\/05\\\/b3752543-img_0163.jpg 1924w, https:\\\/\\\/www.greenpeace.org\\\/static\\\/planet4-poland-stateless\\\/2025\\\/05\\\/b3752543-img_0163-500x333.jpg 500w, https:\\\/\\\/www.greenpeace.org\\\/static\\\/planet4-poland-stateless\\\/2025\\\/05\\\/b3752543-img_0163-1024x683.jpg 1024w, https:\\\/\\\/www.greenpeace.org\\\/static\\\/planet4-poland-stateless\\\/2025\\\/05\\\/b3752543-img_0163-768x512.jpg 768w, https:\\\/\\\/www.greenpeace.org\\\/static\\\/planet4-poland-stateless\\\/2025\\\/05\\\/b3752543-img_0163-1536x1024.jpg 1536w, https:\\\/\\\/www.greenpeace.org\\\/static\\\/planet4-poland-stateless\\\/2025\\\/05\\\/b3752543-img_0163-510x340.jpg 510w&quot;,&quot;image_sizes&quot;:false,&quot;alt_text&quot;:&quot;&quot;,&quot;caption&quot;:&quot;&quot;,&quot;focus_image&quot;:&quot;&quot;,&quot;credits&quot;:&quot;&quot;},{&quot;image_src&quot;:&quot;https:\\\/\\\/www.greenpeace.org\\\/static\\\/planet4-poland-stateless\\\/2025\\\/05\\\/59b7568f-img_0060.jpg&quot;,&quot;image_srcset&quot;:&quot;https:\\\/\\\/www.greenpeace.org\\\/static\\\/planet4-poland-stateless\\\/2025\\\/05\\\/59b7568f-img_0060.jpg 1924w, https:\\\/\\\/www.greenpeace.org\\\/static\\\/planet4-poland-stateless\\\/2025\\\/05\\\/59b7568f-img_0060-500x333.jpg 500w, https:\\\/\\\/www.greenpeace.org\\\/static\\\/planet4-poland-stateless\\\/2025\\\/05\\\/59b7568f-img_0060-1024x683.jpg 1024w, https:\\\/\\\/www.greenpeace.org\\\/static\\\/planet4-poland-stateless\\\/2025\\\/05\\\/59b7568f-img_0060-768x512.jpg 768w, https:\\\/\\\/www.greenpeace.org\\\/static\\\/planet4-poland-stateless\\\/2025\\\/05\\\/59b7568f-img_0060-1536x1024.jpg 1536w, https:\\\/\\\/www.greenpeace.org\\\/static\\\/planet4-poland-stateless\\\/2025\\\/05\\\/59b7568f-img_0060-510x340.jpg 510w&quot;,&quot;image_sizes&quot;:false,&quot;alt_text&quot;:&quot;&quot;,&quot;caption&quot;:&quot;&quot;,&quot;focus_image&quot;:&quot;&quot;,&quot;credits&quot;:&quot;&quot;}]}}\"><section class=\"block carousel-wrap \"><\/section><\/div>","protected":false},"excerpt":{"rendered":"<p>W godzinach porannych grupa aktywist\u00f3w i aktywistek Greenpeace na pla\u017cy przed prezydenckim o\u015brodkiem w Juracie rozci\u0105gn\u0119\u0142a ogromny transparent z has\u0142em: POLSKI WIATR, NIE OBCY GAZ. T\u0105 pokojow\u0105 akcj\u0105 chcieli na&hellip;<\/p>\n","protected":false},"author":32,"featured_media":36742,"comment_status":"closed","ping_status":"open","sticky":false,"template":"","format":"standard","meta":{"ep_exclude_from_search":false,"p4_og_title":"","p4_og_description":"","p4_og_image":"https:\/\/www.greenpeace.org\/static\/planet4-poland-stateless\/2025\/05\/5fca4c95-img_0181.jpg","p4_og_image_id":"36740","p4_seo_canonical_url":"","p4_campaign_name":"","p4_local_project":"","p4_basket_name":"","p4_department":"","footnotes":""},"categories":[2],"tags":[24,7,106,6],"p4-page-type":[14],"class_list":["post-36736","post","type-post","status-publish","format-standard","has-post-thumbnail","hentry","category-klimat-energia","tag-aktywizm","tag-czysta-energia","tag-gaz","tag-klimat","p4-page-type-aktualnosci"],"_links":{"self":[{"href":"https:\/\/www.greenpeace.org\/poland\/wp-json\/wp\/v2\/posts\/36736","targetHints":{"allow":["GET"]}}],"collection":[{"href":"https:\/\/www.greenpeace.org\/poland\/wp-json\/wp\/v2\/posts"}],"about":[{"href":"https:\/\/www.greenpeace.org\/poland\/wp-json\/wp\/v2\/types\/post"}],"author":[{"embeddable":true,"href":"https:\/\/www.greenpeace.org\/poland\/wp-json\/wp\/v2\/users\/32"}],"replies":[{"embeddable":true,"href":"https:\/\/www.greenpeace.org\/poland\/wp-json\/wp\/v2\/comments?post=36736"}],"version-history":[{"count":2,"href":"https:\/\/www.greenpeace.org\/poland\/wp-json\/wp\/v2\/posts\/36736\/revisions"}],"predecessor-version":[{"id":36749,"href":"https:\/\/www.greenpeace.org\/poland\/wp-json\/wp\/v2\/posts\/36736\/revisions\/36749"}],"wp:featuredmedia":[{"embeddable":true,"href":"https:\/\/www.greenpeace.org\/poland\/wp-json\/wp\/v2\/media\/36742"}],"wp:attachment":[{"href":"https:\/\/www.greenpeace.org\/poland\/wp-json\/wp\/v2\/media?parent=36736"}],"wp:term":[{"taxonomy":"category","embeddable":true,"href":"https:\/\/www.greenpeace.org\/poland\/wp-json\/wp\/v2\/categories?post=36736"},{"taxonomy":"post_tag","embeddable":true,"href":"https:\/\/www.greenpeace.org\/poland\/wp-json\/wp\/v2\/tags?post=36736"},{"taxonomy":"p4-page-type","embeddable":true,"href":"https:\/\/www.greenpeace.org\/poland\/wp-json\/wp\/v2\/p4-page-type?post=36736"}],"curies":[{"name":"wp","href":"https:\/\/api.w.org\/{rel}","templated":true}]}}