{"id":36753,"date":"2025-05-29T09:19:44","date_gmt":"2025-05-29T07:19:44","guid":{"rendered":"https:\/\/www.greenpeace.org\/poland\/?p=36753"},"modified":"2025-05-29T12:23:27","modified_gmt":"2025-05-29T10:23:27","slug":"unia-europejska-na-ratunek-oceanom-jednak-bez-polski-ratyfikacja-traktatu-oceanicznego","status":"publish","type":"post","link":"https:\/\/www.greenpeace.org\/poland\/aktualnosci\/36753\/unia-europejska-na-ratunek-oceanom-jednak-bez-polski-ratyfikacja-traktatu-oceanicznego\/","title":{"rendered":"Unia Europejska na ratunek oceanom, jednak bez Polski &#8211; ratyfikacja Traktatu Oceanicznego"},"content":{"rendered":"\n<p><strong>Unia Europejska oraz sze\u015b\u0107 pa\u0144stw cz\u0142onkowskich UE z\u0142o\u017cy\u0142y wczoraj ratyfikacje Traktatu Oceanicznego do ONZ. Jest to porozumienie, kt\u00f3re pozwoli na skuteczn\u0105 ochron\u0119 oceanicznych ekosystem\u00f3w. W\u015br\u00f3d kraj\u00f3w, kt\u00f3re przyj\u0119\u0142y Traktat zabrak\u0142o jednak Polski.&nbsp;<\/strong><\/p>\n\n<p>Na pocz\u0105tku czerwca w Nicei odb\u0119dzie si\u0119 Szczyt Oceaniczny ONZ. \u015awiatowi liderzy, politycy i eksperci spotkaj\u0105 si\u0119 we Francji, by przedyskutowa\u0107 m.in. tematy ochrony ocean\u00f3w i przysz\u0142o\u015bci mi\u0119dzynarodowej polityki w tym zakresie. Greenpeace od roku apeluje do polskiego rz\u0105du o przyspieszenie procesu ratyfikacji tego Traktatu. Niestety do tej pory to si\u0119 nie wydarzy\u0142o. <strong>Aby Traktat wszed\u0142 w \u017cycie, musi ratyfikowa\u0107 go 60 pa\u0144stw. Tymczasem zrobi\u0142o to dopiero 28 kraj\u00f3w.<\/strong><\/p>\n\n<p><em>&#8211; Szczyt Oceaniczny powinien by\u0107 \u015bwi\u0119tem, na kt\u00f3rym oczekiwali\u015bmy og\u0142oszenia wej\u015bcia w \u017cycie zapis\u00f3w umo\u017cliwiaj\u0105cych tworzenie rezerwat\u00f3w morskich i ochron\u0119 ekosystem\u00f3w oceanicznych m.in. przed niszczycielskimi dzia\u0142aniami korporacji. Nadal nie wiadomo czy mo\u017cliwe jest wesele, czy raczej b\u0119dzie to stypa. Opiesza\u0142o\u015b\u0107 procesu ratyfikacji przez polski rz\u0105d i brak zaanga\u017cowania polskiej prezydencji na rzecz przekonania wszystkich pa\u0144stw cz\u0142onkowskich Unii dodatkowo spowolni\u0142a ten proces &#8211;<\/em> powiedzia\u0142a Anna Ogniewska, koordynatorka kampanii politycznych w Greenpeace.\u00a0<\/p>\n\n<p>Zbli\u017caj\u0105cy si\u0119 Szczyt Oceaniczny ONZ b\u0119dzie pierwszym spotkaniem na wysokim szczeblu po tym, jak jedna z firm zajmuj\u0105cych si\u0119 wydobyciem g\u0142\u0119binowym z\u0142o\u017cy\u0142a pierwszy w historii wniosek o pozwolenie na wydobycie z dna oceanicznego metod\u0105 g\u00f3rnictwa g\u0142\u0119binowego. W obliczu tego nowego zagro\u017cenia zwi\u0105zanego z eksploatacj\u0105, kt\u00f3rej skutki w dalszym ci\u0105gu nie zosta\u0142y poznane, coraz wi\u0119cej kraj\u00f3w do\u0142\u0105cza do grupy pa\u0144stw popieraj\u0105cych wprowadzenie moratorium na rozw\u00f3j g\u00f3rnictwa g\u0142\u0119binowego.<\/p>\n\n<p>* Kraje, kt\u00f3re do tej pory ratyfikowa\u0142y Traktat Oceaniczny to:&nbsp;<\/p>\n\n<p>Antigua i Barbuda, Bangladesz, Barbados, Belize, Chile, Cypr, Finlandia, Francja, Hiszpania, \u0141otwa, Kostaryka, Kuba, Malawi, Malediwy, Mauritius, Mikronezja (Sfederowane Stany Mikronezji), Monako, Palau, Panama, Portugalia, Republika Korei, Saint Lucia, Seszele,&nbsp; Singapur, S\u0142owenia, Timor Wschodni, W\u0119gry, Wyspy Marshalla oraz Unia Europejska.<\/p>\n\t\t\t<section\n\t\t\tclass=\"boxout  \"\n\t\t\t\n\t\t>\n\t\t\t<a\n\t\t\t\tdata-ga-category=\"Take Action Boxout\"\n\t\t\t\tdata-ga-action=\"Image\"\n\t\t\t\tdata-ga-label=\"n\/a\"\n\t\t\t\tclass=\"cover-card-overlay\"\n\t\t\t\thref=\"https:\/\/dzialaj.greenpeace.pl\/oceany\" \n\t\t\t><\/a>\n\t\t\t\t\t\t\t<img\n\t\t\t\t\t\tsrc=\"https:\/\/www.greenpeace.org\/static\/planet4-poland-stateless\/2024\/07\/d5c2d2e2-wer4870-1024x683.jpg\"\n\t\t\t\t\t\tsrcset=\"https:\/\/www.greenpeace.org\/static\/planet4-poland-stateless\/2024\/07\/d5c2d2e2-wer4870-500x333.jpg 500w, https:\/\/www.greenpeace.org\/static\/planet4-poland-stateless\/2024\/07\/d5c2d2e2-wer4870-1024x683.jpg 1024w, https:\/\/www.greenpeace.org\/static\/planet4-poland-stateless\/2024\/07\/d5c2d2e2-wer4870-768x512.jpg 768w, https:\/\/www.greenpeace.org\/static\/planet4-poland-stateless\/2024\/07\/d5c2d2e2-wer4870-1536x1024.jpg 1536w, https:\/\/www.greenpeace.org\/static\/planet4-poland-stateless\/2024\/07\/d5c2d2e2-wer4870-2048x1366.jpg 2048w, https:\/\/www.greenpeace.org\/static\/planet4-poland-stateless\/2024\/07\/d5c2d2e2-wer4870-510x340.jpg 510w\"\n\t\t\t\t\t\tsizes=\"(min-width: 1000px) 358px, (min-width: 780px) 313px, 88px\"\n\t\t\t\t\t\talt=\"\" title=\"\"\n\t\t\t\t\/>\n            \t\t\t<div class=\"boxout-content\">\n\t\t\t\t\t\t\t\t\t<a\n\t\t\t\t\t\tclass=\"boxout-heading medium\"\n\t\t\t\t\t\tdata-ga-category=\"Take Action Boxout\"\n\t\t\t\t\t\tdata-ga-action=\"Title\"\n\t\t\t\t\t\tdata-ga-label=\"n\/a\"\n\t\t\t\t\t\thref=\"https:\/\/dzialaj.greenpeace.pl\/oceany\"\n\t\t\t\t\t\t\n\t\t\t\t\t>\n\t\t\t\t\t\tPodpisz: Przyjmijcie \u015awiatowy Traktat Oceaniczny!\n\t\t\t\t\t<\/a>\n\t\t\t\t\t\t\t\t\t\t\t\t\t<p class=\"boxout-excerpt\">Im wi\u0119cej nas b\u0119dzie, tym wi\u0119ksza szansa, \u017ce Polska ratyfikuje Traktat Oceaniczny.<\/p>\n\t\t\t\t                                    <a\n                        class=\"btn btn-primary\"\n                        data-ga-category=\"Take Action Boxout\"\n                        data-ga-action=\"Call to Action\"\n                        data-ga-label=\"n\/a\"\n                        href=\"https:\/\/dzialaj.greenpeace.pl\/oceany\"\n                        \n                    >\n                        Podpisuj\u0119!\n                    <\/a>\n                \t\t\t<\/div>\n\t\t\t\t\t<\/section>\n\t","protected":false},"excerpt":{"rendered":"<p>Unia Europejska oraz sze\u015b\u0107 pa\u0144stw cz\u0142onkowskich UE z\u0142o\u017cy\u0142y wczoraj ratyfikacje Traktatu Oceanicznego do ONZ. Jest to porozumienie, kt\u00f3re pozwoli na skuteczn\u0105 ochron\u0119 oceanicznych ekosystem\u00f3w. W\u015br\u00f3d kraj\u00f3w, kt\u00f3re przyj\u0119\u0142y Traktat zabrak\u0142o&hellip;<\/p>\n","protected":false},"author":32,"featured_media":35890,"comment_status":"closed","ping_status":"open","sticky":false,"template":"","format":"standard","meta":{"ep_exclude_from_search":false,"p4_og_title":"","p4_og_description":"","p4_og_image":"https:\/\/www.greenpeace.org\/static\/planet4-poland-stateless\/2025\/01\/6e818134-53889713412_c28264dae2_c.jpg","p4_og_image_id":"35891","p4_seo_canonical_url":"","p4_campaign_name":"","p4_local_project":"","p4_basket_name":"","p4_department":"","footnotes":""},"categories":[3],"tags":[20],"p4-page-type":[14],"class_list":["post-36753","post","type-post","status-publish","format-standard","has-post-thumbnail","hentry","category-przyroda","tag-morza","p4-page-type-aktualnosci"],"_links":{"self":[{"href":"https:\/\/www.greenpeace.org\/poland\/wp-json\/wp\/v2\/posts\/36753","targetHints":{"allow":["GET"]}}],"collection":[{"href":"https:\/\/www.greenpeace.org\/poland\/wp-json\/wp\/v2\/posts"}],"about":[{"href":"https:\/\/www.greenpeace.org\/poland\/wp-json\/wp\/v2\/types\/post"}],"author":[{"embeddable":true,"href":"https:\/\/www.greenpeace.org\/poland\/wp-json\/wp\/v2\/users\/32"}],"replies":[{"embeddable":true,"href":"https:\/\/www.greenpeace.org\/poland\/wp-json\/wp\/v2\/comments?post=36753"}],"version-history":[{"count":4,"href":"https:\/\/www.greenpeace.org\/poland\/wp-json\/wp\/v2\/posts\/36753\/revisions"}],"predecessor-version":[{"id":36759,"href":"https:\/\/www.greenpeace.org\/poland\/wp-json\/wp\/v2\/posts\/36753\/revisions\/36759"}],"wp:featuredmedia":[{"embeddable":true,"href":"https:\/\/www.greenpeace.org\/poland\/wp-json\/wp\/v2\/media\/35890"}],"wp:attachment":[{"href":"https:\/\/www.greenpeace.org\/poland\/wp-json\/wp\/v2\/media?parent=36753"}],"wp:term":[{"taxonomy":"category","embeddable":true,"href":"https:\/\/www.greenpeace.org\/poland\/wp-json\/wp\/v2\/categories?post=36753"},{"taxonomy":"post_tag","embeddable":true,"href":"https:\/\/www.greenpeace.org\/poland\/wp-json\/wp\/v2\/tags?post=36753"},{"taxonomy":"p4-page-type","embeddable":true,"href":"https:\/\/www.greenpeace.org\/poland\/wp-json\/wp\/v2\/p4-page-type?post=36753"}],"curies":[{"name":"wp","href":"https:\/\/api.w.org\/{rel}","templated":true}]}}