{"id":36915,"date":"2025-06-06T14:40:00","date_gmt":"2025-06-06T12:40:00","guid":{"rendered":"https:\/\/www.greenpeace.org\/poland\/?p=36915"},"modified":"2025-07-02T09:31:27","modified_gmt":"2025-07-02T07:31:27","slug":"aktywisci-greenpeace-przerwali-brutalne-polowy-zagrozonych-rekinow","status":"publish","type":"post","link":"https:\/\/www.greenpeace.org\/poland\/aktualnosci\/36915\/aktywisci-greenpeace-przerwali-brutalne-polowy-zagrozonych-rekinow\/","title":{"rendered":"Aktywi\u015bci Greenpeace przerwali brutalne po\u0142owy zagro\u017conych rekin\u00f3w"},"content":{"rendered":"\n<p><strong>Aktywi\u015bci Greenpeace zak\u0142\u00f3cili trwaj\u0105ce u wybrze\u017cy Australii i Nowej Zelandii brutalne przemys\u0142owe po\u0142owy na d\u0142ugich linach haczykowych, przechwytuj\u0105c prawie 20 kilometr\u00f3w sprz\u0119tu rybackiego i uwalniaj\u0105c dziewi\u0119\u0107 rekin\u00f3w, w tym zagro\u017conego wygini\u0119ciem rekina ostronosego.<\/strong><\/p>\n\n<p>Przez ostatnie dwa tygodnie za\u0142oga statku Greenpeace Rainbow Warrior stawia\u0142a czo\u0142a przemys\u0142owym statkom rybackim na wodach wok\u00f3\u0142 Australii i Nowej Zelandii. W tym czasie ujawnione zosta\u0142y ukrywane na wodach pe\u0142nego oceanu barbarzy\u0144skie praktyki rybackie.<\/p>\n\n<p>Wraz z zespo\u0142em ekspert\u00f3w uda\u0142o si\u0119 uwolni\u0107 ze \u015bmiertelnej pu\u0142apki cztery mieczniki i 8 rekin\u00f3w b\u0142\u0119kitnych a tak\u017ce zagro\u017conego wygini\u0119ciem rekina ostronosego, kt\u00f3re bezpiecznie odp\u0142yn\u0119\u0142y. W czasie akcji uda\u0142o si\u0119 wyci\u0105gn\u0105\u0107 z oceanu 20 kilometr\u00f3w (!) lin z ponad 210 hakami, kt\u00f3re stosowane by\u0142y na statku p\u0142ywaj\u0105cym pod bander\u0105 jednego z pa\u0144stw Unii Europejskiej.<\/p>\n<div data-hydrate=\"planet4-blocks\/gallery\" data-attributes=\"{&quot;attributes&quot;:{&quot;gallery_block_style&quot;:0,&quot;gallery_block_title&quot;:&quot;&quot;,&quot;gallery_block_description&quot;:&quot;&quot;,&quot;multiple_image&quot;:&quot;&quot;,&quot;gallery_block_focus_points&quot;:&quot;&quot;,&quot;image_data&quot;:[],&quot;images&quot;:[]}}\"><section class=\"block carousel-wrap \"><\/section><\/div>\n<p>Georgia Whitaker z Greenpeace Australia Pacific, powiedzia\u0142a:<br>\u201eD\u0142ugie liny naszpikowane hakami to przemys\u0142owe maszyny do zabijania. Greenpeace Australia Pacific podj\u0119\u0142o pokojowe i bezpo\u015brednie dzia\u0142anie, aby przerwa\u0107 atak na morskie \u017cycie. Uratowali\u015bmy wa\u017cne gatunki, kt\u00f3re w przeciwnym razie zosta\u0142yby zabite lub pozostawione na \u015bmier\u0107 na hakach\u201d.<\/p>\n\n<figure class=\"wp-block-image size-large\"><img decoding=\"async\" src=\"https:\/\/www.greenpeace.org\/static\/planet4-poland-stateless\/2025\/06\/efb645fd-gp0su5o2m_medium-res-1200px-1024x683.jpg\" title=\"Moment uwolnienia przez Greenpeace z hak\u00f3w rekina b\u0142\u0119kitnego<div class=\"credit icon-left\"> \u00a9 Paul Hilton \/ Greenpeace<\/div>&#8221; alt=&#8221;Moment uwolnienia przez Greenpeace z hak\u00f3w rekina b\u0142\u0119kitnego<div class=\"credit icon-left\"> \u00a9 Paul Hilton \/ Greenpeace<\/div>&#8221; class=&#8221;wp-image-36917&#8243;\/><figcaption class=\"wp-element-caption\">Moment uwolnienia przez Greenpeace z hak\u00f3w rekina b\u0142\u0119kitnego<div class=\"credit icon-left\"> \u00a9 Paul Hilton \/ Greenpeace<\/div><\/figcaption><\/figure>\n\n<p>\u201eSkala po\u0142ow\u00f3w przemys\u0142owych \u2014 nadal legalnych na pe\u0142nym morzu \u2014 jest astronomiczna. Operatorzy statk\u00f3w twierdz\u0105, \u017ce poluj\u0105 na mieczniki lub tu\u0144czyki, ale byli\u015bmy \u015bwiadkami, jak na linach wyci\u0105gano mi\u0119dzy innymi zagro\u017cone gatunki rekin\u00f3w &#8211; przynajmniej trzy osobniki w ci\u0105gu p\u00f3\u0142 godziny! <strong>Greenpeace wzywa \u015bwiatowych lider\u00f3w na Konferencji Oceanicznej ONZ do ochrony 30% \u015bwiatowych ocean\u00f3w do 2030 roku przed t\u0105 bezmy\u015bln\u0105 destrukcj\u0105<\/strong>\u201d &#8211; doda\u0142a.<\/p>\n\n<p class=\"has-action-yellow-background-color has-background\"><strong>Ponad dwie trzecie rekin\u00f3w na \u015bwiecie to gatunki zagro\u017cone<\/strong>, a jedna trzecia z nich jest zagro\u017cona wygini\u0119ciem z powodu nadmiernych po\u0142ow\u00f3w.<\/p>\n\t\t\t<section\n\t\t\tclass=\"boxout post-34371 \"\n\t\t\t\n\t\t>\n\t\t\t<a\n\t\t\t\tdata-ga-category=\"Take Action Boxout\"\n\t\t\t\tdata-ga-action=\"Image\"\n\t\t\t\tdata-ga-label=\"n\/a\"\n\t\t\t\tclass=\"cover-card-overlay\"\n\t\t\t\thref=\"https:\/\/www.greenpeace.org\/poland\/dzialaj-old\/podpisz-polska-musi-podpisac-traktat-oceaniczny\/\" \n\t\t\t><\/a>\n\t\t\t\t\t\t\t<img\n\t\t\t\t\t\tsrc=\"https:\/\/www.greenpeace.org\/static\/planet4-poland-stateless\/2024\/03\/cbcdc0fd-delin-oceany-sieci-1024x581.jpg\"\n\t\t\t\t\t\tsrcset=\"https:\/\/www.greenpeace.org\/static\/planet4-poland-stateless\/2024\/03\/cbcdc0fd-delin-oceany-sieci-500x284.jpg 500w, https:\/\/www.greenpeace.org\/static\/planet4-poland-stateless\/2024\/03\/cbcdc0fd-delin-oceany-sieci-1024x581.jpg 1024w, https:\/\/www.greenpeace.org\/static\/planet4-poland-stateless\/2024\/03\/cbcdc0fd-delin-oceany-sieci-768x436.jpg 768w, https:\/\/www.greenpeace.org\/static\/planet4-poland-stateless\/2024\/03\/cbcdc0fd-delin-oceany-sieci-1536x872.jpg 1536w, https:\/\/www.greenpeace.org\/static\/planet4-poland-stateless\/2024\/03\/cbcdc0fd-delin-oceany-sieci-510x289.jpg 510w, https:\/\/www.greenpeace.org\/static\/planet4-poland-stateless\/2024\/03\/cbcdc0fd-delin-oceany-sieci.jpg 1600w\"\n\t\t\t\t\t\tsizes=\"(min-width: 1000px) 358px, (min-width: 780px) 313px, 88px\"\n\t\t\t\t\t\talt=\"\" title=\"\"\n\t\t\t\t\/>\n            \t\t\t<div class=\"boxout-content\">\n\t\t\t\t\t\t\t\t\t<a\n\t\t\t\t\t\tclass=\"boxout-heading medium\"\n\t\t\t\t\t\tdata-ga-category=\"Take Action Boxout\"\n\t\t\t\t\t\tdata-ga-action=\"Title\"\n\t\t\t\t\t\tdata-ga-label=\"n\/a\"\n\t\t\t\t\t\thref=\"https:\/\/www.greenpeace.org\/poland\/dzialaj-old\/podpisz-polska-musi-podpisac-traktat-oceaniczny\/\"\n\t\t\t\t\t\t\n\t\t\t\t\t>\n\t\t\t\t\t\tPodpisz: Polska musi podpisa\u0107 Traktat Oceaniczny\n\t\t\t\t\t<\/a>\n\t\t\t\t\t\t\t\t\t\t\t\t\t<p class=\"boxout-excerpt\">Pom\u00f3\u017cmy \u017cyciu w oceanach si\u0119 odrodzi\u0107! Zaapeluj do rz\u0105du, by Polska podpisa\u0142a \u015awiatowy Traktat Oceaniczny. Dzi\u0119ki niemu ochrona m\u00f3rz i ocean\u00f3w mo\u017ce sta\u0107 si\u0119 rzeczywisto\u015bci\u0105.<\/p>\n\t\t\t\t                                    <a\n                        class=\"btn btn-primary\"\n                        data-ga-category=\"Take Action Boxout\"\n                        data-ga-action=\"Call to Action\"\n                        data-ga-label=\"n\/a\"\n                        href=\"https:\/\/www.greenpeace.org\/poland\/dzialaj-old\/podpisz-polska-musi-podpisac-traktat-oceaniczny\/\"\n                        \n                    >\n                        Dzia\u0142aj!\n                    <\/a>\n                \t\t\t<\/div>\n\t\t\t\t\t<\/section>\n\t","protected":false},"excerpt":{"rendered":"<p>Aktywi\u015bci Greenpeace zak\u0142\u00f3cili trwaj\u0105ce u wybrze\u017cy Australii i Nowej Zelandii brutalprzemys\u0142owe po\u0142owy na d\u0142ugich linach haczykowych, przechwytuj\u0105c prawie 20 kilometr\u00f3w sprz\u0119tu w\u0119dkarskiego i uwalniaj\u0105c dziewi\u0119\u0107 rekin\u00f3w, w tym zagro\u017conego wygini\u0119ciem&hellip;<\/p>\n","protected":false},"author":25,"featured_media":36916,"comment_status":"closed","ping_status":"open","sticky":false,"template":"","format":"standard","meta":{"ep_exclude_from_search":false,"p4_og_title":"","p4_og_description":"","p4_og_image":"","p4_og_image_id":"","p4_seo_canonical_url":"","p4_campaign_name":"","p4_local_project":"","p4_basket_name":"","p4_department":"","footnotes":""},"categories":[3],"tags":[24,20],"p4-page-type":[14],"class_list":["post-36915","post","type-post","status-publish","format-standard","has-post-thumbnail","hentry","category-przyroda","tag-aktywizm","tag-morza","p4-page-type-aktualnosci"],"_links":{"self":[{"href":"https:\/\/www.greenpeace.org\/poland\/wp-json\/wp\/v2\/posts\/36915","targetHints":{"allow":["GET"]}}],"collection":[{"href":"https:\/\/www.greenpeace.org\/poland\/wp-json\/wp\/v2\/posts"}],"about":[{"href":"https:\/\/www.greenpeace.org\/poland\/wp-json\/wp\/v2\/types\/post"}],"author":[{"embeddable":true,"href":"https:\/\/www.greenpeace.org\/poland\/wp-json\/wp\/v2\/users\/25"}],"replies":[{"embeddable":true,"href":"https:\/\/www.greenpeace.org\/poland\/wp-json\/wp\/v2\/comments?post=36915"}],"version-history":[{"count":3,"href":"https:\/\/www.greenpeace.org\/poland\/wp-json\/wp\/v2\/posts\/36915\/revisions"}],"predecessor-version":[{"id":37173,"href":"https:\/\/www.greenpeace.org\/poland\/wp-json\/wp\/v2\/posts\/36915\/revisions\/37173"}],"wp:featuredmedia":[{"embeddable":true,"href":"https:\/\/www.greenpeace.org\/poland\/wp-json\/wp\/v2\/media\/36916"}],"wp:attachment":[{"href":"https:\/\/www.greenpeace.org\/poland\/wp-json\/wp\/v2\/media?parent=36915"}],"wp:term":[{"taxonomy":"category","embeddable":true,"href":"https:\/\/www.greenpeace.org\/poland\/wp-json\/wp\/v2\/categories?post=36915"},{"taxonomy":"post_tag","embeddable":true,"href":"https:\/\/www.greenpeace.org\/poland\/wp-json\/wp\/v2\/tags?post=36915"},{"taxonomy":"p4-page-type","embeddable":true,"href":"https:\/\/www.greenpeace.org\/poland\/wp-json\/wp\/v2\/p4-page-type?post=36915"}],"curies":[{"name":"wp","href":"https:\/\/api.w.org\/{rel}","templated":true}]}}