{"id":37330,"date":"2025-07-08T11:19:52","date_gmt":"2025-07-08T09:19:52","guid":{"rendered":"https:\/\/www.greenpeace.org\/poland\/?p=37330"},"modified":"2025-07-08T16:27:59","modified_gmt":"2025-07-08T14:27:59","slug":"rekonstrukcja-rzadu-152-organizacje-apeluja-o-ochrone-lasow","status":"publish","type":"post","link":"https:\/\/www.greenpeace.org\/poland\/aktualnosci\/37330\/rekonstrukcja-rzadu-152-organizacje-apeluja-o-ochrone-lasow\/","title":{"rendered":"Rekonstrukcja rz\u0105du: 152 organizacje apeluj\u0105 o ochron\u0119 las\u00f3w"},"content":{"rendered":"\n<p><strong>Ponad 150 organizacji przyrodniczych apeluje do koalicji rz\u0105dz\u0105cej o wykorzystanie rekonstrukcji rz\u0105du do przyspieszenia prac nad ochron\u0105 las\u00f3w i reform\u0105 Las\u00f3w Pa\u0144stwowych. Zamiast obiecanych 20 procent las\u00f3w wolnych od wycinek, jak na razie rz\u0105d obj\u0105\u0142 trwa\u0142\u0105 ochron\u0105 zaledwie 0,15 procent. Jak pokazuj\u0105 badania opinii publicznej, przekonanie o konieczno\u015bci lepszej ochrony las\u00f3w \u0142\u0105czy Polak\u00f3w ponad podzia\u0142ami.<\/strong><\/p>\n\n<p>Apel 152 organizacji i inicjatyw przyrodniczych jest zaadresowany do polityk\u00f3w i polityczek koalicji rz\u0105dz\u0105cej, w tym premiera Donalda Tuska i marsza\u0142ka Szymona Ho\u0142owni.<\/p>\n\n<p class=\"has-beige-100-background-color has-background\">\u2014 Rekonstrukcja rz\u0105du jest okazj\u0105 do tego, aby w ko\u0144cu przyspieszy\u0107 prace nad obj\u0119ciem ochron\u0105 20% najcenniejszych las\u00f3w. Po p\u00f3\u0142tora roku pr\u00f3b widzimy, \u017ce <strong>Lasy Pa\u0144stwowe sabotuj\u0105 ochron\u0119 las\u00f3w. Rz\u0105d musi wzi\u0105\u0107 odpowiedzialno\u015b\u0107 za swoje obietnice i przej\u0105\u0107 inicjatyw\u0119. <\/strong>Wybory prezydenckie dobitnie pokaza\u0142y, \u017ce Polki i Polacy s\u0105 rozczarowani brakiem sprawczo\u015bci rz\u0105du i niespe\u0142nianiem obietnic wyborczych \u2014 m\u00f3wi Aleksandra Wiktor z Greenpeace Polska.<\/p>\n\n<p>W umowie koalicyjnej zapisano m.in. ochron\u0119 przed wycink\u0105 20 procent najcenniejszych las\u00f3w oraz stworzenie mechanizm\u00f3w kontroli spo\u0142ecznej nad Lasami Pa\u0144stwowymi.<\/p>\n\n<p>\u2014 Przed wyborami 2023 roku s\u0142yszeli\u015bmy od \u00f3wczesnej opozycji wiele zapowiedzi dotycz\u0105cych ochrony las\u00f3w. Niestety, chocia\u017c min\u0119\u0142o ju\u017c p\u00f3\u0142tora roku ich rz\u0105d\u00f3w, reformy w ochronie przyrody id\u0105 jak po grudzie. W tym czasie trwa\u0142\u0105 ochron\u0105 obj\u0119to zaledwie 0,15% las\u00f3w w nowych rezerwatach. Jest to ponad sto razy mniej ni\u017c obiecano \u2014 m\u00f3wi Anna Treit z Og\u00f3lnopolskiego Towarzystwa Ochrony Ptak\u00f3w.<\/p>\n\n<p>Jak pokazuj\u0105 badania opinii publicznej, cel wy\u0142\u0105czenia z wycinek 20 procent najcenniejszych las\u00f3w popiera a\u017c 85 procent Polek i Polak\u00f3w.<\/p>\n\n<p>\u2014 <strong>Lasy \u0142\u0105cz\u0105 nas ponad podzia\u0142ami. <\/strong>W ostatnich latach w kilkuset miejscach w Polsce ludzie protestowali przeciwko eksploatacyjnej gospodarce le\u015bnej. Ta olbrzymia energia spo\u0142eczna jest teraz marnowana. <strong>W ca\u0142ym kraju le\u015bnicy nadal wycinaj\u0105 lasy, kt\u00f3re mia\u0142y zosta\u0107 oddane ludziom i przyrodzie<\/strong>, lasy chroni\u0105ce ludzi przed skutkami zmiany klimatu \u2014 np. wycinane s\u0105 lasy wodochronne otaczaj\u0105ce Bielsko-Bia\u0142\u0105, czy lasy, kt\u00f3re mia\u0142y sta\u0107 si\u0119 lasami o funkcji spo\u0142ecznej wok\u00f3\u0142 Poznania, Krakowa, czy Warszawy \u2014 m\u00f3wi Marta Jagusztyn z Fundacji Lasy i Obywatele.<\/p>\n\n<p>Spo\u0142ecznicy podkre\u015blaj\u0105, \u017ce w kluczowych procesach wyboru 20 procent las\u00f3w obj\u0119tych ochron\u0105 i tworzenia las\u00f3w spo\u0142ecznych rz\u0105d odda\u0142 inicjatyw\u0119 Lasom Pa\u0144stwowym.<\/p>\n\n<p><strong>\u2014 Le\u015bnicy nadal s\u0105 zainteresowani g\u0142\u00f3wnie obron\u0105 w\u0142asnych interes\u00f3w. Torpeduj\u0105 decyzje minister klimatu i \u015brodowiska oraz ustalenia Og\u00f3lnopolskiej Narady o Lasach wycinaj\u0105c najcenniejsze fragmenty las\u00f3w tj. starolasy <\/strong>czy negatywnie opiniuj\u0105c powstawanie du\u017cej cz\u0119\u015bci nowych rezerwat\u00f3w przyrody. Ich podej\u015bcie do ochrony najcenniejszych puszcza\u0144skich las\u00f3w doskonale wida\u0107 w Bieszczadach gdzie w jednych z najcenniejszych przyrodniczo zak\u0105tk\u00f3w Polski le\u015bnicy od p\u00f3\u0142 roku tn\u0105 bezprawnie tj. bez zatwierdzonych plan\u00f3w urz\u0105dzenia lasu a przez kolejne 10 lat planuj\u0105 wyci\u0105\u0107 najcenniejsze fragmenty Puszczy Karpackiej, w tym mateczniki nied\u017awiedzi \u2014 komentuje Rados\u0142aw \u015alusarczyk z Pracowni na rzecz Wszystkich Istot.<\/p>\n\n<p>Wbrew ostrze\u017ceniom cz\u0119\u015bci le\u015bnik\u00f3w i bran\u017cy drzewnej, Lasy Pa\u0144stwowe s\u0105 w doskona\u0142ej kondycji finansowej, a sprzeda\u017c drewna ro\u015bnie. Jak wynika ze sprawozdania opublikowanego przez LP 5 czerwca, w 2024 roku ich zysk netto wzr\u00f3s\u0142 o 20 procent, do 764 milion\u00f3w z\u0142otych. Sprzeda\u017c drewna wzros\u0142a o blisko 4 procent. Wida\u0107 wyra\u017anie, \u017ce kwestie finansowe wci\u0105\u017c stoj\u0105 w Lasach Pa\u0144stwowych na pierwszym miejscu.<\/p>\n\n<p>Apel mo\u017cna przeczyta\u0107 <a href=\"https:\/\/www.greenpeace.org\/static\/planet4-poland-stateless\/2025\/07\/e1091745-apel_152_ngo_rekonstrukcja_lasy_panstwowe.pdf\">tutaj<\/a>.<\/p>\n\t\t\t<section\n\t\t\tclass=\"boxout post-28606  sticky-bottom-mobile collapse show\"\n\t\t\tid=\"action-card\"\n\t\t>\n\t\t\t<a\n\t\t\t\tdata-ga-category=\"Take Action Boxout\"\n\t\t\t\tdata-ga-action=\"Image\"\n\t\t\t\tdata-ga-label=\"n\/a\"\n\t\t\t\tclass=\"cover-card-overlay\"\n\t\t\t\thref=\"https:\/\/www.greenpeace.org\/poland\/dzialaj-old\/podpisz-chronmy-stare-lasy\/\" \n\t\t\t><\/a>\n\t\t\t\t\t\t\t<img\n\t\t\t\t\t\tsrc=\"https:\/\/www.greenpeace.org\/static\/planet4-poland-stateless\/2024\/03\/1c73ae41-natalia-wycinka.jpg\"\n\t\t\t\t\t\tsrcset=\"https:\/\/www.greenpeace.org\/static\/planet4-poland-stateless\/2024\/03\/1c73ae41-natalia-wycinka-500x333.jpg 500w, https:\/\/www.greenpeace.org\/static\/planet4-poland-stateless\/2024\/03\/1c73ae41-natalia-wycinka-768x512.jpg 768w, https:\/\/www.greenpeace.org\/static\/planet4-poland-stateless\/2024\/03\/1c73ae41-natalia-wycinka-510x340.jpg 510w, https:\/\/www.greenpeace.org\/static\/planet4-poland-stateless\/2024\/03\/1c73ae41-natalia-wycinka.jpg 1024w\"\n\t\t\t\t\t\tsizes=\"(min-width: 1000px) 358px, (min-width: 780px) 313px, 88px\"\n\t\t\t\t\t\talt=\"\" title=\"\"\n\t\t\t\t\/>\n            \t\t\t<div class=\"boxout-content\">\n\t\t\t\t\t\t\t\t\t<a\n\t\t\t\t\t\tclass=\"boxout-heading medium\"\n\t\t\t\t\t\tdata-ga-category=\"Take Action Boxout\"\n\t\t\t\t\t\tdata-ga-action=\"Title\"\n\t\t\t\t\t\tdata-ga-label=\"n\/a\"\n\t\t\t\t\t\thref=\"https:\/\/www.greenpeace.org\/poland\/dzialaj-old\/podpisz-chronmy-stare-lasy\/\"\n\t\t\t\t\t\t\n\t\t\t\t\t>\n\t\t\t\t\t\tPodpisz: Chro\u0144my stare lasy\n\t\t\t\t\t<\/a>\n\t\t\t\t\t\t\t\t\t\t\t\t\t<p class=\"boxout-excerpt\">Najstarsze i najcenniejsze przyrodniczo lasy Polski znikaj\u0105. Nie pozw\u00f3lmy na to, podpisz apel do premiera o spe\u0142nienie obietnicy obj\u0119cia ochron\u0105 20% las\u00f3w!<\/p>\n\t\t\t\t                                    <a\n                        class=\"btn btn-primary\"\n                        data-ga-category=\"Take Action Boxout\"\n                        data-ga-action=\"Call to Action\"\n                        data-ga-label=\"n\/a\"\n                        href=\"https:\/\/www.greenpeace.org\/poland\/dzialaj-old\/podpisz-chronmy-stare-lasy\/\"\n                        \n                    >\n                        Dzia\u0142aj!\n                    <\/a>\n                \t\t\t<\/div>\n\t\t\t\t\t\t\t<a\n\t\t\t\t\tclass=\"not-now\"\n\t\t\t\t\trole=\"button\"\n\t\t\t\t\tdata-bs-toggle=\"collapse\"\n\t\t\t\t\thref=\"#action-card\"\n\t\t\t\t><\/a>\n\t\t\t\t\t<\/section>\n\t","protected":false},"excerpt":{"rendered":"<p>Ponad 150 organizacji przyrodniczych apeluje do koalicji rz\u0105dz\u0105cej o wykorzystanie rekonstrukcji rz\u0105du do przyspieszenia prac nad ochron\u0105 las\u00f3w i reform\u0105 Las\u00f3w Pa\u0144stwowych. Zamiast obiecanych 20 procent las\u00f3w wolnych od wycinek,&hellip;<\/p>\n","protected":false},"author":37,"featured_media":37332,"comment_status":"closed","ping_status":"open","sticky":false,"template":"","format":"standard","meta":{"ep_exclude_from_search":false,"p4_og_title":"","p4_og_description":"","p4_og_image":"","p4_og_image_id":"","p4_seo_canonical_url":"","p4_campaign_name":"","p4_local_project":"","p4_basket_name":"","p4_department":"","footnotes":""},"categories":[3],"tags":[19,26,107,22],"p4-page-type":[14],"class_list":["post-37330","post","type-post","status-publish","format-standard","has-post-thumbnail","hentry","category-przyroda","tag-lasy","tag-ochrona-przyrody","tag-karpaty","tag-puszcza-bialowieska","p4-page-type-aktualnosci"],"_links":{"self":[{"href":"https:\/\/www.greenpeace.org\/poland\/wp-json\/wp\/v2\/posts\/37330","targetHints":{"allow":["GET"]}}],"collection":[{"href":"https:\/\/www.greenpeace.org\/poland\/wp-json\/wp\/v2\/posts"}],"about":[{"href":"https:\/\/www.greenpeace.org\/poland\/wp-json\/wp\/v2\/types\/post"}],"author":[{"embeddable":true,"href":"https:\/\/www.greenpeace.org\/poland\/wp-json\/wp\/v2\/users\/37"}],"replies":[{"embeddable":true,"href":"https:\/\/www.greenpeace.org\/poland\/wp-json\/wp\/v2\/comments?post=37330"}],"version-history":[{"count":3,"href":"https:\/\/www.greenpeace.org\/poland\/wp-json\/wp\/v2\/posts\/37330\/revisions"}],"predecessor-version":[{"id":37340,"href":"https:\/\/www.greenpeace.org\/poland\/wp-json\/wp\/v2\/posts\/37330\/revisions\/37340"}],"wp:featuredmedia":[{"embeddable":true,"href":"https:\/\/www.greenpeace.org\/poland\/wp-json\/wp\/v2\/media\/37332"}],"wp:attachment":[{"href":"https:\/\/www.greenpeace.org\/poland\/wp-json\/wp\/v2\/media?parent=37330"}],"wp:term":[{"taxonomy":"category","embeddable":true,"href":"https:\/\/www.greenpeace.org\/poland\/wp-json\/wp\/v2\/categories?post=37330"},{"taxonomy":"post_tag","embeddable":true,"href":"https:\/\/www.greenpeace.org\/poland\/wp-json\/wp\/v2\/tags?post=37330"},{"taxonomy":"p4-page-type","embeddable":true,"href":"https:\/\/www.greenpeace.org\/poland\/wp-json\/wp\/v2\/p4-page-type?post=37330"}],"curies":[{"name":"wp","href":"https:\/\/api.w.org\/{rel}","templated":true}]}}