{"id":37510,"date":"2025-07-23T11:51:50","date_gmt":"2025-07-23T09:51:50","guid":{"rendered":"https:\/\/www.greenpeace.org\/poland\/?p=37510"},"modified":"2025-07-23T13:50:40","modified_gmt":"2025-07-23T11:50:40","slug":"rekonstrukcja-rzadu-komentarz-greenpeace","status":"publish","type":"post","link":"https:\/\/www.greenpeace.org\/poland\/aktualnosci\/37510\/rekonstrukcja-rzadu-komentarz-greenpeace\/","title":{"rendered":"Komentarz Greenpeace na temat rekonstrukcji rz\u0105du"},"content":{"rendered":"\n<p><em>W swoim wyst\u0105pieniu Donald Tusk powiedzia\u0142 dzi\u015b wi\u0119cej o orlikach i Tour de France ni\u017c o energetyce. A to od tempa i jako\u015bci decyzji tym obszarze, zale\u017ce\u0107 b\u0119d\u0105 nasze rachunki, nasza przysz\u0142o\u015b\u0107 i bezpiecze\u0144stwo. Premier przemilcza\u0142 to, \u017ce w ci\u0105gu najbli\u017cszej dekady w\u0119giel zniknie z polskiej energetyki i nie zmieni\u0105 tego \u017cadne populistyczne zakl\u0119cia, ani puste obietnice sk\u0142adane do tej pory g\u00f3rniczym zwi\u0105zkom zawodowym. Czas przesta\u0107 udawa\u0107, \u017ce temat sam si\u0119 rozwi\u0105\u017ce i stworzy\u0107 warunki dla rozwoju krajowych odnawialnych \u017ar\u00f3de\u0142 energii, modernizacji sieci przesy\u0142owych i inwestycji w magazyny energii. Inaczej Polsk\u0119 czeka wpadni\u0119cie w gazow\u0105 pu\u0142apk\u0119 i pog\u0142\u0119biaj\u0105ce si\u0119 uzale\u017cnienie od importu paliw kopalnych.<\/em><\/p>\n\n<p><em>Paulina Hennig-Kloska, ministra \u015brodowiska zachowa\u0142a stanowisko, mimo \u017ce sztandarowa obietnica rz\u0105du czyli obj\u0119cie ochron\u0105 20% polskich las\u00f3w, zosta\u0142a zrealizowana na razie w mikroskopijnym zakresie. Tymczasem to jeden z niewielu punkt\u00f3w programu koalicji dla spe\u0142nienia kt\u00f3rego nie jest potrzebna zgoda prezydenta. Donald Tusk rozpocz\u0105\u0142 dzisiejsze przem\u00f3wienie, m\u00f3wi\u0105c: \u201etrzeba si\u0119 ogarn\u0105\u0107\u201d. Te s\u0142owa powinna us\u0142ysze\u0107 ministra Hennig-Kloska i jej resort. Najwy\u017cszy czas na realizacj\u0119 obietnicy, kt\u00f3rej spe\u0142nienia oczekuje zdecydowana wi\u0119kszo\u015b\u0107 Polek i Polak\u00f3w<\/em> &#8211; m\u00f3wi Marek J\u00f3zefiak, rzecznik prasowy i ekspert ds. polityki ekologicznej Fundacji Greenpeace Polska. <br><\/p>\n","protected":false},"excerpt":{"rendered":"<p>Premier Donald Tusk m\u00f3wi\u0142 d\u0142u\u017cej o orlikach, ni\u017c o energetyce. A to od tempa i jako\u015bci decyzji, jakie teraz zapadn\u0105, zale\u017ce\u0107 b\u0119d\u0105 nasze rachunki&#8230;<\/p>\n","protected":false},"author":37,"featured_media":34744,"comment_status":"closed","ping_status":"open","sticky":false,"template":"","format":"standard","meta":{"ep_exclude_from_search":false,"p4_og_title":"","p4_og_description":"","p4_og_image":"","p4_og_image_id":"","p4_seo_canonical_url":"","p4_campaign_name":"","p4_local_project":"","p4_basket_name":"","p4_department":"","footnotes":""},"categories":[2,3],"tags":[26,25,6],"p4-page-type":[14],"class_list":["post-37510","post","type-post","status-publish","format-standard","has-post-thumbnail","hentry","category-klimat-energia","category-przyroda","tag-ochrona-przyrody","tag-paliwakopalne","tag-klimat","p4-page-type-aktualnosci"],"_links":{"self":[{"href":"https:\/\/www.greenpeace.org\/poland\/wp-json\/wp\/v2\/posts\/37510","targetHints":{"allow":["GET"]}}],"collection":[{"href":"https:\/\/www.greenpeace.org\/poland\/wp-json\/wp\/v2\/posts"}],"about":[{"href":"https:\/\/www.greenpeace.org\/poland\/wp-json\/wp\/v2\/types\/post"}],"author":[{"embeddable":true,"href":"https:\/\/www.greenpeace.org\/poland\/wp-json\/wp\/v2\/users\/37"}],"replies":[{"embeddable":true,"href":"https:\/\/www.greenpeace.org\/poland\/wp-json\/wp\/v2\/comments?post=37510"}],"version-history":[{"count":2,"href":"https:\/\/www.greenpeace.org\/poland\/wp-json\/wp\/v2\/posts\/37510\/revisions"}],"predecessor-version":[{"id":37513,"href":"https:\/\/www.greenpeace.org\/poland\/wp-json\/wp\/v2\/posts\/37510\/revisions\/37513"}],"wp:featuredmedia":[{"embeddable":true,"href":"https:\/\/www.greenpeace.org\/poland\/wp-json\/wp\/v2\/media\/34744"}],"wp:attachment":[{"href":"https:\/\/www.greenpeace.org\/poland\/wp-json\/wp\/v2\/media?parent=37510"}],"wp:term":[{"taxonomy":"category","embeddable":true,"href":"https:\/\/www.greenpeace.org\/poland\/wp-json\/wp\/v2\/categories?post=37510"},{"taxonomy":"post_tag","embeddable":true,"href":"https:\/\/www.greenpeace.org\/poland\/wp-json\/wp\/v2\/tags?post=37510"},{"taxonomy":"p4-page-type","embeddable":true,"href":"https:\/\/www.greenpeace.org\/poland\/wp-json\/wp\/v2\/p4-page-type?post=37510"}],"curies":[{"name":"wp","href":"https:\/\/api.w.org\/{rel}","templated":true}]}}