{"id":37516,"date":"2025-07-24T18:11:18","date_gmt":"2025-07-24T16:11:18","guid":{"rendered":"https:\/\/www.greenpeace.org\/poland\/?p=37516"},"modified":"2025-07-24T18:16:26","modified_gmt":"2025-07-24T16:16:26","slug":"duzy-krok-w-tyl-w-ochronie-lasow","status":"publish","type":"post","link":"https:\/\/www.greenpeace.org\/poland\/aktualnosci\/37516\/duzy-krok-w-tyl-w-ochronie-lasow\/","title":{"rendered":"Du\u017cy krok w ty\u0142 w ochronie las\u00f3w"},"content":{"rendered":"\n<p><strong>Powierzchnia las\u00f3w chroniona na podstawie tzw. moratorium, czyli decyzji resortu klimatu ma si\u0119 zmniejszy\u0107 a\u017c o jedn\u0105 czwart\u0105 \u2014 poinformowa\u0142 w czwartek 24 lipca wiceminister Miko\u0142aj Doro\u017ca\u0142a. Chodzi o fragmenty najcenniejszych polskich las\u00f3w, gdzie wycinki zosta\u0142y wstrzymane lub ograniczone w styczniu 2024 roku. Zamiast i\u015b\u0107 naprz\u00f3d w realizacji obietnic wyborczych, rz\u0105d robi du\u017cy krok w ty\u0142.<\/strong><\/p>\n\n<p>Komentarz Marka J\u00f3zefiaka, rzecznika i eksperta ds. polityki ekologicznej:<\/p>\n\n<p>Og\u0142aszaj\u0105c rekonstrukcj\u0119 rz\u0105du, premier Donald Tusk m\u00f3wi\u0142, \u017ce rz\u0105d \u201emusi si\u0119 ogarn\u0105\u0107\u201d i zapowiada\u0142, \u017ce cele koalicji 15 pa\u017adziernika pozostaj\u0105 bez zmian. Poprawi\u0107 ma si\u0119 tylko skuteczno\u015b\u0107 rz\u0105dz\u0105cych. Dawa\u0142o to nadziej\u0119, \u017ce rz\u0105d wreszcie przyspieszy z ochron\u0105 las\u00f3w. Do tej pory nowe rezerwaty obj\u0119\u0142y ledwie 0,15% z obiecanych w umowie koalicyjnej 20% powierzchni las\u00f3w, kt\u00f3re mia\u0142y by\u0107 wolne od wycinek. Dzie\u0144 p\u00f3\u017aniej wiceminister Miko\u0142aj Doro\u017ca\u0142a odpowiedzialny za przyrod\u0119 zakomunikowa\u0142 w Sejmie, \u017ce obszar obj\u0119ty tzw. moratorium w sprawie wycinek b\u0119dzie zmniejszony o ponad jedn\u0105 czwart\u0105.&nbsp;<\/p>\n\n<p>Ten ruch pokazuje podstawowy problem rz\u0105du Donalda Tuska, czyli brak konsekwencji i skuteczno\u015bci w realizacji obietnic. Do tej pory obszary realnie chronione obj\u0119\u0142y zaledwie skrawek najcenniejszych las\u00f3w, a rz\u0105d robi w\u0142a\u015bnie du\u017cy krok wstecz, zamiast i\u015b\u0107 do przodu. Tymczasem nadal na realn\u0105 ochron\u0119 przed pi\u0142ami czekaj\u0105 cho\u0107by Bieszczady czy planowane parki narodowe. W Bieszczadach le\u015bnicy zlecaj\u0105 wycinki bez aktualnych plan\u00f3w urz\u0105dzenia lasu. W najbli\u017cszej dekadzie planuj\u0105 ci\u0119cia na 92% powierzchni nadle\u015bnictw Stuposiany i Lutowiska.&nbsp;<\/p>\n\n<p>Rz\u0105d jakby zapomnia\u0142, \u017ce obietnice poprawy ochrony polskich las\u00f3w by\u0142y jednymi z kluczowych postulat\u00f3w, z jakimi partie koalicyjne sz\u0142y do wybor\u00f3w i ciesz\u0105 si\u0119 poparciem ogromnej wi\u0119kszo\u015bci Polek i Polak\u00f3w.&nbsp;<\/p>\n","protected":false},"excerpt":{"rendered":"<p>Powierzchnia las\u00f3w chroniona na podstawie tzw. moratorium ma si\u0119 zmniejszy\u0107 a\u017c o jedn\u0105 czwart\u0105. Chodzi o fragmenty najcenniejszych polskich las\u00f3w, gdzie wycinki zosta\u0142y wstrzymane lub ograniczone w styczniu 2024 roku. Zamiast i\u015b\u0107 naprz\u00f3d w realizacji obietnic wyborczych, rz\u0105d robi du\u017cy krok w ty\u0142.<\/p>\n","protected":false},"author":37,"featured_media":37332,"comment_status":"closed","ping_status":"open","sticky":false,"template":"","format":"standard","meta":{"ep_exclude_from_search":false,"p4_og_title":"","p4_og_description":"","p4_og_image":"","p4_og_image_id":"","p4_seo_canonical_url":"","p4_campaign_name":"","p4_local_project":"","p4_basket_name":"","p4_department":"","footnotes":""},"categories":[3],"tags":[19,26],"p4-page-type":[14],"class_list":["post-37516","post","type-post","status-publish","format-standard","has-post-thumbnail","hentry","category-przyroda","tag-lasy","tag-ochrona-przyrody","p4-page-type-aktualnosci"],"_links":{"self":[{"href":"https:\/\/www.greenpeace.org\/poland\/wp-json\/wp\/v2\/posts\/37516","targetHints":{"allow":["GET"]}}],"collection":[{"href":"https:\/\/www.greenpeace.org\/poland\/wp-json\/wp\/v2\/posts"}],"about":[{"href":"https:\/\/www.greenpeace.org\/poland\/wp-json\/wp\/v2\/types\/post"}],"author":[{"embeddable":true,"href":"https:\/\/www.greenpeace.org\/poland\/wp-json\/wp\/v2\/users\/37"}],"replies":[{"embeddable":true,"href":"https:\/\/www.greenpeace.org\/poland\/wp-json\/wp\/v2\/comments?post=37516"}],"version-history":[{"count":3,"href":"https:\/\/www.greenpeace.org\/poland\/wp-json\/wp\/v2\/posts\/37516\/revisions"}],"predecessor-version":[{"id":37519,"href":"https:\/\/www.greenpeace.org\/poland\/wp-json\/wp\/v2\/posts\/37516\/revisions\/37519"}],"wp:featuredmedia":[{"embeddable":true,"href":"https:\/\/www.greenpeace.org\/poland\/wp-json\/wp\/v2\/media\/37332"}],"wp:attachment":[{"href":"https:\/\/www.greenpeace.org\/poland\/wp-json\/wp\/v2\/media?parent=37516"}],"wp:term":[{"taxonomy":"category","embeddable":true,"href":"https:\/\/www.greenpeace.org\/poland\/wp-json\/wp\/v2\/categories?post=37516"},{"taxonomy":"post_tag","embeddable":true,"href":"https:\/\/www.greenpeace.org\/poland\/wp-json\/wp\/v2\/tags?post=37516"},{"taxonomy":"p4-page-type","embeddable":true,"href":"https:\/\/www.greenpeace.org\/poland\/wp-json\/wp\/v2\/p4-page-type?post=37516"}],"curies":[{"name":"wp","href":"https:\/\/api.w.org\/{rel}","templated":true}]}}