{"id":37802,"date":"2025-08-11T14:59:21","date_gmt":"2025-08-11T12:59:21","guid":{"rendered":"https:\/\/www.greenpeace.org\/poland\/?p=37802"},"modified":"2025-08-11T15:00:16","modified_gmt":"2025-08-11T13:00:16","slug":"co-dalej-z-zapylaczami-nowy-minister-nowa-strategia-nowe-dzialania","status":"publish","type":"post","link":"https:\/\/www.greenpeace.org\/poland\/aktualnosci\/37802\/co-dalej-z-zapylaczami-nowy-minister-nowa-strategia-nowe-dzialania\/","title":{"rendered":"Co dalej z zapylaczami? Nowy minister, nowa strategia, nowe dzia\u0142ania"},"content":{"rendered":"\n<p><strong>Ostatnie tygodnie przynios\u0142y kilka wa\u017cnych wydarze\u0144, kt\u00f3re mog\u0105 realnie wp\u0142yn\u0105\u0107 na popraw\u0119 sytuacji owad\u00f3w zapylaj\u0105cych.<\/strong><\/p>\n\n<p>Wyniki naszego badania, kt\u00f3re wykaza\u0142o pozosta\u0142o\u015bci pestycyd\u00f3w w miodach odbi\u0142o si\u0119 szerokim echem tak\u017ce poza granicami Polski. Mi\u0119dzynarodowa organizacja PAN Europe skierowa\u0142a oficjalne pismo do Komisji Europejskiej w sprawie konieczno\u015bci ograniczenia stosowania szkodliwych pestycyd\u00f3w.\u00a0<\/p>\n\n<p>Szczeg\u00f3ln\u0105 uwag\u0119 zwr\u00f3cono na acetamipryd &#8211; substancj\u0119 czynn\u0105 z grupy neonikotynoid\u00f3w, stosowan\u0105 w rolnictwie m.in. do zwalczania mszyc, stonki ziemniaczanej czy s\u0142odyszka rzepakowego. Niestety, szkodzi ona r\u00f3wnie\u017c dzikim zapylaczom, oddzia\u0142uj\u0105c na ich centralny uk\u0142ad nerwowy, co prowadzi do parali\u017cu, a w konsekwencji \u015bmierci owad\u00f3w. To w\u0142a\u015bnie acetamipryd wykryli\u015bmy a\u017c w po\u0142owie przebadanych pr\u00f3bek miodu. Co gorsza, w co pi\u0105tej pr\u00f3bce jego ilo\u015b\u0107 przekracza\u0142a dopuszczalne normy. PAN Europe podkre\u015bla, \u017ce obecne przepisy dotycz\u0105ce zasad stosowania substancji na polach rzepaku s\u0105 zbyt \u0142agodne i powinny zosta\u0107 zaostrzone, aby chroni\u0107 nie tylko konsument\u00f3w przed przekraczaniem norm toksycznych substancji w miodzie, ale r\u00f3wnie\u017c same owady, kt\u00f3re ten mi\u00f3d produkuj\u0105.<\/p>\n\n<p>Dobre wiadomo\u015bci p\u0142yn\u0105 z Ministerstwa \u015arodowiska, posuwaj\u0105 si\u0119 prace nad krajow\u0105 strategi\u0105 ochrony owad\u00f3w zapylaj\u0105cych. Do wsp\u00f3\u0142tworzenia dokumentu zaproszono ekspertki i ekspert\u00f3w z instytucji, o\u015brodk\u00f3w badawczych oraz organizacji pozarz\u0105dowych (w tym naszej). Ca\u0142o\u015b\u0107 ministerialnego dokument w istotnej mierze czerpie z przygotowanej przez Greenpeace i naukowc\u00f3w ju\u017c kilka lat temu Narodowej Strategii Ochrony Owad\u00f3w Zapylaj\u0105cych.<\/p>\n\n<p>Przy okazji ostatnich zmian w rz\u0105dzie postanowili\u015bmy r\u00f3wnie\u017c wys\u0142a\u0107 nasz\u0105 Narodow\u0105 Strategi\u0119 nowemu ministrowi rolnictwa, kt\u00f3re jak powszechnie wiadomo, wiele zawdzi\u0119cza owadom zapylaj\u0105cym a jednocze\u015bnie stanowi dla nich najwi\u0119ksze zagro\u017cenie. Liczymy, \u017ce nowy minister rolnictwa nie tylko w\u0142\u0105czy si\u0119 w dzia\u0142ania, na rzecz poprawy sytuacji zapylaczy, ale podejmie tak\u017ce odwa\u017cne decyzje, w trosce o ochron\u0119 przyrody, bezpiecze\u0144stwo \u017cywno\u015bci oraz przysz\u0142o\u015b\u0107 nas wszystkich.<\/p>\n\t\t\t<section\n\t\t\tclass=\"boxout post-29417 \"\n\t\t\t\n\t\t>\n\t\t\t<a\n\t\t\t\tdata-ga-category=\"Take Action Boxout\"\n\t\t\t\tdata-ga-action=\"Image\"\n\t\t\t\tdata-ga-label=\"n\/a\"\n\t\t\t\tclass=\"cover-card-overlay\"\n\t\t\t\thref=\"https:\/\/www.greenpeace.org\/poland\/dzialaj-old\/adoptuj-pszczole\/\" \n\t\t\t><\/a>\n\t\t\t\t\t\t\t<img\n\t\t\t\t\t\tsrc=\"https:\/\/www.greenpeace.org\/static\/planet4-poland-stateless\/2023\/05\/35431639-trzmiel-w-krokusie-ap10-1024x470.jpg\"\n\t\t\t\t\t\tsrcset=\"https:\/\/www.greenpeace.org\/static\/planet4-poland-stateless\/2023\/05\/35431639-trzmiel-w-krokusie-ap10-500x230.jpg 500w, https:\/\/www.greenpeace.org\/static\/planet4-poland-stateless\/2023\/05\/35431639-trzmiel-w-krokusie-ap10-1024x470.jpg 1024w, https:\/\/www.greenpeace.org\/static\/planet4-poland-stateless\/2023\/05\/35431639-trzmiel-w-krokusie-ap10-768x353.jpg 768w, https:\/\/www.greenpeace.org\/static\/planet4-poland-stateless\/2023\/05\/35431639-trzmiel-w-krokusie-ap10-1536x706.jpg 1536w, https:\/\/www.greenpeace.org\/static\/planet4-poland-stateless\/2023\/05\/35431639-trzmiel-w-krokusie-ap10-510x234.jpg 510w, https:\/\/www.greenpeace.org\/static\/planet4-poland-stateless\/2023\/05\/35431639-trzmiel-w-krokusie-ap10.jpg 1920w\"\n\t\t\t\t\t\tsizes=\"(min-width: 1000px) 358px, (min-width: 780px) 313px, 88px\"\n\t\t\t\t\t\talt=\"Dzika Pszczo\u0142a\" title=\"Dzika Pszczo\u0142a\"\n\t\t\t\t\/>\n            \t\t\t<div class=\"boxout-content\">\n\t\t\t\t\t\t\t\t\t<a\n\t\t\t\t\t\tclass=\"boxout-heading small\"\n\t\t\t\t\t\tdata-ga-category=\"Take Action Boxout\"\n\t\t\t\t\t\tdata-ga-action=\"Title\"\n\t\t\t\t\t\tdata-ga-label=\"n\/a\"\n\t\t\t\t\t\thref=\"https:\/\/www.greenpeace.org\/poland\/dzialaj-old\/adoptuj-pszczole\/\"\n\t\t\t\t\t\t\n\t\t\t\t\t>\n\t\t\t\t\t\tWe\u017a udzia\u0142 w akcji &#8222;Adoptuj Pszczo\u0142\u0119&#8221;\n\t\t\t\t\t<\/a>\n\t\t\t\t\t\t\t\t\t\t\t\t\t<p class=\"boxout-excerpt\">We\u017a udzia\u0142 w najstarszej i najfajniejszej akcji pomocy pszczo\u0142om, w kt\u00f3rej od ponad 10 lat dziesi\u0105tki tysi\u0119cy os\u00f3b staj\u0105 sie pszczelimi bohaterami i bohaterkami ratuj\u0105c owady zapylaj\u0105ce!<\/p>\n\t\t\t\t                                    <a\n                        class=\"btn btn-primary\"\n                        data-ga-category=\"Take Action Boxout\"\n                        data-ga-action=\"Call to Action\"\n                        data-ga-label=\"n\/a\"\n                        href=\"https:\/\/www.greenpeace.org\/poland\/dzialaj-old\/adoptuj-pszczole\/\"\n                        \n                    >\n                        Dzia\u0142aj!\n                    <\/a>\n                \t\t\t<\/div>\n\t\t\t\t\t<\/section>\n\t\n<p><\/p>\n","protected":false},"excerpt":{"rendered":"<p>Mija siedem lat od momentu, gdy w ramach akcji Adoptuj Pszczo\u0142\u0119 wsp\u00f3lnie z grup\u0105 naukowc\u00f3w i naukowczy\u0144 opracowali\u015bmy Narodow\u0105 Strategi\u0119 Ochrony Owad\u00f3w Zapylaj\u0105cych, map\u0119 drogow\u0105, kt\u00f3ra nie tylko diagnozowa\u0142a najpowa\u017cniejsze&hellip;<\/p>\n","protected":false},"author":25,"featured_media":37803,"comment_status":"closed","ping_status":"open","sticky":false,"template":"","format":"standard","meta":{"ep_exclude_from_search":false,"p4_og_title":"","p4_og_description":"","p4_og_image":"","p4_og_image_id":"","p4_seo_canonical_url":"","p4_campaign_name":"","p4_local_project":"","p4_basket_name":"","p4_department":"","footnotes":""},"categories":[3,4],"tags":[28,26],"p4-page-type":[14],"class_list":["post-37802","post","type-post","status-publish","format-standard","has-post-thumbnail","hentry","category-przyroda","category-rolnictwo","tag-pszczoly","tag-ochrona-przyrody","p4-page-type-aktualnosci"],"_links":{"self":[{"href":"https:\/\/www.greenpeace.org\/poland\/wp-json\/wp\/v2\/posts\/37802","targetHints":{"allow":["GET"]}}],"collection":[{"href":"https:\/\/www.greenpeace.org\/poland\/wp-json\/wp\/v2\/posts"}],"about":[{"href":"https:\/\/www.greenpeace.org\/poland\/wp-json\/wp\/v2\/types\/post"}],"author":[{"embeddable":true,"href":"https:\/\/www.greenpeace.org\/poland\/wp-json\/wp\/v2\/users\/25"}],"replies":[{"embeddable":true,"href":"https:\/\/www.greenpeace.org\/poland\/wp-json\/wp\/v2\/comments?post=37802"}],"version-history":[{"count":2,"href":"https:\/\/www.greenpeace.org\/poland\/wp-json\/wp\/v2\/posts\/37802\/revisions"}],"predecessor-version":[{"id":37805,"href":"https:\/\/www.greenpeace.org\/poland\/wp-json\/wp\/v2\/posts\/37802\/revisions\/37805"}],"wp:featuredmedia":[{"embeddable":true,"href":"https:\/\/www.greenpeace.org\/poland\/wp-json\/wp\/v2\/media\/37803"}],"wp:attachment":[{"href":"https:\/\/www.greenpeace.org\/poland\/wp-json\/wp\/v2\/media?parent=37802"}],"wp:term":[{"taxonomy":"category","embeddable":true,"href":"https:\/\/www.greenpeace.org\/poland\/wp-json\/wp\/v2\/categories?post=37802"},{"taxonomy":"post_tag","embeddable":true,"href":"https:\/\/www.greenpeace.org\/poland\/wp-json\/wp\/v2\/tags?post=37802"},{"taxonomy":"p4-page-type","embeddable":true,"href":"https:\/\/www.greenpeace.org\/poland\/wp-json\/wp\/v2\/p4-page-type?post=37802"}],"curies":[{"name":"wp","href":"https:\/\/api.w.org\/{rel}","templated":true}]}}