{"id":37899,"date":"2025-09-01T14:54:00","date_gmt":"2025-09-01T12:54:00","guid":{"rendered":"https:\/\/www.greenpeace.org\/poland\/?p=37899"},"modified":"2025-09-11T02:00:54","modified_gmt":"2025-09-11T00:00:54","slug":"greenpeace-przeciw-pilom-w-puszczy-bialowieskiej","status":"publish","type":"post","link":"https:\/\/www.greenpeace.org\/poland\/aktualnosci\/37899\/greenpeace-przeciw-pilom-w-puszczy-bialowieskiej\/","title":{"rendered":"Greenpeace przeciw pi\u0142om w Puszczy Bia\u0142owieskiej"},"content":{"rendered":"\n<p>Do 18 sierpnia br. trwa\u0142y konsultacje spo\u0142eczne projektu przysz\u0142ego Planu Zarz\u0105dzania Obiektem \u015awiatowego Dziedzictwa UNESCO Puszcza Bia\u0142owieska. Jest to dokument, kt\u00f3ry do 2050 ustali zasady zarz\u0105dzania nacenniejszym polskim lasem.&nbsp;<\/p>\n\n<p>Pomimo <a href=\"https:\/\/lasy.pracownia.org.pl\/aktualnosci\/531-obiekt-swiatowego-dziedzictwa-unesco-puszcza-bialowieska-bez-wycinek-i-sztucznych-nasadzen-apel-organizacji-pozarzadowych\">apeli organizacji przyrodniczych<\/a>, obecny projekt planu wci\u0105\u017c dopuszcza gospodark\u0119 le\u015bn\u0105. Fundacja Greenpeace Polska z\u0142o\u017cy\u0142a uwagi, w kt\u00f3rych domaga si\u0119 zakazania prowadzenia wycinek w Puszczy. &nbsp;<\/p>\n\n<p><em>&#8211; Puszcza Bia\u0142owieska ju\u017c raz by\u0142a dewastowana przez harvestery. Niestety, obecny projekt otwiera furtk\u0119 dla kolejnych wycinek. Nie mo\u017cemy na to pozwoli\u0107! Wszystkie lasy wchodz\u0105ce w sk\u0142ad obiektu UNESCO musz\u0105 by\u0107 wolne od pi\u0142 i pozostawione przyrodzie. Puszcza sama si\u0119 regeneruje, a gospodarka le\u015bna nie jest tu do niczego potrzebna. Wpuszczenie pi\u0142 teraz, nawet w ograniczonym zakresie, b\u0119dzie zach\u0119t\u0105 do wycinek w przysz\u0142o\u015bci. To jest ostatni moment, aby obj\u0105\u0107 puszcz\u0119 prawdziw\u0105 ochron\u0105 i plan musi to zapewni\u0107 <\/em>&#8211; m\u00f3wi Aleksandra Wiktor, koordynatorka kampanii przyrodniczych Greenpeace Polska.\u00a0<\/p>\n\n<p>Puszcza Bia\u0142owieska to ostatni las nizinny o charakterze naturalnym na naszym kontynencie. Jej istotno\u015b\u0107 dla przyrody, ale tak\u017ce ludzi zosta\u0142a jednoznacznie doceniona poprzez wpisanie jej na list\u0119 przyrodniczego dziedzictwa UNESCO. Odby\u0142o si\u0119 to na podstawie dw\u00f3ch kryteri\u00f3w: ochrony naturalnych proces\u00f3w oraz najwa\u017cniejszych siedlisk dla ochrony r\u00f3\u017cnorodno\u015bci biologicznej unikatowych gatunk\u00f3w zwierz\u0105t, ro\u015blin i grzyb\u00f3w. Dlatego plan zarz\u0105dzania powinien odpowiednio chroni\u0107 ten niezwyk\u0142y las przed negatywnym oddzia\u0142ywaniem wycinek do czasu, a\u017c Puszcza Bia\u0142owieska zostanie w ca\u0142o\u015bci obj\u0119ta Parkiem Narodowym.&nbsp; Chce tego wi\u0119kszo\u015b\u0107 Polek i Polak\u00f3w. &nbsp;<a href=\"https:\/\/ios.edu.pl\/aktualnosci-en-pl\/puszcza-bialowieska-bliska-sercom-polakow-wyniki-ogolnopolskiego-badania-opinii-publicznej\/\">Z bada\u0144 opinii publicznej opublikowanych przez Instytut Ochrony \u015arodowiska 18 czerwca br<\/a>., a tak\u017ce z bada\u0144 przeprowadzonych przez IPSOS na zlecenie Pracowni na rzecz Wszystkich Istot w styczniu 2024 r., jasno wynika, \u017ce stanowcza wi\u0119kszo\u015b\u0107 polskiego spo\u0142ecze\u0144stwa chce wzmocnienia ochrony Puszczy Bia\u0142owieskiej.&nbsp;<\/p>\n\n<p>Od kiedy w listopadzie 2017 r. s\u0105d wstrzyma\u0142 nielegalne wycinki, Puszcza Bia\u0142owieska samoistnie si\u0119 regeneruje. Zamieraj\u0105ce drzewa s\u0105 zast\u0119powane przez inne, lepiej dostosowane do obecnych warunk\u00f3w gatunki. Jest to naturalny proces, kt\u00f3ry sam doskonale dzia\u0142a i nie potrzebuje przyspieszania. Zamiast wprowadza\u0107 gospodark\u0119 le\u015bn\u0105, plan powinien si\u0119 skupi\u0107 na minimalizacji zagro\u017ce\u0144, kt\u00f3re ju\u017c stanowi\u0105 problem dla przyrody. S\u0105 nimi przede wszystkim: zapora na granicy polsko-bia\u0142oruskiej, kt\u00f3ra stanowi nieprzekraczaln\u0105 barier\u0119 dla wielu zwierz\u0105t, takich jak \u017cubry czy rysie, a tak\u017ce fragmentacja Puszczy przez niepotrzebne drogi le\u015bne.&nbsp;<\/p>\n\n<p>Fundacja Greenpeace Polska z\u0142o\u017cy\u0142a uwagi, w kt\u00f3rych zaznaczy\u0142a, \u017ce ostateczny Plan musi zlikwidowa\u0107 gospodark\u0119 le\u015bn\u0105 w Puszczy Bia\u0142owieskiej (zabiegi mog\u0105 by\u0107 stosowane jedynie na terenach niezalesionych takich jak \u0142\u0105ki, gdzie powinna pozosta\u0107 ochrona aktywna), a tak\u017ce zablokowa\u0107 budow\u0119 nowych dr\u00f3g i rozbudow\u0119 tych istniej\u0105cych. Plan musi zak\u0142ada\u0107 naturalne zarastanie nieu\u017cytkowanych dr\u00f3g le\u015bnych, aby zmniejszy\u0107 fragmentacj\u0119 lasu.<\/p>\n","protected":false},"excerpt":{"rendered":"<p>Wzi\u0119li\u015bmy udzia\u0142 w konsultacjach spo\u0142ecznych nt. Planu Zarz\u0105dzania Obiektem \u015awiatowego Dziedzictwa UNESCO Puszcza Bia\u0142owieska. Domagamy si\u0119 zakazu prowadzenia wycinek.<br \/>\n\u00a0<\/p>\n","protected":false},"author":25,"featured_media":3443,"comment_status":"closed","ping_status":"open","sticky":false,"template":"","format":"standard","meta":{"ep_exclude_from_search":false,"p4_og_title":"","p4_og_description":"","p4_og_image":"","p4_og_image_id":"","p4_seo_canonical_url":"","p4_campaign_name":"","p4_local_project":"","p4_basket_name":"","p4_department":"","footnotes":""},"categories":[3],"tags":[22,19],"p4-page-type":[14],"class_list":["post-37899","post","type-post","status-publish","format-standard","has-post-thumbnail","hentry","category-przyroda","tag-puszcza-bialowieska","tag-lasy","p4-page-type-aktualnosci"],"_links":{"self":[{"href":"https:\/\/www.greenpeace.org\/poland\/wp-json\/wp\/v2\/posts\/37899","targetHints":{"allow":["GET"]}}],"collection":[{"href":"https:\/\/www.greenpeace.org\/poland\/wp-json\/wp\/v2\/posts"}],"about":[{"href":"https:\/\/www.greenpeace.org\/poland\/wp-json\/wp\/v2\/types\/post"}],"author":[{"embeddable":true,"href":"https:\/\/www.greenpeace.org\/poland\/wp-json\/wp\/v2\/users\/25"}],"replies":[{"embeddable":true,"href":"https:\/\/www.greenpeace.org\/poland\/wp-json\/wp\/v2\/comments?post=37899"}],"version-history":[{"count":2,"href":"https:\/\/www.greenpeace.org\/poland\/wp-json\/wp\/v2\/posts\/37899\/revisions"}],"predecessor-version":[{"id":37973,"href":"https:\/\/www.greenpeace.org\/poland\/wp-json\/wp\/v2\/posts\/37899\/revisions\/37973"}],"wp:featuredmedia":[{"embeddable":true,"href":"https:\/\/www.greenpeace.org\/poland\/wp-json\/wp\/v2\/media\/3443"}],"wp:attachment":[{"href":"https:\/\/www.greenpeace.org\/poland\/wp-json\/wp\/v2\/media?parent=37899"}],"wp:term":[{"taxonomy":"category","embeddable":true,"href":"https:\/\/www.greenpeace.org\/poland\/wp-json\/wp\/v2\/categories?post=37899"},{"taxonomy":"post_tag","embeddable":true,"href":"https:\/\/www.greenpeace.org\/poland\/wp-json\/wp\/v2\/tags?post=37899"},{"taxonomy":"p4-page-type","embeddable":true,"href":"https:\/\/www.greenpeace.org\/poland\/wp-json\/wp\/v2\/p4-page-type?post=37899"}],"curies":[{"name":"wp","href":"https:\/\/api.w.org\/{rel}","templated":true}]}}