{"id":37981,"date":"2025-09-11T09:50:34","date_gmt":"2025-09-11T07:50:34","guid":{"rendered":"https:\/\/www.greenpeace.org\/poland\/?p=37981"},"modified":"2025-09-11T14:00:52","modified_gmt":"2025-09-11T12:00:52","slug":"ikea-moglaby-lepiej-ostoje-niedzwiedzi-i-rysi-w-karpatach-nadal-przerabiane-na-meble","status":"publish","type":"post","link":"https:\/\/www.greenpeace.org\/poland\/aktualnosci\/37981\/ikea-moglaby-lepiej-ostoje-niedzwiedzi-i-rysi-w-karpatach-nadal-przerabiane-na-meble\/","title":{"rendered":"IKEA mog\u0142aby lepiej! Ostoje nied\u017awiedzi i rysi w Karpatach nadal przerabiane na meble"},"content":{"rendered":"\n<p><strong>Niekt\u00f3re popularne \u0142\u00f3\u017cka i taborety, kt\u00f3re kupujemy w IKEI, powstaj\u0105 z drzew wyci\u0119tych w bezcennych g\u00f3rskich lasach Europy. Ustali\u0142 to Greenpeace Central and Central Eastern Europe w toku wielomiesi\u0119cznego \u015bledztwa, z kt\u00f3rego <a href=\"https:\/\/drive.google.com\/file\/d\/1jjoSw6a-mN9PRTbwdeQeNH51Fzy1nia1\/view?usp=sharing\">raport <\/a>zosta\u0142 opublikowany w tym tygodniu. <a href=\"https:\/\/drive.google.com\/file\/d\/1jjoSw6a-mN9PRTbwdeQeNH51Fzy1nia1\/view?usp=sharing\">Dokument<\/a> ujawnia zwi\u0105zek IKEI z trwaj\u0105c\u0105 destrukcj\u0105 las\u00f3w w rumu\u0144skich Karpatach, w miejscach, gdzie planowane s\u0105 rezerwaty.\u00a0<br><\/strong><br><em>\u2013 Nasze \u015bledztwo rzuca nowe \u015bwiat\u0142o na lubian\u0105 przez wszystkich mark\u0119, kojarzon\u0105 z trosk\u0105 o \u015brodowisko. Mamy dowody, \u017ce IKEA celowo ignoruje dotychczasowe ostrze\u017cenia. Jej dostawcy wci\u0105\u017c pozyskuj\u0105 drewno z najbogatszych siedlisk dzikiej przyrody w Europie \u2013 <\/em>powiedzia\u0142 Robert Cyglicki, dyrektor ds. bior\u00f3\u017cnorodno\u015bci w Greenpeace Central and Eastern Europe.<\/p>\n\n<p>Rok temu Greenpeace przeprowadzi\u0142 pierwsze szczeg\u00f3\u0142owe \u015bledztwo i <a href=\"https:\/\/www.greenpeace.org\/poland\/aktualnosci\/34478\/ikea-nie-taka-zielona\/\">przedstawi\u0142 IKEI dowody<\/a>, \u017ce <strong>podwykonawcy IKEI w Rumunii siej\u0105 zniszczenie w miejscach, gdzie absolutnie nie powinno si\u0119 wchodzi\u0107 z pi\u0142ami. <\/strong>Firma odpowiedzia\u0142a, \u017ce jej dzia\u0142alno\u015b\u0107 jest zgodna z prawem.\u00a0<\/p>\n\n<figure class=\"wp-block-image size-full\"><img loading=\"lazy\" decoding=\"async\" width=\"800\" height=\"800\" src=\"https:\/\/www.greenpeace.org\/static\/planet4-poland-stateless\/2025\/09\/39b261c8-ikea-1.jpg\" title=\"Aktywista w karpackim lesie, z kt\u00f3rego drewno zosta\u0142o pozyskane na potrzeby dostaw dla Ikei\" alt=\"Aktywista w karpackim lesie, z kt\u00f3rego drewno zosta\u0142o pozyskane na potrzeby dostaw dla Ikei\" class=\"wp-image-37991\" srcset=\"https:\/\/www.greenpeace.org\/static\/planet4-poland-stateless\/2025\/09\/39b261c8-ikea-1.jpg 800w, https:\/\/www.greenpeace.org\/static\/planet4-poland-stateless\/2025\/09\/39b261c8-ikea-1-500x500.jpg 500w, https:\/\/www.greenpeace.org\/static\/planet4-poland-stateless\/2025\/09\/39b261c8-ikea-1-300x300.jpg 300w, https:\/\/www.greenpeace.org\/static\/planet4-poland-stateless\/2025\/09\/39b261c8-ikea-1-768x768.jpg 768w, https:\/\/www.greenpeace.org\/static\/planet4-poland-stateless\/2025\/09\/39b261c8-ikea-1-340x340.jpg 340w\" sizes=\"auto, (max-width: 800px) 100vw, 800px\" \/><figcaption class=\"wp-element-caption\">Aktywista w karpackim lesie, z kt\u00f3rego drewno zosta\u0142o pozyskane przez dostawc\u00f3w IKEI<div class=\"credit icon-left\"> \u00a9 Greenpeace<\/div><\/figcaption><\/figure>\n\n<p><em>\u2013\u00a0IKEA powtarza, \u017ce dzia\u0142a legalnie, ale czy to wystarczy, skoro r\u00f3wnocze\u015bnie tak wiele m\u00f3wi o w\u0142asnej dba\u0142o\u015bci o \u015brodowisko? Karpackie lasy, w kt\u00f3rych \u017cyj\u0105 rysie i nied\u017awiedzie, nie mog\u0105 by\u0107 redukowane do sto\u0142k\u00f3w czy innych mebli. IKEA mog\u0142aby lepiej! I musi to pokaza\u0107 teraz\u00a0<\/em>\u2013\u00a0komentuje Robert Cyglicki.\u00a0<\/p>\n\n<p><strong>W tym roku Greenpeace przeprowadzi\u0142 kolejne \u015bledztwo. Okaza\u0142o si\u0119, \u017ce jest jeszcze gorzej, ni\u017c poprzednio.<\/strong> Znaleziono miejsca, gdzie wycinane by\u0142y drzewa du\u017co starsze, ni\u017c te, kt\u00f3re zidentyfikowano rok temu. Wtedy Greenpeace znalaz\u0142 studwudziestoletnie drzewa wycinane w lasach naturalnych. Teraz udokumentowa\u0142 wycinki drzew prawie dwustuletnich!<\/p>\n\n<p>IKEA rok temu t\u0142umaczy\u0142a si\u0119, m\u00f3wi\u0105c, \u017ce korzysta z systemu dobrowolnych certyfikat\u00f3w FSC &#8211; Forest Stewardship Council. Dochodzenie Greenpeace jasno wskazuje, \u017ce w praktyce ten system nie zapewnia rzeczywistej ochrony cennych las\u00f3w.&nbsp;<\/p>\n\n<p>IKEA to wyj\u0105tkowa marka, sta\u0107 j\u0105 na wi\u0119cej. Nie musi sprzedawa\u0107 krzese\u0142, kt\u00f3re pochodz\u0105 z dewastacji TAKICH las\u00f3w.<\/p>\n\n<p class=\"has-green-400-background-color has-background\">Greenpeace apeluje, by IKEA faktycznie spe\u0142nia\u0142a swoje obietnice, a jej klienci mogli w pe\u0142ni ufa\u0107 \u201ezielonym\u201d deklaracjom firmy. Pod apelem do kierownictwa koncernu zbierane s\u0105 podpisy.<strong> Wszystkie osoby, dla kt\u00f3rych wa\u017cne jest, by IKEA spe\u0142nia\u0142a swoje proekologiczne obietnice, mog\u0105 si\u0119 podpisa\u0107 pod apelem na stronie&nbsp;<a href=\"http:\/\/greenpeace.pl\/ikea\" target=\"_blank\" rel=\"noreferrer noopener\">greenpeace.pl\/ikea<\/a>. Sprawa jest pilna, IKEA powinna dzia\u0142a\u0107 ju\u017c teraz, by zatrzyma\u0107 pi\u0142y przed rozpoczynaj\u0105cym si\u0119 w Karpatach sezonem wycinek.&nbsp;<\/strong><\/p>\n\n<p>Greenpeace b\u0119dzie dalej monitorowa\u0107 miejsca wycinek w najcenniejszych lasach Karpat, by opinia publiczna i klienci IKEI wiedzieli, czy ich ulubiona firma podj\u0119\u0142a kroki naprawcze.<\/p>\n\t\t\t<section\n\t\t\tclass=\"boxout   sticky-bottom-mobile collapse show\"\n\t\t\tid=\"action-card\"\n\t\t>\n\t\t\t<a\n\t\t\t\tdata-ga-category=\"Take Action Boxout\"\n\t\t\t\tdata-ga-action=\"Image\"\n\t\t\t\tdata-ga-label=\"n\/a\"\n\t\t\t\tclass=\"cover-card-overlay\"\n\t\t\t\thref=\"https:\/\/dzialaj.greenpeace.pl\/ikea\" target=\"_blank\"\n\t\t\t><\/a>\n\t\t\t\t\t\t\t<img\n\t\t\t\t\t\tsrc=\"https:\/\/www.greenpeace.org\/static\/planet4-poland-stateless\/2025\/09\/d8c66c21-karpaty-ikea-1024x576.jpg\"\n\t\t\t\t\t\tsrcset=\"https:\/\/www.greenpeace.org\/static\/planet4-poland-stateless\/2025\/09\/d8c66c21-karpaty-ikea-500x281.jpg 500w, https:\/\/www.greenpeace.org\/static\/planet4-poland-stateless\/2025\/09\/d8c66c21-karpaty-ikea-1024x576.jpg 1024w, https:\/\/www.greenpeace.org\/static\/planet4-poland-stateless\/2025\/09\/d8c66c21-karpaty-ikea-768x432.jpg 768w, https:\/\/www.greenpeace.org\/static\/planet4-poland-stateless\/2025\/09\/d8c66c21-karpaty-ikea-1536x864.jpg 1536w, https:\/\/www.greenpeace.org\/static\/planet4-poland-stateless\/2025\/09\/d8c66c21-karpaty-ikea-510x287.jpg 510w, https:\/\/www.greenpeace.org\/static\/planet4-poland-stateless\/2025\/09\/d8c66c21-karpaty-ikea.jpg 1920w\"\n\t\t\t\t\t\tsizes=\"(min-width: 1000px) 358px, (min-width: 780px) 313px, 88px\"\n\t\t\t\t\t\talt=\"\" title=\"\"\n\t\t\t\t\/>\n            \t\t\t<div class=\"boxout-content\">\n\t\t\t\t\t\t\t\t\t<a\n\t\t\t\t\t\tclass=\"boxout-heading small\"\n\t\t\t\t\t\tdata-ga-category=\"Take Action Boxout\"\n\t\t\t\t\t\tdata-ga-action=\"Title\"\n\t\t\t\t\t\tdata-ga-label=\"n\/a\"\n\t\t\t\t\t\thref=\"https:\/\/dzialaj.greenpeace.pl\/ikea\"\n\t\t\t\t\t\ttarget=\"_blank\"\n\t\t\t\t\t>\n\t\t\t\t\t\tNie chcesz krzese\u0142 z pradawnych las\u00f3w?\n\t\t\t\t\t<\/a>\n\t\t\t\t\t\t\t\t\t\t\t\t\t<p class=\"boxout-excerpt\">Podpisz apel do szefa IKEI, by firma na powa\u017cnie realizowa\u0142a swoje &#8222;zielone&#8221; obietnice!<\/p>\n\t\t\t\t                                    <a\n                        class=\"btn btn-primary\"\n                        data-ga-category=\"Take Action Boxout\"\n                        data-ga-action=\"Call to Action\"\n                        data-ga-label=\"n\/a\"\n                        href=\"https:\/\/dzialaj.greenpeace.pl\/ikea\"\n                        target=\"_blank\"\n                    >\n                        Podpisuj\u0119!\n                    <\/a>\n                \t\t\t<\/div>\n\t\t\t\t\t\t\t<a\n\t\t\t\t\tclass=\"not-now\"\n\t\t\t\t\trole=\"button\"\n\t\t\t\t\tdata-bs-toggle=\"collapse\"\n\t\t\t\t\thref=\"#action-card\"\n\t\t\t\t><\/a>\n\t\t\t\t\t<\/section>\n\t","protected":false},"excerpt":{"rendered":"<p>Niekt\u00f3re popularne \u0142\u00f3\u017cka i taborety, kt\u00f3re kupujemy w IKEI, powstaj\u0105 z drzew wyci\u0119tych w bezcennych g\u00f3rskich lasach Europy. Ustali\u0142 to Greenpeace Central and Central Eastern Europe w toku wielomiesi\u0119cznego \u015bledztwa<\/p>\n","protected":false},"author":66,"featured_media":37982,"comment_status":"closed","ping_status":"open","sticky":false,"template":"","format":"standard","meta":{"ep_exclude_from_search":false,"p4_og_title":"","p4_og_description":"","p4_og_image":"","p4_og_image_id":"","p4_seo_canonical_url":"","p4_campaign_name":"","p4_local_project":"","p4_basket_name":"","p4_department":"","footnotes":""},"categories":[3],"tags":[19,26,107,114],"p4-page-type":[14],"class_list":["post-37981","post","type-post","status-publish","format-standard","has-post-thumbnail","hentry","category-przyroda","tag-lasy","tag-ochrona-przyrody","tag-karpaty","tag-greenwashing","p4-page-type-aktualnosci"],"_links":{"self":[{"href":"https:\/\/www.greenpeace.org\/poland\/wp-json\/wp\/v2\/posts\/37981","targetHints":{"allow":["GET"]}}],"collection":[{"href":"https:\/\/www.greenpeace.org\/poland\/wp-json\/wp\/v2\/posts"}],"about":[{"href":"https:\/\/www.greenpeace.org\/poland\/wp-json\/wp\/v2\/types\/post"}],"author":[{"embeddable":true,"href":"https:\/\/www.greenpeace.org\/poland\/wp-json\/wp\/v2\/users\/66"}],"replies":[{"embeddable":true,"href":"https:\/\/www.greenpeace.org\/poland\/wp-json\/wp\/v2\/comments?post=37981"}],"version-history":[{"count":9,"href":"https:\/\/www.greenpeace.org\/poland\/wp-json\/wp\/v2\/posts\/37981\/revisions"}],"predecessor-version":[{"id":39162,"href":"https:\/\/www.greenpeace.org\/poland\/wp-json\/wp\/v2\/posts\/37981\/revisions\/39162"}],"wp:featuredmedia":[{"embeddable":true,"href":"https:\/\/www.greenpeace.org\/poland\/wp-json\/wp\/v2\/media\/37982"}],"wp:attachment":[{"href":"https:\/\/www.greenpeace.org\/poland\/wp-json\/wp\/v2\/media?parent=37981"}],"wp:term":[{"taxonomy":"category","embeddable":true,"href":"https:\/\/www.greenpeace.org\/poland\/wp-json\/wp\/v2\/categories?post=37981"},{"taxonomy":"post_tag","embeddable":true,"href":"https:\/\/www.greenpeace.org\/poland\/wp-json\/wp\/v2\/tags?post=37981"},{"taxonomy":"p4-page-type","embeddable":true,"href":"https:\/\/www.greenpeace.org\/poland\/wp-json\/wp\/v2\/p4-page-type?post=37981"}],"curies":[{"name":"wp","href":"https:\/\/api.w.org\/{rel}","templated":true}]}}