{"id":38057,"date":"2025-09-22T14:19:23","date_gmt":"2025-09-22T12:19:23","guid":{"rendered":"https:\/\/www.greenpeace.org\/poland\/?p=38057"},"modified":"2025-09-28T01:31:18","modified_gmt":"2025-09-27T23:31:18","slug":"dobra-wiadomosc-dla-oceanow-traktat-oceaniczny-wchodzi-w-zycie","status":"publish","type":"post","link":"https:\/\/www.greenpeace.org\/poland\/aktualnosci\/38057\/dobra-wiadomosc-dla-oceanow-traktat-oceaniczny-wchodzi-w-zycie\/","title":{"rendered":"Dobra wiadomo\u015b\u0107 dla ocean\u00f3w &#8211; Traktat Oceaniczny wchodzi w \u017cycie"},"content":{"rendered":"\n<p>Ju\u017c niebawem mo\u017cliwa b\u0119dzie lepsza ochrona ocean\u00f3w i utworzenie sieci rezerwat\u00f3w morskich. Wszystko dzi\u0119ki temu, \u017ce 60 pa\u0144stw ratyfikowa\u0142o <a href=\"https:\/\/www.un.org\/bbnjagreement\/en\/bbnj-agreement\/text-bbnj-agreement\">Traktat Oceaniczny ONZ<\/a>* Niestety, w\u015br\u00f3d kraj\u00f3w, dzi\u0119ki kt\u00f3rym wydarzy\u0142 si\u0119 ten milowy krok w ochronie morskich ekosystem\u00f3w, zabrak\u0142o Polski. Rz\u0105d premiera Tuska nadal nie ratyfikowa\u0142 Porozumienia.<\/p>\n\n<figure class=\"wp-block-image size-full\"><img loading=\"lazy\" decoding=\"async\" width=\"799\" height=\"533\" src=\"https:\/\/www.greenpeace.org\/static\/planet4-poland-stateless\/2025\/01\/045ac1ee-53890966989_1e22181209_c.jpg\" alt=\"\" class=\"wp-image-35890\" srcset=\"https:\/\/www.greenpeace.org\/static\/planet4-poland-stateless\/2025\/01\/045ac1ee-53890966989_1e22181209_c.jpg 799w, https:\/\/www.greenpeace.org\/static\/planet4-poland-stateless\/2025\/01\/045ac1ee-53890966989_1e22181209_c-500x334.jpg 500w, https:\/\/www.greenpeace.org\/static\/planet4-poland-stateless\/2025\/01\/045ac1ee-53890966989_1e22181209_c-768x512.jpg 768w, https:\/\/www.greenpeace.org\/static\/planet4-poland-stateless\/2025\/01\/045ac1ee-53890966989_1e22181209_c-510x340.jpg 510w\" sizes=\"auto, (max-width: 799px) 100vw, 799px\" \/><\/figure>\n\n<p>Ekosystemy oceaniczne znajduj\u0105 si\u0119 na skraju za\u0142amania. Wej\u015bcie w \u017cycie Traktatu Oceanicznego da szans\u0119 na ich odbudow\u0119. Porozumienie u\u0142atwi tworzenie sieci rezerwat\u00f3w morskich i pozwoli na popraw\u0119 jako\u015bci zarz\u0105dzania obszarami pe\u0142nego morza.<\/p>\n\n<p>&#8211; To ogromny sukces spo\u0142eczno\u015bci mi\u0119dzynarodowej, kt\u00f3ry mo\u017ce mie\u0107 nieocenione skutki dla ca\u0142ej planety, ludzi oraz dla gospodarki. Oceaniczn\u0105 to\u0144 zamieszkuje ogromna r\u00f3\u017cnorodno\u015b\u0107 gatunk\u00f3w. Bez nich oceany nie mia\u0142yby szansy pe\u0142ni\u0107 funkcji kluczowych dla podtrzymania \u017cycia na Ziemi, takich jak produkcja ponad po\u0142owy tlenu, kt\u00f3rym oddychamy czy utrzymywanie r\u00f3wnowagi klimatycznej i sk\u0142adu atmosfery &#8211; powiedzia\u0142a Anna Ogniewska, koordynatorka ds. polityki \u015brodowiskowej Greenpeace Polska.<\/p>\n\n<p>Porozumienie ma zasadnicze znaczenie dla walki z kryzysem klimatycznym i utrat\u0105 r\u00f3\u017cnorodno\u015bci biologicznej. Wed\u0142ug raportu OECD <a href=\"https:\/\/doi.org\/10.1787\/a9096fb1-en\">The Ocean Economy<\/a> to 2050 ochrona i odbudowa morskich ekosystem\u00f3w ma istotne znaczenie dla \u015bwiatowej gospodarki. Traktat umo\u017cliwi te\u017c rozw\u00f3j nauki i technologii oraz sprawiedliwy podzia\u0142 korzy\u015bci wynikaj\u0105cych z bada\u0144 i wykorzystania materia\u0142\u00f3w genetycznych pochodz\u0105cych od organizm\u00f3w \u017cyj\u0105cych w oceanach, kt\u00f3re mog\u0105 sta\u0107 si\u0119 \u017ar\u00f3d\u0142em nowych lek\u00f3w czy innowacji przemys\u0142owych. Mo\u017ce by\u0107 to szczeg\u00f3lnie wa\u017cne dla kraj\u00f3w nieposiadaj\u0105cych dost\u0119pu do ocean\u00f3w.<\/p>\n\n<p>&#8211; Jako ludzko\u015b\u0107 poznali\u015bmy zaledwie 10 proc. organizm\u00f3w \u017cyj\u0105cych w g\u0142\u0119binach. Jednak nawet to niewielkie rozpoznanie daje naukowcom podstaw\u0119 do tego, by upatrywa\u0107 ogromn\u0105 szans\u0119 w wykorzystaniu substancji chemicznych i informacji genetycznych pochodz\u0105cych od istot oceanicznych. Substancje chemiczne wytwarzane przez organizmy morskie mog\u0105 doprowadzi\u0107 do wielkich prze\u0142om\u00f3w w dziedzinie biotechnologii, medycynie czy farmacji. Na przyk\u0142ad w morskich og\u00f3rkach znaleziono rzadkie cukry potrafi\u0105ce blokowa\u0107 enzym powoduj\u0105cy wzrost niekt\u00f3rych kom\u00f3rek nowotworowych &#8211; zauwa\u017ca Anna Ogniewska.<\/p>\n\n<p>W przysz\u0142ym roku odb\u0119dzie si\u0119 pierwsza konferencja stron Porozumienia. B\u0119d\u0105 na niej podejmowane decyzje w zakresie dalszych prac, rozwi\u0105za\u0144, podzia\u0142u korzy\u015bci wynikaj\u0105cych z bada\u0144 i rozwoju technologii czy dost\u0119pu do informacji dotycz\u0105cej mo\u017cliwo\u015bci wykorzystania morskich zasob\u00f3w genetycznych. Niestety, dop\u00f3ki polski rz\u0105d nie ratyfikuje Traktatu, nie b\u0119dzie m\u00f3g\u0142 usi\u0105\u015b\u0107 do sto\u0142u negocjacyjnego ani korzysta\u0107 z ustale\u0144 jakie zostan\u0105 przy nim uzgodnione.<\/p>\n\n<p>&#8211; Polska powinna jak najszybciej ratyfikowa\u0107 Traktat. Procedury nie s\u0105 skomplikowane, zatem zadanie powinno by\u0107 jak bu\u0142ka z mas\u0142em dla resortu Rados\u0142awa Sikorskiego. Trudno zrozumie\u0107, dlaczego Ministerstwo Spraw Zagranicznych do tej pory nie zako\u0144czy\u0142o tego procesu &#8211; dodaje Anna Ogniewska.<\/p>\n\n<p>*Traktat Oceaniczny, czyli <a href=\"https:\/\/www.un.org\/bbnjagreement\/en\/bbnj-agreement\/text-bbnj-agreement\">Porozumienie w ramach Konwencji Narod\u00f3w Zjednoczonych o prawie morza, dotycz\u0105cego ochrony i zr\u00f3wnowa\u017conego wykorzystania morskiej r\u00f3\u017cnorodno\u015bci biologicznej na obszarach znajduj\u0105cych si\u0119 poza jurysdykcj\u0105 krajow\u0105 podpisanego 22 wrze\u015bnia 2023 r. w Nowym Jorku<\/a><\/p>\n\t\t\t<section\n\t\t\tclass=\"boxout post-37093  sticky-bottom-mobile collapse show\"\n\t\t\tid=\"action-card\"\n\t\t>\n\t\t\t<a\n\t\t\t\tdata-ga-category=\"Take Action Boxout\"\n\t\t\t\tdata-ga-action=\"Image\"\n\t\t\t\tdata-ga-label=\"n\/a\"\n\t\t\t\tclass=\"cover-card-overlay\"\n\t\t\t\thref=\"https:\/\/www.greenpeace.org\/poland\/wsparcie\/wesprzyj-ochrone-oceanow\/\" \n\t\t\t><\/a>\n\t\t\t\t\t\t\t<img\n\t\t\t\t\t\tsrc=\"https:\/\/www.greenpeace.org\/static\/planet4-poland-stateless\/2025\/06\/efb645fd-gp0su5o2m_medium-res-1200px-1024x683.jpg\"\n\t\t\t\t\t\tsrcset=\"https:\/\/www.greenpeace.org\/static\/planet4-poland-stateless\/2025\/06\/efb645fd-gp0su5o2m_medium-res-1200px-500x333.jpg 500w, https:\/\/www.greenpeace.org\/static\/planet4-poland-stateless\/2025\/06\/efb645fd-gp0su5o2m_medium-res-1200px-1024x683.jpg 1024w, https:\/\/www.greenpeace.org\/static\/planet4-poland-stateless\/2025\/06\/efb645fd-gp0su5o2m_medium-res-1200px-768x512.jpg 768w, https:\/\/www.greenpeace.org\/static\/planet4-poland-stateless\/2025\/06\/efb645fd-gp0su5o2m_medium-res-1200px-510x340.jpg 510w, https:\/\/www.greenpeace.org\/static\/planet4-poland-stateless\/2025\/06\/efb645fd-gp0su5o2m_medium-res-1200px.jpg 1200w\"\n\t\t\t\t\t\tsizes=\"(min-width: 1000px) 358px, (min-width: 780px) 313px, 88px\"\n\t\t\t\t\t\talt=\"Moment uwolnienia przez Greenpeace z hak\u00f3w rekina b\u0142\u0119kitnego\" title=\"Moment uwolnienia przez Greenpeace z hak\u00f3w rekina b\u0142\u0119kitnego\"\n\t\t\t\t\/>\n            \t\t\t<div class=\"boxout-content\">\n\t\t\t\t\t\t\t\t\t<a\n\t\t\t\t\t\tclass=\"boxout-heading medium\"\n\t\t\t\t\t\tdata-ga-category=\"Take Action Boxout\"\n\t\t\t\t\t\tdata-ga-action=\"Title\"\n\t\t\t\t\t\tdata-ga-label=\"n\/a\"\n\t\t\t\t\t\thref=\"https:\/\/www.greenpeace.org\/poland\/wsparcie\/wesprzyj-ochrone-oceanow\/\"\n\t\t\t\t\t\t\n\t\t\t\t\t>\n\t\t\t\t\t\tWesprzyj ochron\u0119 ocean\u00f3w\n\t\t\t\t\t<\/a>\n\t\t\t\t\t\t\t\t\t\t\t\t\t<p class=\"boxout-excerpt\">Ka\u017cde wsparcie si\u0119 liczy i pozwala nam dzia\u0142a\u0107 na rzecz ochrony m\u00f3rz i ocean\u00f3w na \u015bwiecie.<\/p>\n\t\t\t\t                                    <a\n                        class=\"btn btn-primary\"\n                        data-ga-category=\"Take Action Boxout\"\n                        data-ga-action=\"Call to Action\"\n                        data-ga-label=\"n\/a\"\n                        href=\"https:\/\/www.greenpeace.org\/poland\/wsparcie\/wesprzyj-ochrone-oceanow\/\"\n                        \n                    >\n                        Wesprzyj!\n                    <\/a>\n                \t\t\t<\/div>\n\t\t\t\t\t\t\t<a\n\t\t\t\t\tclass=\"not-now\"\n\t\t\t\t\trole=\"button\"\n\t\t\t\t\tdata-bs-toggle=\"collapse\"\n\t\t\t\t\thref=\"#action-card\"\n\t\t\t\t><\/a>\n\t\t\t\t\t<\/section>\n\t","protected":false},"excerpt":{"rendered":"<p>Ju\u017c niebawem mo\u017cliwa b\u0119dzie lepsza ochrona ocean\u00f3w i utworzenie sieci rezerwat\u00f3w morskich. Wszystko dzi\u0119ki temu, \u017ce 60 pa\u0144stw ratyfikowa\u0142o Traktat Oceaniczny ONZ* Niestety, w\u015br\u00f3d kraj\u00f3w, dzi\u0119ki kt\u00f3rym wydarzy\u0142 si\u0119 ten&hellip;<\/p>\n","protected":false},"author":32,"featured_media":35890,"comment_status":"closed","ping_status":"open","sticky":false,"template":"","format":"standard","meta":{"ep_exclude_from_search":false,"p4_og_title":"","p4_og_description":"","p4_og_image":"https:\/\/www.greenpeace.org\/static\/planet4-poland-stateless\/2025\/01\/045ac1ee-53890966989_1e22181209_c.jpg","p4_og_image_id":"35890","p4_seo_canonical_url":"","p4_campaign_name":"","p4_local_project":"","p4_basket_name":"","p4_department":"","footnotes":""},"categories":[3],"tags":[20,26],"p4-page-type":[14],"class_list":["post-38057","post","type-post","status-publish","format-standard","has-post-thumbnail","hentry","category-przyroda","tag-morza","tag-ochrona-przyrody","p4-page-type-aktualnosci"],"_links":{"self":[{"href":"https:\/\/www.greenpeace.org\/poland\/wp-json\/wp\/v2\/posts\/38057","targetHints":{"allow":["GET"]}}],"collection":[{"href":"https:\/\/www.greenpeace.org\/poland\/wp-json\/wp\/v2\/posts"}],"about":[{"href":"https:\/\/www.greenpeace.org\/poland\/wp-json\/wp\/v2\/types\/post"}],"author":[{"embeddable":true,"href":"https:\/\/www.greenpeace.org\/poland\/wp-json\/wp\/v2\/users\/32"}],"replies":[{"embeddable":true,"href":"https:\/\/www.greenpeace.org\/poland\/wp-json\/wp\/v2\/comments?post=38057"}],"version-history":[{"count":2,"href":"https:\/\/www.greenpeace.org\/poland\/wp-json\/wp\/v2\/posts\/38057\/revisions"}],"predecessor-version":[{"id":38158,"href":"https:\/\/www.greenpeace.org\/poland\/wp-json\/wp\/v2\/posts\/38057\/revisions\/38158"}],"wp:featuredmedia":[{"embeddable":true,"href":"https:\/\/www.greenpeace.org\/poland\/wp-json\/wp\/v2\/media\/35890"}],"wp:attachment":[{"href":"https:\/\/www.greenpeace.org\/poland\/wp-json\/wp\/v2\/media?parent=38057"}],"wp:term":[{"taxonomy":"category","embeddable":true,"href":"https:\/\/www.greenpeace.org\/poland\/wp-json\/wp\/v2\/categories?post=38057"},{"taxonomy":"post_tag","embeddable":true,"href":"https:\/\/www.greenpeace.org\/poland\/wp-json\/wp\/v2\/tags?post=38057"},{"taxonomy":"p4-page-type","embeddable":true,"href":"https:\/\/www.greenpeace.org\/poland\/wp-json\/wp\/v2\/p4-page-type?post=38057"}],"curies":[{"name":"wp","href":"https:\/\/api.w.org\/{rel}","templated":true}]}}