{"id":38304,"date":"2025-10-14T20:24:31","date_gmt":"2025-10-14T18:24:31","guid":{"rendered":"https:\/\/www.greenpeace.org\/poland\/?p=38304"},"modified":"2025-10-14T20:42:17","modified_gmt":"2025-10-14T18:42:17","slug":"polmetek-kadencji-rzad-donalda-tuska-nie-dowozi-kluczowych-obietnic","status":"publish","type":"post","link":"https:\/\/www.greenpeace.org\/poland\/aktualnosci\/38304\/polmetek-kadencji-rzad-donalda-tuska-nie-dowozi-kluczowych-obietnic\/","title":{"rendered":"P\u00f3\u0142metek kadencji: rz\u0105d Donalda Tuska nie dowozi kluczowych obietnic"},"content":{"rendered":"\n<p><strong>Po dw\u00f3ch latach od wybor\u00f3w parlamentarnych rz\u0105d Donalda Tuska nie dowozi kluczowych obietnic wyborczych w tematach energetyki i przyrody. Grozi to powa\u017cnymi konsekwencjami dla Polek i Polak\u00f3w \u2014 wysokimi cenami energii, utrat\u0105 suwerenno\u015bci energetycznej i utrat\u0105 bezcennego dziedzictwa przyrodniczego.&nbsp;<\/strong><\/p>\n\n<figure class=\"wp-block-image size-large\"><img loading=\"lazy\" decoding=\"async\" width=\"819\" height=\"1024\" src=\"https:\/\/www.greenpeace.org\/static\/planet4-poland-stateless\/2025\/10\/955c2b5b-naglowek-1-819x1024.png\" alt=\"\" class=\"wp-image-38307\" srcset=\"https:\/\/www.greenpeace.org\/static\/planet4-poland-stateless\/2025\/10\/955c2b5b-naglowek-1-819x1024.png 819w, https:\/\/www.greenpeace.org\/static\/planet4-poland-stateless\/2025\/10\/955c2b5b-naglowek-1-400x500.png 400w, https:\/\/www.greenpeace.org\/static\/planet4-poland-stateless\/2025\/10\/955c2b5b-naglowek-1-768x960.png 768w, https:\/\/www.greenpeace.org\/static\/planet4-poland-stateless\/2025\/10\/955c2b5b-naglowek-1-272x340.png 272w, https:\/\/www.greenpeace.org\/static\/planet4-poland-stateless\/2025\/10\/955c2b5b-naglowek-1.png 1080w\" sizes=\"auto, (max-width: 819px) 100vw, 819px\" \/><\/figure>\n\n<p>O ile w pierwszej ocenie plan\u00f3w i obietnic wyborczych koalicja premiera Donalda Tuska otrzyma\u0142a od ekspert\u00f3w i ekspertek Greenpeace ca\u0142kiem pozytywne oceny, tak po dw\u00f3ch latach tabela dotycz\u0105ca realizacji obietnic \u015bwieci niemal ca\u0142a na czerwono.&nbsp;<\/p>\n\n<p>\u2014 Koalicja dosz\u0142a do w\u0142adzy dzi\u0119ki konkretnym obietnicom poprawy sytuacji w Polsce, tak\u017ce w zakresie ochrony przyrody i modernizacji energetyki. Jednak na p\u00f3\u0142metku kadencji sytuacja w polskiej energetyce i ochronie przyrody nadal wygl\u0105da \u017ale. Wiele obietnic pozosta\u0142o na papierze. Wydaje si\u0119 wr\u0119cz, \u017ce rz\u0105d Donalda Tuska pr\u00f3buje teraz wymaza\u0107 obietnice, kt\u00f3re z\u0142o\u017cy\u0142 Polkom i Polakom \u2014 m\u00f3wi Marek J\u00f3zefiak, rzecznik i ekspert ds. polityki ekologicznej Greenpeace Polska.&nbsp;<\/p>\n\n<p>We wrze\u015bniu br. rz\u0105d przedstawi\u0142 list\u0119 58 priorytet\u00f3w na drug\u0105 cz\u0119\u015b\u0107 kadencji. Z dokumentu znikn\u0119\u0142y zadeklarowane wcze\u015bniej cele w sprawie wzmacniania suwerenno\u015bci energetycznej. Nie ma te\u017c \u015bladu po obietnicy wy\u0142\u0105czenia z wycinek 20 proc. najcenniejszych las\u00f3w czy ochrony rzek. Znikn\u0119\u0142a r\u00f3wnie\u017c deklaracja przeznaczenia 100% \u015brodk\u00f3w z handlu emisjami na ocieplanie dom\u00f3w, magazyny energii czy transport publiczny. Wcze\u015bniej politycy koalicji wytykali t\u0119 kwesti\u0119 rz\u0105dowi Zjednoczonej Prawicy, wskazuj\u0105c, \u017ce ten przejada dziesi\u0105tki miliard\u00f3w z\u0142otych, kt\u00f3re powinny s\u0142u\u017cy\u0107 wszystkim Polkom i Polakom.<\/p>\n\n<p>\u2014 Rz\u0105d premiera Tuska dryfuje w polityce energetycznej. Brak strategicznych decyzji np. dotycz\u0105cych daty odej\u015bcia Polski od w\u0119gla czy przyspieszenia rozwoju OZE sprawia, \u017ce wysokie rachunki za energi\u0119 mog\u0105 zosta\u0107 z nami na d\u0142ugie lata. Krok po kroku tracimy te\u017c suwerenno\u015b\u0107 energetyczn\u0105. Grozi nam to, \u017ce b\u0119dziemy produkowa\u0107 coraz wi\u0119cej pr\u0105du z drogiego i importowanego gazu. W sprawie las\u00f3w rz\u0105dowi nie uda\u0142o si\u0119 zatrzyma\u0107 wycinek nawet w Bieszczadach. Bieszczadzkie buki trafiaj\u0105 na S\u0142owacj\u0119, gdzie s\u0105 przerabiane na tektur\u0119 przez mi\u0119dzynarodowy koncern. Trudno o wi\u0119kszy absurd. Rz\u0105d Donalda Tuska, tak jak rz\u0105d Morawieckiego, rozmienia nasze dziedzictwo przyrodnicze na drobne \u2014 dodaje Marek J\u00f3zefiak z Greenpeace Polska.&nbsp;<\/p>\n\n<figure class=\"wp-block-image size-large\"><img loading=\"lazy\" decoding=\"async\" width=\"1024\" height=\"683\" src=\"https:\/\/www.greenpeace.org\/static\/planet4-poland-stateless\/2025\/09\/c4b1ad04-gp0stwqpc-1024x683.jpg\" title=\"Carpathian Expedition in the Bieszczady Mountains, Poland. \u00a9 Max Zielinski \/ Greenpeace\" alt=\"Carpathian Expedition in the Bieszczady Mountains, Poland. \u00a9 Max Zielinski \/ Greenpeace\" class=\"wp-image-38025\" srcset=\"https:\/\/www.greenpeace.org\/static\/planet4-poland-stateless\/2025\/09\/c4b1ad04-gp0stwqpc-1024x683.jpg 1024w, https:\/\/www.greenpeace.org\/static\/planet4-poland-stateless\/2025\/09\/c4b1ad04-gp0stwqpc-500x333.jpg 500w, https:\/\/www.greenpeace.org\/static\/planet4-poland-stateless\/2025\/09\/c4b1ad04-gp0stwqpc-768x512.jpg 768w, https:\/\/www.greenpeace.org\/static\/planet4-poland-stateless\/2025\/09\/c4b1ad04-gp0stwqpc-510x340.jpg 510w, https:\/\/www.greenpeace.org\/static\/planet4-poland-stateless\/2025\/09\/c4b1ad04-gp0stwqpc.jpg 1200w\" sizes=\"auto, (max-width: 1024px) 100vw, 1024px\" \/><figcaption class=\"wp-element-caption\">Aktywistka Greenpeace protestuje przeciwko wycinkom w Puszczy Karpackiej w Bieszczadach.<div class=\"credit icon-left\"> \u00a9 Max Zielinski \/ Greenpeace<\/div><\/figcaption><\/figure>\n\n<p>Poni\u017cej szersze om\u00f3wienie realizacji poszczeg\u00f3lnych obietnic wyborczych rz\u0105du Donalda Tuska w tematach energii i przyrody. Oceniali\u015bmy przy pomocy tr\u00f3jstopniowej skali (zielony \u2013 dobrze, \u017c\u00f3\u0142ty \u2013 \u015brednio, czerwony \u2013 \u017ale). Obw\u00f3dki w innym kolorze sygnalizuj\u0105 oceny po\u015brednie.<\/p>\n\n<p><strong>ROZW\u00d3J OZE \u2014 ocena: \u017ale, z niewielkim plusem<\/strong><\/p>\n\n<p>D\u0142ugo op\u00f3\u017aniana ustawa wiatrakowa zosta\u0142a zablokowana przez weto prezydenta Karola Nawrockiego. Decyzja prezydenta jest wybitnie szkodliwa, lecz jednocze\u015bnie \u015bwiadczy o braku skuteczno\u015bci rz\u0105du w negocjacji poparcia dla tej strategicznej sprawy. Mimo to przyznali\u015bmy rz\u0105dowi ma\u0142ego plusa za podj\u0119cie powa\u017cnej pr\u00f3by i przygotowanie dobrej ustawy wiatrakowej. Niestety, jak wynika z informacji medialnych, rz\u0105d chce zmniejszy\u0107 cele rozwoju wiatrak\u00f3w. Z kolei wst\u0119pne pomys\u0142y na zmiany poprzez rozporz\u0105dzenia dotycz\u0105ce modernizacji wiatrak\u00f3w poprzez rozporz\u0105dzenia, jak na razie wygl\u0105daj\u0105 na dalece niewystarczaj\u0105ce. Przysz\u0142o\u015b\u0107 energetyki wiatrowej na l\u0105dzie jest wi\u0119c niepewna przez decyzj\u0119 prezydenta, a rz\u0105dowi na razie brakuje konkretnego planu na inne rozwi\u0105zanie tego problemu. Je\u015bli rz\u0105d odpu\u015bci t\u0119 spraw\u0119, zap\u0142acimy za to wszyscy wy\u017cszymi cenami energii.&nbsp;<\/p>\n\n<p>S\u0142uch zagin\u0105\u0142 z kolei po planach na przeznaczenie olbrzymiej kwoty ok. 20 mld z\u0142 rocznie z handlu emisjami CO2 na fundusz dedykowany rozwojowi OZE, transportu zbiorowego czy ocieplaniu dom\u00f3w. Skorzysta\u0142by na tym ka\u017cdy z nas. Ministerstwo Klimatu i \u015arodowiska w swoich odpowiedziach na zg\u0142aszane postulaty w tym zakresie m\u00f3wi jednak jasno, \u017ce powo\u0142anie funduszu blokuje minister finans\u00f3w Andrzej Doma\u0144ski. Dziesi\u0105tki miliard\u00f3w z\u0142otych nadal rozp\u0142ywaj\u0105 si\u0119 w bud\u017cecie i s\u0105 przepalane na inne cele.<\/p>\n\n<p><strong>ODEJ\u015aCIE OD PALIW KOPALNYCH \u2014 ocena: \u017ale<\/strong><\/p>\n\n<p>Polska jako jedyny kraj UE nadal nie przyj\u0119\u0142a Krajowego Planu w dziedzinie Energii i Klimatu \u2014 czyli wymaganego przez Uni\u0119 Europejsk\u0105 dokumentu opisuj\u0105cego nasz\u0105 strategi\u0119 odej\u015bcia od paliw kopalnych. W efekcie na pocz\u0105tku pa\u017adziernika Komisja Europejska z\u0142o\u017cy\u0142a skarg\u0119 na Polsk\u0119 do Trybuna\u0142u Sprawiedliwo\u015bci UE. Nie mamy jako pa\u0144stwo planu na odej\u015bcie od w\u0119gla i przyspieszenia rozwoju czystych i tanich OZE. Grozi nam przez to utrata suwerenno\u015bci energetycznej. Ten proces ju\u017c post\u0119puje \u2014 w ci\u0105gu ostatnich 10 lat udzia\u0142 importu w konsumpcji paliw w Polsce wzr\u00f3s\u0142 z nieca\u0142ych 30 do 45 procent.&nbsp;<\/p>\n\n<p>Rz\u0105d nadal zamierza dop\u0142aca\u0107 olbrzymie kwoty do nierentownych kopal\u0144. W 2026 roku ta kwota ma wynie\u015b\u0107 5,5 mld z\u0142otych \u2014 na plus nale\u017cy zaliczy\u0107 zmniejszenie tej kwoty w por\u00f3wnaniu z rokiem 2025. Na dodatek rz\u0105d kontynuuje gro\u017an\u0105 polityk\u0119 rz\u0105du Zjednoczonej Prawicy rozbuchanych inwestycji w energetyk\u0119 gazow\u0105, co w po\u0142\u0105czeniu ze zbyt wolnym rozwojem OZE mo\u017ce skutkowa\u0107 du\u017cym wzrostem importu gazu i wysokimi cenami energii.&nbsp;<\/p>\n\n<p><strong>20% NAJCENNIEJSZYCH LAS\u00d3W WOLNYCH OD WYCINEK \u2014 ocena: \u017ale, z niewielkim plusem<\/strong><\/p>\n\n<p>Podczas Marszu 4 czerwca w 2023 roku premier Donald Tusk m\u00f3wi\u0142, \u017ce patriotyzm to brak zgody na wy\u017cynanie naszych las\u00f3w. Jednak na p\u00f3\u0142metku kadencji zamiast 20% najcenniejszych las\u00f3w wolnych od pi\u0142, mamy\u2026 sto razy mniej! Zaledwie 0,2% las\u00f3w trwale wy\u0142\u0105czono z gospodarki le\u015bnej, tworz\u0105c rezerwaty. I nic nie wr\u00f3\u017cy, \u017ce sytuacja ulegnie znacz\u0105cej poprawie. W priorytetach na kolejne dwa lata zabrak\u0142o wzmacniania ochrony las\u00f3w, a kontrol\u0119 nad tym procesem rz\u0105d odda\u0142 samym le\u015bnikom.<\/p>\n\n<p>Spo\u0142ecze\u0144stwo wci\u0105\u017c nie ma nadzoru nad tym jak Lasy Pa\u0144stwowe zarz\u0105dzaj\u0105 naszymi lasami \u2014 czyli jedn\u0105 czwart\u0105 powierzchni naszego kraju. Jaki jest tego efekt? Le\u015bnicy blokuj\u0105 ochron\u0119 najcenniejszych teren\u00f3w. W Bieszczadach, w sercu Puszczy Karpackiej nadal prowadz\u0105 wycinki nawet w matecznikach nied\u017awiedzi. A spo\u0142ecze\u0144stwo wci\u0105\u017c nie ma mo\u017cliwo\u015bci zaskar\u017cania do s\u0105d\u00f3w plan\u00f3w urz\u0105dzenia las\u00f3w, na podstawie kt\u00f3rych le\u015bnicy prowadz\u0105 wycinki. I to mimo tego, \u017ce w 2023 r. Trybuna\u0142 Sprawiedliwo\u015bci UE stwierdzi\u0142, \u017ce polskie pa\u0144stwo musi zapewni\u0107 to prawo obywatelom i obywatelkom.<br><\/p>\n\n<p>Na plus nale\u017cy oceni\u0107 decyzj\u0119 resortu \u015brodowiska o tymczasowym wstrzymaniu wycinek na trzech procentach powierzchni Las\u00f3w Pa\u0144stwowych, w tym w projektowanych rezerwatach przyrody. Jednak Lasy Pa\u0144stwowe pr\u00f3buj\u0105 blokowa\u0107 utrwalanie ich ochrony \u2014 dwie trzecie proponowanych rezerwat\u00f3w le\u015bnicy zaopiniowali negatywnie. Je\u017celi rz\u0105d ulegnie le\u015bnikom w tej kwestii, nasza ocena zmieni si\u0119 na jednoznacznie negatywn\u0105.<\/p>\n\n<p><strong>NOWE PARKI NARODOWE \u2014 ocena: \u015brednio<\/strong><\/p>\n\n<p>Parki narodowe obejmuj\u0119 zaledwie 1,1% powierzchni Polski, co plasuje nas w ogonie pa\u0144stw europejskich. \u015arednio w Europie parki obejmuj\u0105 trzy razy wi\u0119kszy fragment powierzchni. Obecnie parlament proceduje rz\u0105dowy projekt ustawy, kt\u00f3ra ma stworzy\u0107 Park Narodowy Doliny Dolnej Odry \u2014 pierwszy park narodowy od blisko \u0107wier\u0107 wieku 2001 roku. Rz\u0105dowi uda\u0142o si\u0119 przekona\u0107 dwie z trzech gmin do poparcia tego projektu. Je\u015bli prezydent Nawrocki podpisze ustaw\u0119, park powstanie najpewniej na powierzchni 38 km2. B\u0119dzie to jeden z tzw. \u201eskwer\u00f3w narodowych\u201d, czyli park\u00f3w o niewielkiej powierzchni. Jednak przy tak d\u0142ugiej zapa\u015bci w ochronie przyrody najwa\u017cniejsze jest zrobienie pierwszego kroku i prze\u0142amanie impasu. W kolejce na powo\u0142anie czeka ponad 20 projektowanych park\u00f3w, z Turnickim, Mazurskim i Jurajskim na czele. Rz\u0105d nie zacz\u0105\u0142 pracy nad \u017cadnym z nich. Na lepsz\u0105 ochron\u0119 czekaj\u0105 te\u017c obszary, kt\u00f3re od lat pretenduj\u0105 do w\u0142\u0105czenia do istniej\u0105cych park\u00f3w \u2014 w tym Bieszczady (do Bieszczadzkiego), Beskid Niski (do Magurskiego) czy Beskid \u017bywiecki (do Babiog\u00f3rskiego PN).&nbsp;&nbsp;<\/p>\n\n<p><strong>OCHRONA RZEK \u2014 ocena: \u017ale<\/strong><\/p>\n\n<p>Po katastrofie w Odrze latem 2022 roku wysz\u0142a na jaw skala zanieczyszczenia polskich rzek przez zasolone \u015bcieki ze \u015bl\u0105skich kopal\u0144 w\u0119gla. Politycy odnie\u015bli si\u0119 do tego problemu w umowie koalicyjnej, gdzie napisali, \u017ce wdro\u017c\u0105 sta\u0142y monitoring polskich rzek i d\u0105\u017cy\u0107 b\u0119d\u0105 do ich renaturyzacji. Jednak od samego monitoringu kopalniane solanki z wody si\u0119 nie wytr\u0105c\u0105, ale oceniaj\u0105c umow\u0119 koalicyjn\u0105, dali\u015bmy \u015bredni\u0105 ocen\u0119, bo przynajmniej rz\u0105d wskazywa\u0142 zagro\u017cenie.<\/p>\n\n<p>Przez blisko dwa lata rz\u0105d nie by\u0142 w stanie wymusi\u0107 na sp\u00f3\u0142kach g\u00f3rniczych zmniejszenia zrzut\u00f3w silnie zasolonych \u015bciek\u00f3w do Wis\u0142y i Odry. Gdy tylko zaczyna by\u0107 cieplej, wraca zagro\u017cenie masowego zakwitu z\u0142otej algi, kt\u00f3ra zabi\u0142a \u017cycie w Odrze. Ministerstwo Infrastruktury nie by\u0142o w stanie sfinalizowa\u0107 obiecanego projektu ustawy ratuj\u0105cej Odr\u0119. Wst\u0119pne propozycje przepis\u00f3w w \u017caden spos\u00f3b nie zapewniaj\u0105 bezpiecze\u0144stwa polskim rzekom.<\/p>\n","protected":false},"excerpt":{"rendered":"<p>Po dw\u00f3ch latach od wybor\u00f3w parlamentarnych rz\u0105d Donalda Tuska nie dowozi kluczowych obietnic wyborczych w tematach energetyki i przyrody. Grozi to powa\u017cnymi konsekwencjami dla Polek i Polak\u00f3w \u2014 wysokimi cenami&hellip;<\/p>\n","protected":false},"author":37,"featured_media":38307,"comment_status":"closed","ping_status":"open","sticky":false,"template":"","format":"standard","meta":{"ep_exclude_from_search":false,"p4_og_title":"","p4_og_description":"","p4_og_image":"","p4_og_image_id":"","p4_seo_canonical_url":"","p4_campaign_name":"","p4_local_project":"","p4_basket_name":"","p4_department":"","footnotes":""},"categories":[3],"tags":[6,18,19,26,7],"p4-page-type":[14],"class_list":["post-38304","post","type-post","status-publish","format-standard","has-post-thumbnail","hentry","category-przyroda","tag-klimat","tag-wegiel","tag-lasy","tag-ochrona-przyrody","tag-czysta-energia","p4-page-type-aktualnosci"],"_links":{"self":[{"href":"https:\/\/www.greenpeace.org\/poland\/wp-json\/wp\/v2\/posts\/38304","targetHints":{"allow":["GET"]}}],"collection":[{"href":"https:\/\/www.greenpeace.org\/poland\/wp-json\/wp\/v2\/posts"}],"about":[{"href":"https:\/\/www.greenpeace.org\/poland\/wp-json\/wp\/v2\/types\/post"}],"author":[{"embeddable":true,"href":"https:\/\/www.greenpeace.org\/poland\/wp-json\/wp\/v2\/users\/37"}],"replies":[{"embeddable":true,"href":"https:\/\/www.greenpeace.org\/poland\/wp-json\/wp\/v2\/comments?post=38304"}],"version-history":[{"count":2,"href":"https:\/\/www.greenpeace.org\/poland\/wp-json\/wp\/v2\/posts\/38304\/revisions"}],"predecessor-version":[{"id":38309,"href":"https:\/\/www.greenpeace.org\/poland\/wp-json\/wp\/v2\/posts\/38304\/revisions\/38309"}],"wp:featuredmedia":[{"embeddable":true,"href":"https:\/\/www.greenpeace.org\/poland\/wp-json\/wp\/v2\/media\/38307"}],"wp:attachment":[{"href":"https:\/\/www.greenpeace.org\/poland\/wp-json\/wp\/v2\/media?parent=38304"}],"wp:term":[{"taxonomy":"category","embeddable":true,"href":"https:\/\/www.greenpeace.org\/poland\/wp-json\/wp\/v2\/categories?post=38304"},{"taxonomy":"post_tag","embeddable":true,"href":"https:\/\/www.greenpeace.org\/poland\/wp-json\/wp\/v2\/tags?post=38304"},{"taxonomy":"p4-page-type","embeddable":true,"href":"https:\/\/www.greenpeace.org\/poland\/wp-json\/wp\/v2\/p4-page-type?post=38304"}],"curies":[{"name":"wp","href":"https:\/\/api.w.org\/{rel}","templated":true}]}}