{"id":3839,"date":"2014-04-18T00:30:41","date_gmt":"2014-04-17T22:30:41","guid":{"rendered":"https:\/\/www.greenpeace.org\/poland\/?p=3839"},"modified":"2023-05-20T15:03:47","modified_gmt":"2023-05-20T13:03:47","slug":"pierwszy-transport-arktycznej-ropy-z-platformy-prirazlomnaja","status":"publish","type":"post","link":"https:\/\/www.greenpeace.org\/poland\/aktualnosci\/3839\/pierwszy-transport-arktycznej-ropy-z-platformy-prirazlomnaja\/","title":{"rendered":"Pierwszy transport arktycznej ropy z platformy Priraz\u0142omnaja"},"content":{"rendered":"\n<p>Prezydent Rosji W\u0142adimir Putin og\u0142osi\u0142 dzisiaj, \u017ce pa\u0144stwowa firma energetyczna Gazprom jest gotowa do wys\u0142ania do Europy pierwszego transportu ropy pochodz\u0105cej z morskich obszar\u00f3w Arktyki. Ropa jest transportowana rosyjskim tankowcem Mikhail Ulyanov z platformy Priraz\u0142omnaja operuj\u0105cej na Morzu Peczorskim.<\/p>\n\n<p>To w\u0142a\u015bnie przy tej platformie we wrze\u015bniu zesz\u0142ego roku mia\u0142 miejsce pokojowy protest Greenpeace, po kt\u00f3rym 28 aktywist\u00f3w i 2 dziennikarzy sp\u0119dzi\u0142o ponad 2 miesi\u0105ce w areszcie pod zarzutem piractwa, p\u00f3\u017aniej zmienionego na chuliga\u0144stwo.<\/p>\n\n<p>W odpowiedzi na informacje o rozpocz\u0119ciu transportu ropy, Kumi Naidoo, dyrektor Greenpeace International powiedzia\u0142:&nbsp;<em>\u201eTo moment, kt\u00f3ry okre\u015bla przysz\u0142o\u015b\u0107 Arktyki i ca\u0142ego \u015bwiata. Rosyjskie firmy energetyczne zak\u0142adaj\u0105, \u017ce topniej\u0105ca Arktyka mo\u017ce dostarczy\u0107 nowych surowc\u00f3w i zysk\u00f3w przez kolejne dziesi\u0119ciolecia. Mi\u0119dzynarodowi potentaci paliwowi, tacy jak Shell, ExxonMobile czy Statoil, konkuruj\u0105 o to, kt\u00f3ra z firm pierwsza rozpocznie eksploatacj\u0119 w\u0119glowodor\u00f3w w Arktyce. Je\u015bli nie powstrzymamy tej arktycznej gor\u0105czki, ryzykujemy nie tylko zniszczeniem \u015brodowiska, ale r\u00f3wnie\u017c utrwaleniem obecnego uzale\u017cnienia si\u0119 od paliw kopalnych. Nie chodzi o to, by przerzuca\u0107 si\u0119 z jednego paliwa kopalnego na inne, ale o to, by jak najszybciej przestawi\u0107 si\u0119 na czyste technologie i mniejsze zu\u017cycie energii. Jeszcze nigdy potrzeba zmian nie by\u0142a tak pilna, a rozwi\u0105zania tak oczywiste.\u201d<\/em><\/p>\n\n<p><em>\u201eZastanawiam si\u0119, kiedy kraje Europy zaakceptuj\u0105 fakt, \u017ce liczy si\u0119 nie tylko rozw\u00f3j gospodarki i tania ropa, ale r\u00f3wnie\u017c polityczne bezpiecze\u0144stwo i ochrona naszych wsp\u00f3lnych zasob\u00f3w przyrody. Kraje UE kupuj\u0105c w tej chwili rop\u0119 od Rosji wspieraj\u0105 niedemokratyczne rz\u0105dy i przyczyniaj\u0105 si\u0119 po\u015brednio do zgody na post\u0119puj\u0105c\u0105 degradacj\u0119 \u015brodowiska Arktyki\u201d<\/em>&nbsp;\u2013 dodaje Tomasz Dziemianczuk, jeden z tzw. Arktycznej Trzydziestki, przetrzymywanej w Rosji po pokojowym prote\u015bcie przeciwko odwiertom ropy w Arktyce.<\/p>\n\n<p>Greenpeace wskazuje r\u00f3wnie\u017c na fakt, \u017ce przygotowanie do transportu ropy zaj\u0119\u0142o znacznie d\u0142u\u017cej ni\u017c zak\u0142adano, a ci\u0119\u017cka ropa jest tak s\u0142abej jako\u015bci, \u017ce Gazprom z trudem znalaz\u0142 dla niej odbiorc\u0119. Ponadto istniej\u0105 dowody na to, \u017ce platforma wyprodukuje znacznie mniej ropy ni\u017c firma&nbsp;<a href=\"https:\/\/www.greenpeace.org\/archive-poland\/PageFiles\/604279\/Arktyczna_Ropa_Kwiecien_2014.pdf\" target=\"_blank\" rel=\"noreferrer noopener\">pierwotnie deklarowa\u0142a<\/a>[1].<\/p>\n\n<p>Agencja Reuters donosi\u0142a, \u017ce Gazprom mia\u0142 rozpocz\u0105\u0107 transport ropy ju\u017c w lutym tego roku. Firma nie przedstawi\u0142a \u017cadnych wyja\u015bnie\u0144 dotycz\u0105cych zaistnia\u0142ego op\u00f3\u017anienia. Jednak surowe warunki pogodowe panuj\u0105ce w Arktyce i pokrywa lodowa powoduj\u0105, \u017ce wszelka dzia\u0142alno\u015b\u0107 przemys\u0142owa jest tam bardzo trudna.<\/p>\n\n<p><em>\u201eMimo \u015bwi\u0105tecznego tonu, w jakim wypowiada\u0142 si\u0119 Putin, transport ropy rozpocz\u0105\u0142 si\u0119 z du\u017cym op\u00f3\u017anieniem i zawiera rop\u0119 o niskiej jako\u015bci. Feta wok\u00f3\u0142 wyruszenia tankowca wygl\u0105da raczej na chwyt PR-owy, ni\u017c faktyczne otwarcie pewnego \u017ar\u00f3d\u0142a ropy\u201d<\/em>&nbsp;\u2013 dodaje Naidoo.<\/p>\n\n<p>Parlament Holandii w marcu tego roku przyj\u0105\u0142 rezolucj\u0119 wzywaj\u0105c\u0105 do zaniechania transportu ropy na wodach Arktyki. Teraz ruch le\u017cy po stronie Mi\u0119dzynarodowej Organizacji Morskiej (IMO), kt\u00f3ra powinna wprowadzi\u0107 w \u017cycie postanowienia rezolucji.<\/p>\n","protected":false},"excerpt":{"rendered":"<p>Prezydent Rosji W\u0142adimir Putin og\u0142osi\u0142 dzisiaj, \u017ce pa\u0144stwowa firma energetyczna Gazprom jest gotowa do wys\u0142ania do Europy pierwszego transportu ropy pochodz\u0105cej z morskich obszar\u00f3w Arktyki. Ropa jest transportowana rosyjskim tankowcem&hellip;<\/p>\n","protected":false},"author":25,"featured_media":0,"comment_status":"closed","ping_status":"open","sticky":false,"template":"","format":"standard","meta":{"ep_exclude_from_search":false,"p4_og_title":"","p4_og_description":"","p4_og_image":"","p4_og_image_id":"","p4_seo_canonical_url":"","p4_campaign_name":"not set","p4_local_project":"","p4_basket_name":"not set","p4_department":"","footnotes":""},"categories":[2],"tags":[6,25,32],"p4-page-type":[14],"class_list":["post-3839","post","type-post","status-publish","format-standard","hentry","category-klimat-energia","tag-klimat","tag-paliwakopalne","tag-arktyka","p4-page-type-aktualnosci"],"_links":{"self":[{"href":"https:\/\/www.greenpeace.org\/poland\/wp-json\/wp\/v2\/posts\/3839","targetHints":{"allow":["GET"]}}],"collection":[{"href":"https:\/\/www.greenpeace.org\/poland\/wp-json\/wp\/v2\/posts"}],"about":[{"href":"https:\/\/www.greenpeace.org\/poland\/wp-json\/wp\/v2\/types\/post"}],"author":[{"embeddable":true,"href":"https:\/\/www.greenpeace.org\/poland\/wp-json\/wp\/v2\/users\/25"}],"replies":[{"embeddable":true,"href":"https:\/\/www.greenpeace.org\/poland\/wp-json\/wp\/v2\/comments?post=3839"}],"version-history":[{"count":3,"href":"https:\/\/www.greenpeace.org\/poland\/wp-json\/wp\/v2\/posts\/3839\/revisions"}],"predecessor-version":[{"id":32897,"href":"https:\/\/www.greenpeace.org\/poland\/wp-json\/wp\/v2\/posts\/3839\/revisions\/32897"}],"wp:attachment":[{"href":"https:\/\/www.greenpeace.org\/poland\/wp-json\/wp\/v2\/media?parent=3839"}],"wp:term":[{"taxonomy":"category","embeddable":true,"href":"https:\/\/www.greenpeace.org\/poland\/wp-json\/wp\/v2\/categories?post=3839"},{"taxonomy":"post_tag","embeddable":true,"href":"https:\/\/www.greenpeace.org\/poland\/wp-json\/wp\/v2\/tags?post=3839"},{"taxonomy":"p4-page-type","embeddable":true,"href":"https:\/\/www.greenpeace.org\/poland\/wp-json\/wp\/v2\/p4-page-type?post=3839"}],"curies":[{"name":"wp","href":"https:\/\/api.w.org\/{rel}","templated":true}]}}