{"id":3873,"date":"2012-08-27T12:08:44","date_gmt":"2012-08-27T10:08:44","guid":{"rendered":"https:\/\/www.greenpeace.org\/poland\/?p=3873"},"modified":"2025-07-10T12:36:12","modified_gmt":"2025-07-10T10:36:12","slug":"greenpeace-znow-w-akcji-paralizuje-prace-platformy-gazpromu","status":"publish","type":"post","link":"https:\/\/www.greenpeace.org\/poland\/aktualnosci\/3873\/greenpeace-znow-w-akcji-paralizuje-prace-platformy-gazpromu\/","title":{"rendered":"Greenpeace zn\u00f3w w akcji, parali\u017cuje prace platformy Gazpromu"},"content":{"rendered":"<p><strong>Aktywi\u015bci Greenpeace, kt\u00f3rzy w pi\u0105tek zostali zmuszeni do przerwania okupacji platformy Gazpromu Priraz\u0142omnaja na Morzu Peczorskim w p\u00f3\u0142nocnej Rosji wracaj\u0105 do akcji.<\/strong><\/p>\n<p>Sze\u015bciu dzia\u0142aczy Greenpeace, wraz z dyrektorem generalnym organizacji Kumi Naidoo podp\u0142yn\u0119\u0142o dzi\u015b rano do statku Anna Achmatowa, przewo\u017c\u0105cego pracownik\u00f3w na platform\u0119 Priraz\u0142omnaja i zablokowa\u0142o go. Aktywi\u015bci wspi\u0119li si\u0119 na kotwic\u0119 i przykuli do niej swoje \u0142odzie motorowe, uniemo\u017cliwiaj\u0105c podniesie jej i przetransportowanie pracownik\u00f3w. W ten spos\u00f3b, do pracy nie dotar\u0142a kolejna zmiana i prace na platformie zosta\u0142y sparali\u017cowane. Greenpeace chce w ten spos\u00f3b powstrzyma\u0107 Gazprom przed kontynuowaniem programu wydobycia ropy i gazu w Arktyce.<br \/>\nPo dw\u00f3ch godzinach do protestuj\u0105cej grupy do\u0142\u0105czy\u0142o 7 kolejnych os\u00f3b. Obecnie w akcji bierze udzia\u0142 14 aktywist\u00f3w z 10 kraj\u00f3w (Nowa Zelandia, Kanada, Cypr, Wielka Brytania, Rosja, Argentyna, RPA, Niemcy, Finlandia i USA).<\/p>\n<p>Z platformy wezwano na pomoc stra\u017c przybrze\u017cn\u0105, kt\u00f3ra przyby\u0142a na miejsce ale jeszcze nie interweniowa\u0142a.<\/p>\n<p>\u201ePrzed dwoma dniami weszli\u015bmy na t\u0119 platform\u0119 by zwr\u00f3ci\u0107 uwag\u0119 \u015bwiata na zbrodni\u0119 na \u015brodowisku, do pope\u0142nienia kt\u00f3rej szykuje si\u0119 Gazprom. Chcemy to powstrzyma\u0107 zanim dojdzie do katastrofy. Dzi\u015b podejmujemy dalsze pokojowe dzia\u0142ania aby powstrzyma\u0107 dewastacj\u0119 tego unikalnego ekosystemu. Prawie dwa miliony os\u00f3b do\u0142\u0105czy\u0142o do tej pory do naszej kampanii na rzecz ochrony Arktyki i zrobimy wszystko aby powstrzyma\u0107 korporacje paliwowe przed kontynuowaniem ich lekkomy\u015blnych plan\u00f3w zarabiania na eksploatacji zasob\u00f3w tego regionu\u201d, m\u00f3wi obecny na miejscu akcji Kumi Naidoo.<\/p>\n<p>Priraz\u0142omnaja ma by\u0107 pierwsz\u0105 sta\u0142\u0105 platform\u0105 wiertnicz\u0105 na morzu w Arktyce i w ten spos\u00f3b staje si\u0119 niechlubnych symbolem industrializacji tego wra\u017cliwego obszaru. Prace konstrukcyjne prawie ju\u017c si\u0119 zako\u0144czy\u0142y i Gazprom niecierpliwie czeka by rozpocz\u0105\u0107 wiercenia i sta\u0107 si\u0119 pierwsz\u0105 firm\u0105 wydobywaj\u0105c\u0105 rop\u0119 z dna morskiego na terenie Arktyki.<\/p>\n<p>Pomimo ci\u0119\u017ckich warunk\u00f3w atmosferycznych w jakich ma odbywa\u0107 si\u0119 wydobycie, Gazprom nie posiada planu dzia\u0142ania na wypadek wycieku ropy. Z dokument\u00f3w, kt\u00f3re firma ujawni\u0142a oraz z bada\u0144 niezale\u017cnych analityk\u00f3w wynika, \u017ce Gazprom jest absolutnie nieprzygotowany do radzenia sobie z wyciekiem w warunkach arktycznych. Grozi to katastrof\u0105 ekologiczn\u0105 na masow\u0105 skal\u0119 bo \u0142opaty i wiadra przygotowane do czyszczenia wybrze\u017ca po prostu nie wystarcz\u0105.<\/p>\n<div data-render=\"planet4-blocks\/gallery\" data-attributes=\"{&quot;attributes&quot;:{&quot;gallery_block_style&quot;:0,&quot;gallery_block_title&quot;:&quot;&quot;,&quot;gallery_block_description&quot;:&quot;&quot;,&quot;multiple_image&quot;:&quot;&quot;,&quot;gallery_block_focus_points&quot;:&quot;&quot;,&quot;image_data&quot;:[],&quot;images&quot;:[]}}\"><\/div>","protected":false},"excerpt":{"rendered":"<p>Aktywi\u015bci Greenpeace, kt\u00f3rzy w pi\u0105tek zostali zmuszeni do przerwania okupacji platformy Gazpromu Priraz\u0142omnaja na Morzu Peczorskim w p\u00f3\u0142nocnej Rosji wracaj\u0105 do akcji. Sze\u015bciu dzia\u0142aczy Greenpeace, wraz z dyrektorem generalnym organizacji&hellip;<\/p>\n","protected":false},"author":25,"featured_media":3874,"comment_status":"closed","ping_status":"open","sticky":false,"template":"","format":"standard","meta":{"ep_exclude_from_search":false,"p4_og_title":"","p4_og_description":"","p4_og_image":"","p4_og_image_id":"","p4_seo_canonical_url":"","p4_campaign_name":"not set","p4_local_project":"","p4_basket_name":"not set","p4_department":"","footnotes":""},"categories":[2],"tags":[6,24,25,32],"p4-page-type":[14],"class_list":["post-3873","post","type-post","status-publish","format-standard","has-post-thumbnail","hentry","category-klimat-energia","tag-klimat","tag-aktywizm","tag-paliwakopalne","tag-arktyka","p4-page-type-aktualnosci"],"_links":{"self":[{"href":"https:\/\/www.greenpeace.org\/poland\/wp-json\/wp\/v2\/posts\/3873","targetHints":{"allow":["GET"]}}],"collection":[{"href":"https:\/\/www.greenpeace.org\/poland\/wp-json\/wp\/v2\/posts"}],"about":[{"href":"https:\/\/www.greenpeace.org\/poland\/wp-json\/wp\/v2\/types\/post"}],"author":[{"embeddable":true,"href":"https:\/\/www.greenpeace.org\/poland\/wp-json\/wp\/v2\/users\/25"}],"replies":[{"embeddable":true,"href":"https:\/\/www.greenpeace.org\/poland\/wp-json\/wp\/v2\/comments?post=3873"}],"version-history":[{"count":7,"href":"https:\/\/www.greenpeace.org\/poland\/wp-json\/wp\/v2\/posts\/3873\/revisions"}],"predecessor-version":[{"id":37425,"href":"https:\/\/www.greenpeace.org\/poland\/wp-json\/wp\/v2\/posts\/3873\/revisions\/37425"}],"wp:featuredmedia":[{"embeddable":true,"href":"https:\/\/www.greenpeace.org\/poland\/wp-json\/wp\/v2\/media\/3874"}],"wp:attachment":[{"href":"https:\/\/www.greenpeace.org\/poland\/wp-json\/wp\/v2\/media?parent=3873"}],"wp:term":[{"taxonomy":"category","embeddable":true,"href":"https:\/\/www.greenpeace.org\/poland\/wp-json\/wp\/v2\/categories?post=3873"},{"taxonomy":"post_tag","embeddable":true,"href":"https:\/\/www.greenpeace.org\/poland\/wp-json\/wp\/v2\/tags?post=3873"},{"taxonomy":"p4-page-type","embeddable":true,"href":"https:\/\/www.greenpeace.org\/poland\/wp-json\/wp\/v2\/p4-page-type?post=3873"}],"curies":[{"name":"wp","href":"https:\/\/api.w.org\/{rel}","templated":true}]}}