{"id":38837,"date":"2025-11-24T17:48:18","date_gmt":"2025-11-24T15:48:18","guid":{"rendered":"https:\/\/www.greenpeace.org\/poland\/?p=38837"},"modified":"2025-11-24T17:52:12","modified_gmt":"2025-11-24T15:52:12","slug":"pozar-na-cop30-symboliczne-zakonczenie-szczytu-klimatycznego","status":"publish","type":"post","link":"https:\/\/www.greenpeace.org\/poland\/aktualnosci\/38837\/pozar-na-cop30-symboliczne-zakonczenie-szczytu-klimatycznego\/","title":{"rendered":"Po\u017car na COP30. Symboliczne zako\u0144czenie szczytu klimatycznego"},"content":{"rendered":"\n<p><strong>Po\u017car, kt\u00f3ry wybuch\u0142 na terenie konferencji klimatycznej ONZ, by\u0142 symbolicznym podsumowaniem rozczarowuj\u0105cego szczytu COP30. Zdarzenie przywodzi\u0142o na my\u015bl p\u0142on\u0105c\u0105 planet\u0119, ale nie sk\u0142oni\u0142o negocjator\u00f3w do bardziej zdecydowanych ruch\u00f3w na rzecz ochrony klimatu. Jednym z <em>nomen omen<\/em> najgor\u0119tszych temat\u00f3w rozm\u00f3w by\u0142a potrzeba redukcji emisji metanu.\u00a0<\/strong><\/p>\n\n<p>Wi\u0119cej lobbyst\u00f3w paliwowych, zero konkret\u00f3w \u2014 szczyt klimatyczny COP30 w Brazylii sko\u0144czy\u0142 si\u0119 wielkim rozczarowaniem. Mimo tego, \u017ce ponad 80 pa\u0144stw (w\u015br\u00f3d nich nie by\u0142o niestety polskiego rz\u0105du) domaga\u0142o si\u0119 wyznaczenia harmonogramu odej\u015bcia od paliw kopalnych, w ko\u0144cowej deklaracji ta fraza si\u0119 nawet nie pojawi\u0142a. O taki fina\u0142 rozm\u00f3w \u201ezadba\u0142a\u201d grupa 1600 lobbyst\u00f3w koncern\u00f3w paliwowych \u2014 by\u0142o ich a\u017c o 12 procent wi\u0119cej ni\u017c rok wcze\u015bniej. <\/p>\n\n<p>W trakcie szczytu w Belem mocno wybrzmia\u0142a potrzeba redukcji metanu, czyli drugiego po dwutlenku w\u0119gla najbardziej szkodliwego gazu cieplarnianego. Wydany w trakcie szczytu w Brazylii raport UNEP \u2014 agendy ONZ ds. \u015brodowiska \u2014 wskazuje, \u017ce obecne polityki s\u0105 dalece niewystarczaj\u0105ce do osi\u0105gni\u0119cia celu obni\u017cenia emisji metanu o 30 proc. do 2030 roku wzgl\u0119dem roku 2020. Metan jest odpowiedzialny za oko\u0142o jedn\u0105 trzeci\u0105 ocieplenia obserwowanego w ostatnich latach. Jak to uj\u0105\u0142 jeden z ekspert\u00f3w cytowany przez <a href=\"https:\/\/www.theguardian.com\/environment\/2025\/nov\/16\/methane-cuts-climate-breakdown-cop30\">Guardiana<\/a>, \u201co ile redukcja emisji dwutlenku w\u0119gla to maraton, to w przypadku metanu to sprint\u201d. W perspektywie 20 lat jedna tona metanu jest a\u017c 80 razy bardziej szkodliwa dla klimatu ni\u017c tona dwutlenku w\u0119gla.\u00a0<\/p>\n\n<p><br>O ile metan tradycyjnie kojarzy si\u0119 z sektorem rolnictwa, to w Polsce problem emisji metanu w najwi\u0119kszym stopniu jest zwi\u0105zany z wydobyciem w\u0119gla. Przyj\u0119te w 2024 roku unijne rozporz\u0105dzenie metanowe zak\u0142ada<strong> redukcj\u0119 emisji metanu kopalnianego o 30% do 2030 roku<\/strong>. W tym roku w zwi\u0105zku z nowym obowi\u0105zkiem raportowania emisji metanu do Unii Europejskiej Wy\u017cszy Urz\u0105d G\u00f3rniczy w Katowicach po raz pierwszy opublikowa\u0142 raport opisuj\u0105cy emisje metanu z polskich kopal\u0144. Niestety, jak wskazuje opublikowana 20 listopada 2025 <a href=\"https:\/\/instrat.pl\/emisje-metanu-watpliwosci-nowe-wykresy\/\">analiza organizacji ekologicznych<\/a>, w tym Greenpeace, dane WUG s\u0105 niekompletne, a raport wydaje si\u0119 pr\u00f3b\u0105 zatuszowania problemu.<\/p>\n","protected":false},"excerpt":{"rendered":"<p>Po\u017car, kt\u00f3ry wybuch\u0142 na terenie konferencji klimatycznej ONZ, by\u0142 symbolicznym podsumowaniem rozczarowuj\u0105cego szczytu COP30. Po\u017car, kt\u00f3ry przywodzi\u0142 na my\u015bl p\u0142on\u0105c\u0105 planet\u0119 nie sk\u0142oni\u0142 negocjator\u00f3w do bardziej zdecydowanych ruch\u00f3w na rzecz&hellip;<\/p>\n","protected":false},"author":37,"featured_media":38840,"comment_status":"closed","ping_status":"open","sticky":false,"template":"","format":"standard","meta":{"ep_exclude_from_search":false,"p4_og_title":"","p4_og_description":"","p4_og_image":"","p4_og_image_id":"","p4_seo_canonical_url":"","p4_campaign_name":"","p4_local_project":"","p4_basket_name":"","p4_department":"","footnotes":""},"categories":[2],"tags":[6,25,116],"p4-page-type":[14],"class_list":["post-38837","post","type-post","status-publish","format-standard","has-post-thumbnail","hentry","category-klimat-energia","tag-klimat","tag-paliwakopalne","tag-metan","p4-page-type-aktualnosci"],"_links":{"self":[{"href":"https:\/\/www.greenpeace.org\/poland\/wp-json\/wp\/v2\/posts\/38837","targetHints":{"allow":["GET"]}}],"collection":[{"href":"https:\/\/www.greenpeace.org\/poland\/wp-json\/wp\/v2\/posts"}],"about":[{"href":"https:\/\/www.greenpeace.org\/poland\/wp-json\/wp\/v2\/types\/post"}],"author":[{"embeddable":true,"href":"https:\/\/www.greenpeace.org\/poland\/wp-json\/wp\/v2\/users\/37"}],"replies":[{"embeddable":true,"href":"https:\/\/www.greenpeace.org\/poland\/wp-json\/wp\/v2\/comments?post=38837"}],"version-history":[{"count":1,"href":"https:\/\/www.greenpeace.org\/poland\/wp-json\/wp\/v2\/posts\/38837\/revisions"}],"predecessor-version":[{"id":38839,"href":"https:\/\/www.greenpeace.org\/poland\/wp-json\/wp\/v2\/posts\/38837\/revisions\/38839"}],"wp:featuredmedia":[{"embeddable":true,"href":"https:\/\/www.greenpeace.org\/poland\/wp-json\/wp\/v2\/media\/38840"}],"wp:attachment":[{"href":"https:\/\/www.greenpeace.org\/poland\/wp-json\/wp\/v2\/media?parent=38837"}],"wp:term":[{"taxonomy":"category","embeddable":true,"href":"https:\/\/www.greenpeace.org\/poland\/wp-json\/wp\/v2\/categories?post=38837"},{"taxonomy":"post_tag","embeddable":true,"href":"https:\/\/www.greenpeace.org\/poland\/wp-json\/wp\/v2\/tags?post=38837"},{"taxonomy":"p4-page-type","embeddable":true,"href":"https:\/\/www.greenpeace.org\/poland\/wp-json\/wp\/v2\/p4-page-type?post=38837"}],"curies":[{"name":"wp","href":"https:\/\/api.w.org\/{rel}","templated":true}]}}