{"id":3899,"date":"2012-08-25T12:31:54","date_gmt":"2012-08-25T10:31:54","guid":{"rendered":"https:\/\/www.greenpeace.org\/poland\/?p=3899"},"modified":"2023-05-25T23:05:17","modified_gmt":"2023-05-25T21:05:17","slug":"aktywisci-greenpeace-schodza-z-platformy-gazpromu","status":"publish","type":"post","link":"https:\/\/www.greenpeace.org\/poland\/aktualnosci\/3899\/aktywisci-greenpeace-schodza-z-platformy-gazpromu\/","title":{"rendered":"Aktywi\u015bci Greenpeace schodz\u0105 z platformy Gazpromu"},"content":{"rendered":"\n<p><strong>Wczoraj p\u00f3\u017anym wieczorem aktywi\u015bci Greenpeace, kt\u00f3rzy wspi\u0119li si\u0119 na platform\u0119 wiertnicz\u0105&nbsp; &#8222;Priraz\u0142omnaja&#8221; Gazpromu na Morzu Peczorskim w p\u00f3\u0142nocnej Rosji podj\u0119li decyzj\u0119 o powrocie na statek Arctic Sunrise.<\/strong><\/p>\n\n<p>Przez ponad 15 godzin przebywali w ekstremalnie niskiej temperaturze i byli nieustannie oblewani wod\u0105 z armatek wodnych przez pracownik\u00f3w Gazpromu. Pod koniec r\u00f3wnie\u017c obrzucani \u015brubami i ci\u0119\u017ckimi przedmiotami.<\/p>\n\n<p><em>\u201eWygl\u0105da\u0142o to tak jakby pracownicy Gazpromu bardziej skupiali si\u0119 na atakowaniu wisz\u0105cych na linach, pokojowo protestuj\u0105cych ludzi ni\u017c na operowaniu platform\u0105\u201d<\/em>, donosz\u0105 obecni na miejscu cz\u0142onkowie Greenpeace<\/p>\n\n<p><em>\u201eZdecydowali\u015bmy si\u0119 zej\u015b\u0107 aby unikn\u0105\u0107 niepotrzebnego ryzyka na tych lodowatych wodach. Tego samego nie mo\u017cna powiedzie\u0107 o Gazpromie, kt\u00f3ry wydaje si\u0119 by\u0107 zdeterminowany do prowadzenia swojego lekkomy\u015blnego programu wierce\u0144 w jednym z najcenniejszych i najbardziej wra\u017cliwych ekosystem\u00f3w ziemi. Wyzwanie jakiego si\u0119 podj\u0119li\u015bmy zak\u0142\u00f3ci\u0142o cho\u0107 na chwil\u0119 to niebezpieczne przedsi\u0119wzi\u0119cie i zwr\u00f3ci\u0142o na nie oczy ca\u0142ego \u015bwiata. Ta akcja by\u0142a tylko ma\u0142\u0105 cz\u0119\u015bci\u0105 nowego ruchu dla ochrony Arktyki, kt\u00f3rego nie da si\u0119 zastraszy\u0107 armatkami wodnymi czy inna form\u0105 korporacyjnej brutalno\u015bci\u201d<\/em>, powiedzia\u0142 po zej\u015bciu z platformy Kumi Naidoo, dyrektor generalny Greenpeace International.<\/p>\n\n<p>Aktywi\u015bci nie zostali zatrzymani. S\u0105 wyzi\u0119bieni, ale cali i bezpieczni na statku Greenpeace \u2013 Arctic Sunrise.<\/p>\n","protected":false},"excerpt":{"rendered":"<p>Wczoraj p\u00f3\u017anym wieczorem aktywi\u015bci Greenpeace, kt\u00f3rzy wspi\u0119li si\u0119 na platform\u0119 wiertnicz\u0105\u00a0 &#8220;Priraz\u0142omnaja&#8221; Gazpromu na Morzu Peczorskim w p\u00f3\u0142nocnej Rosji podj\u0119li decyzj\u0119 o powrocie na statek Arctic Sunrise. Przez ponad 15-\u015bcie&hellip;<\/p>\n","protected":false},"author":25,"featured_media":32953,"comment_status":"closed","ping_status":"open","sticky":false,"template":"","format":"standard","meta":{"ep_exclude_from_search":false,"p4_og_title":"","p4_og_description":"","p4_og_image":"","p4_og_image_id":"","p4_seo_canonical_url":"","p4_campaign_name":"not set","p4_local_project":"","p4_basket_name":"not set","p4_department":"","footnotes":""},"categories":[2],"tags":[32,25,24],"p4-page-type":[14],"class_list":["post-3899","post","type-post","status-publish","format-standard","has-post-thumbnail","hentry","category-klimat-energia","tag-arktyka","tag-paliwakopalne","tag-aktywizm","p4-page-type-aktualnosci"],"_links":{"self":[{"href":"https:\/\/www.greenpeace.org\/poland\/wp-json\/wp\/v2\/posts\/3899","targetHints":{"allow":["GET"]}}],"collection":[{"href":"https:\/\/www.greenpeace.org\/poland\/wp-json\/wp\/v2\/posts"}],"about":[{"href":"https:\/\/www.greenpeace.org\/poland\/wp-json\/wp\/v2\/types\/post"}],"author":[{"embeddable":true,"href":"https:\/\/www.greenpeace.org\/poland\/wp-json\/wp\/v2\/users\/25"}],"replies":[{"embeddable":true,"href":"https:\/\/www.greenpeace.org\/poland\/wp-json\/wp\/v2\/comments?post=3899"}],"version-history":[{"count":5,"href":"https:\/\/www.greenpeace.org\/poland\/wp-json\/wp\/v2\/posts\/3899\/revisions"}],"predecessor-version":[{"id":32955,"href":"https:\/\/www.greenpeace.org\/poland\/wp-json\/wp\/v2\/posts\/3899\/revisions\/32955"}],"wp:featuredmedia":[{"embeddable":true,"href":"https:\/\/www.greenpeace.org\/poland\/wp-json\/wp\/v2\/media\/32953"}],"wp:attachment":[{"href":"https:\/\/www.greenpeace.org\/poland\/wp-json\/wp\/v2\/media?parent=3899"}],"wp:term":[{"taxonomy":"category","embeddable":true,"href":"https:\/\/www.greenpeace.org\/poland\/wp-json\/wp\/v2\/categories?post=3899"},{"taxonomy":"post_tag","embeddable":true,"href":"https:\/\/www.greenpeace.org\/poland\/wp-json\/wp\/v2\/tags?post=3899"},{"taxonomy":"p4-page-type","embeddable":true,"href":"https:\/\/www.greenpeace.org\/poland\/wp-json\/wp\/v2\/p4-page-type?post=3899"}],"curies":[{"name":"wp","href":"https:\/\/api.w.org\/{rel}","templated":true}]}}