{"id":39160,"date":"2025-12-29T23:56:54","date_gmt":"2025-12-29T21:56:54","guid":{"rendered":"https:\/\/www.greenpeace.org\/poland\/?p=39160"},"modified":"2025-12-30T00:33:04","modified_gmt":"2025-12-29T22:33:04","slug":"polak-prezesem-koncernu-ikea-mamy-dla-niego-zyczenia-noworoczne","status":"publish","type":"post","link":"https:\/\/www.greenpeace.org\/poland\/aktualnosci\/39160\/polak-prezesem-koncernu-ikea-mamy-dla-niego-zyczenia-noworoczne\/","title":{"rendered":"Polak prezesem koncernu IKEA. Mamy dla niego \u017cyczenia noworoczne"},"content":{"rendered":"\n<p>Pierwszego stycznia stery Inter IKEA Group &#8211; sp\u00f3\u0142ki-matki szwedzkiego koncernu &#8211; obejmie polski mened\u017cer <a href=\"https:\/\/www.linkedin.com\/feed\/update\/urn:li:activity:7408874475540217856\/?origin=NETWORK_CONVERSATIONS&amp;midToken=AQEHZwqUxG9v4A&amp;midSig=0PUdyGSUGtos41&amp;trk=eml-email_network_conversations_01-truncated~share~message-0-see~more&amp;trkEmail=eml-email_network_conversations_01-truncated~share~message-0-see~more-null-kmazfu~mjrk7xbb~gi-null-null&amp;eid=kmazfu-mjrk7xbb-gi&amp;otpToken=MTMwNzFhZTYxNTI2Y2VjMWIyMmMwZmViNDExOGUwYjQ4Y2M3ZDI0Mzk4YWU4YzY4N2JjZjA4NmQ0ODVhNWNmNGZmZGRkMmU5NWFkMGM4ZDIwMjhiZWY5MTE4YzQxNjgxNThiZGJlNjVkZGY0MjY3YzBmYTQwNzZhLDEsMQ%3D%3D\">Jakub Jankowski<\/a>. Z okazji Nowego Roku \u017cyczymy Panu Prezesowi, by zacz\u0105\u0142 prac\u0119 na tym stanowisku od powstrzymania wycinki szczeg\u00f3lnie cennych las\u00f3w w rumu\u0144skich Karpatach, wci\u0105\u017c przerabianych na meble dla IKEI.\u00a0 <a href=\"https:\/\/www.greenpeace.org\/poland\/aktualnosci\/37981\/ikea-moglaby-lepiej-ostoje-niedzwiedzi-i-rysi-w-karpatach-nadal-przerabiane-na-meble\/\">We wrze\u015bniu opublikowali\u015bmy wyniki przeprowadzonego przez Greenpeace \u015bledztwa,<\/a> w kt\u00f3rym wykazali\u015bmy, \u017ce bezcenne stary lasy s\u0105 wycinane z przeznaczeniem na meble dla szwedzkiego koncernu. Lasy te s\u0105 przez specjalist\u00f3w od dawna wskazane do pilnego obj\u0119cia ochron\u0105 rezerwatow\u0105, tymczasem przerabia si\u0119 je na &#8211; mi\u0119dzy innymi &#8211; zwyk\u0142e taborety ze schodkiem z serii BEKV\u00c4M, dost\u0119pne tak\u017ce w polskich sklepach IKEA.\u00a0<\/p>\n\n<p>\u017byczymy Panu Prezesowi, by pod jego rz\u0105dami IKEA faktycznie spe\u0142nia\u0142a swoje obietnice dbania o \u015brodowisko i pozyskiwania drewna ze zr\u00f3wnowa\u017conych \u017ar\u00f3de\u0142. Jak wykazali\u015bmy w toku naszego szczeg\u00f3\u0142owego \u015bledztwa, certyfikat Forest Stewardship Council, kt\u00f3ry ma gwarantowa\u0107 IKEI odpowiednie pochodzenie drewna, jest wadliwym narz\u0119dziem, skoro w rumu\u0144skich Karpatach certyfikowane s\u0105 wycinki drzew z cennych las\u00f3w. Zamiast zas\u0142ania\u0107 si\u0119 tym certyfikatem, IKEA powinna skorzysta\u0107 z wiedzy zawartej w naszym raporcie i ze wskaza\u0144 naukowc\u00f3w.\u00a0<\/p>\n\n<p>Miliony klient\u00f3w IKEI wybieraj\u0105 t\u0119 mark\u0119 mi\u0119dzy innymi ze wzgl\u0119du na jej zobowi\u0105zania w zakresie odpowiedzialnego podej\u015bcia do przyrody. Aby nie zawie\u015b\u0107 tego zaufania, nowy prezes musi zapobiec wycinkom w karpackich siedliskach nied\u017awiedzi i rysi.&nbsp;<\/p>\n","protected":false},"excerpt":{"rendered":"<p>Pierwszego stycznia stery \u015bwiatowej IKEI obejmie Polak, Jakub Jankowski. \u017byczymy Panu Prezesowi, by zacz\u0105\u0142 prac\u0119 od wstrzymania wycinek w szczeg\u00f3lnie cennych karpackich lasach.<\/p>\n","protected":false},"author":66,"featured_media":38130,"comment_status":"closed","ping_status":"open","sticky":false,"template":"","format":"standard","meta":{"ep_exclude_from_search":false,"p4_og_title":"","p4_og_description":"","p4_og_image":"","p4_og_image_id":"","p4_seo_canonical_url":"","p4_campaign_name":"","p4_local_project":"","p4_basket_name":"","p4_department":"","footnotes":""},"categories":[3],"tags":[19,26,107,114],"p4-page-type":[14],"class_list":["post-39160","post","type-post","status-publish","format-standard","has-post-thumbnail","hentry","category-przyroda","tag-lasy","tag-ochrona-przyrody","tag-karpaty","tag-greenwashing","p4-page-type-aktualnosci"],"_links":{"self":[{"href":"https:\/\/www.greenpeace.org\/poland\/wp-json\/wp\/v2\/posts\/39160","targetHints":{"allow":["GET"]}}],"collection":[{"href":"https:\/\/www.greenpeace.org\/poland\/wp-json\/wp\/v2\/posts"}],"about":[{"href":"https:\/\/www.greenpeace.org\/poland\/wp-json\/wp\/v2\/types\/post"}],"author":[{"embeddable":true,"href":"https:\/\/www.greenpeace.org\/poland\/wp-json\/wp\/v2\/users\/66"}],"replies":[{"embeddable":true,"href":"https:\/\/www.greenpeace.org\/poland\/wp-json\/wp\/v2\/comments?post=39160"}],"version-history":[{"count":2,"href":"https:\/\/www.greenpeace.org\/poland\/wp-json\/wp\/v2\/posts\/39160\/revisions"}],"predecessor-version":[{"id":39165,"href":"https:\/\/www.greenpeace.org\/poland\/wp-json\/wp\/v2\/posts\/39160\/revisions\/39165"}],"wp:featuredmedia":[{"embeddable":true,"href":"https:\/\/www.greenpeace.org\/poland\/wp-json\/wp\/v2\/media\/38130"}],"wp:attachment":[{"href":"https:\/\/www.greenpeace.org\/poland\/wp-json\/wp\/v2\/media?parent=39160"}],"wp:term":[{"taxonomy":"category","embeddable":true,"href":"https:\/\/www.greenpeace.org\/poland\/wp-json\/wp\/v2\/categories?post=39160"},{"taxonomy":"post_tag","embeddable":true,"href":"https:\/\/www.greenpeace.org\/poland\/wp-json\/wp\/v2\/tags?post=39160"},{"taxonomy":"p4-page-type","embeddable":true,"href":"https:\/\/www.greenpeace.org\/poland\/wp-json\/wp\/v2\/p4-page-type?post=39160"}],"curies":[{"name":"wp","href":"https:\/\/api.w.org\/{rel}","templated":true}]}}