{"id":39245,"date":"2026-01-26T22:16:35","date_gmt":"2026-01-26T20:16:35","guid":{"rendered":"https:\/\/www.greenpeace.org\/poland\/?p=39245"},"modified":"2026-03-02T21:58:34","modified_gmt":"2026-03-02T19:58:34","slug":"ue-mowi-nie-dla-gazu-z-rosji-teraz-chce-gazu-od-trumpa-zamiast-rozwijac-oze","status":"publish","type":"post","link":"https:\/\/www.greenpeace.org\/poland\/aktualnosci\/39245\/ue-mowi-nie-dla-gazu-z-rosji-teraz-chce-gazu-od-trumpa-zamiast-rozwijac-oze\/","title":{"rendered":"UE m\u00f3wi \u201enie\u201d dla gazu z Rosji.\u00a0 Teraz chce gazu od Trumpa, zamiast rozwija\u0107 OZE"},"content":{"rendered":"\n<p>Kraje Unii Europejskiej ostatecznie zatwierdzi\u0142y dzi\u015b wprowadzenie zakazu importu gazu z Rosji od 2027 roku. To historyczny moment, podobnie jak historyczny by\u0142 dla Europy ca\u0142y rok 2025, je\u015bli chodzi o odchodzenie od paliw kopalnych. W Unii Europejskiej wi\u0119cej energii wygenerowano ze s\u0142o\u0144ca i wiatru ni\u017c dostarczy\u0142y go paliwa kopalne. Odpowiednio by\u0142o to 30 i 29 procent<sup data-fn=\"1df07a81-ce0f-464c-9b4a-d908550de510\" class=\"fn\"><a href=\"#1df07a81-ce0f-464c-9b4a-d908550de510\" id=\"1df07a81-ce0f-464c-9b4a-d908550de510-link\">1<\/a><\/sup>.<\/p>\n\n<p>Niestety, zamiast zdecydowanie stawia\u0107 na daj\u0105cy pe\u0142n\u0105 suwerenno\u015b\u0107 rozw\u00f3j OZE, unijni decydenci wybieraj\u0105 ryzykowny zwrot ku Stanom Zjednoczonym, kt\u00f3rych prezydent w ostatnich dniach da\u0142 wystarczaj\u0105co wiele dow\u00f3d w\u0142asnej nieprzewidywalno\u015bci i traktowania paliw kopalnych jako narz\u0119dzia politycznego nacisku.&nbsp;<\/p>\n\n<p>Wed\u0142ug najnowszego raportu Mi\u0119dzynarodowej Agencji Energetyki, w 2026 roku import skroplonego gazu (LNG) do Europy osi\u0105gnie rekordowy poziom 185 mld m\u00b3, co stanowi wzrost wzgl\u0119dem 2025 roku. Uczyni to Europ\u0119 zak\u0142adnikiem nowej, niepokoj\u0105cej polityki zagranicznej Waszyngtonu.\u00a0\u00a0<\/p>\n\n<p>Analiza przeprowadzona przez Instytut Ekonomiki Energetycznej i Analiz Finansowych (IEEFA)<sup data-fn=\"909a8a40-1e32-42a9-959a-cbfc07a79c29\" class=\"fn\"><a href=\"#909a8a40-1e32-42a9-959a-cbfc07a79c29\" id=\"909a8a40-1e32-42a9-959a-cbfc07a79c29-link\">2<\/a><\/sup> ostrzega, \u017ce \u200b\u200bdo 2030 roku 80% importu gazu skroplonego do UE mo\u017ce pochodzi\u0107 ze Stan\u00f3w Zjednoczonych, w por\u00f3wnaniu z 57% w 2025 roku.<\/p>\n\n<p>Greenpeace wzywa UE do wycofania si\u0119 z zobowi\u0105zania do importu ameryka\u0144skich produkt\u00f3w energetycznych o warto\u015bci 750 miliard\u00f3w dolar\u00f3w oraz do natychmiastowego wstrzymania wszelkich negocjacji w sprawie nowych um\u00f3w zakupu gazu z ameryka\u0144skimi dostawcami. Greenpeace domaga si\u0119 r\u00f3wnie\u017c opracowania przez UE planu maj\u0105cego na celu uniezale\u017cnienie si\u0119 od gazu ze Stan\u00f3w Zjednoczonych i wcze\u015bniejsze rozwi\u0105zanie istniej\u0105cych d\u0142ugoterminowych um\u00f3w na dostawy, a tak\u017ce dodatkowych \u015brodk\u00f3w maj\u0105cych na celu zmniejszenie zapotrzebowania Europy na gaz i przyspieszenie przej\u015bcia na rodzime \u017ar\u00f3d\u0142a energii odnawialnej.<\/p>\n\n<p>  &#8211; Musimy wykorzysta\u0107 potencja\u0142 OZE, kt\u00f3re ju\u017c dzi\u015b wypychaj\u0105 paliwa kopalne z europejskiego miksu. Tylko odej\u015bcie od gazu, niezale\u017cnie od kraju jego pochodzenia, i postawienie na lokaln\u0105 produkcj\u0119 czystej energii, uchroni nas przed kr\u00f3tkoterminowymi wahaniami cen i mo\u017cliwym geopolitycznym szanta\u017cem, gwarantuj\u0105c prawdziw\u0105 niezale\u017cno\u015b\u0107 energetyczn\u0105 woln\u0105 od kaprys\u00f3w zagranicznych lider\u00f3w. Ka\u017cde euro zainwestowane w infrastruktur\u0119 LNG to zmarnowana szansa na przyspieszenie transformacji, kt\u00f3ra jako jedyna oferuje trwa\u0142e bezpiecze\u0144stwo i stabilno\u015b\u0107 cen dla wszystkich mieszka\u0144c\u00f3w Unii Europejskiej &#8211; komentuje Anna Meres, koordynatorka kampanii klimatycznych Greenpeace Polska.&nbsp;<\/p>\n<ol class=\"wp-block-footnotes\"><li id=\"1df07a81-ce0f-464c-9b4a-d908550de510\"><a href=\"https:\/\/ember-energy.org\/latest-insights\/european-electricity-review-2026\/\">https:\/\/ember-energy.org\/latest-insights\/european-electricity-review-2026\/<\/a> <a href=\"#1df07a81-ce0f-464c-9b4a-d908550de510-link\" aria-label=\"Przejd\u017a do przypisu 1\">\u21a9\ufe0e<\/a><\/li><li id=\"909a8a40-1e32-42a9-959a-cbfc07a79c29\"><a href=\"https:\/\/ieefa.org\/resources\/eu-risks-new-energy-dependence-us-could-supply-80-its-lng-imports-2030\">https:\/\/ieefa.org\/resources\/eu-risks-new-energy-dependence-us-could-supply-80-its-lng-imports-2030<\/a> <a href=\"#909a8a40-1e32-42a9-959a-cbfc07a79c29-link\" aria-label=\"Przejd\u017a do przypisu 2\">\u21a9\ufe0e<\/a><\/li><\/ol>\n<figure class=\"wp-block-image size-large\"><img loading=\"lazy\" decoding=\"async\" width=\"1024\" height=\"683\" src=\"https:\/\/www.greenpeace.org\/static\/planet4-poland-stateless\/2026\/01\/210f821e-image-1024x683.jpeg\" title=\"Protest aktywist\u00f3w Greenpeace w Brukseli przeciwko uzale\u017cnieniu UE od importu gazu\" alt=\"Protest aktywist\u00f3w Greenpeace w Brukseli przeciwko uzale\u017cnieniu UE od importu gazu\" class=\"wp-image-39246\" srcset=\"https:\/\/www.greenpeace.org\/static\/planet4-poland-stateless\/2026\/01\/210f821e-image-1024x683.jpeg 1024w, https:\/\/www.greenpeace.org\/static\/planet4-poland-stateless\/2026\/01\/210f821e-image-500x333.jpeg 500w, https:\/\/www.greenpeace.org\/static\/planet4-poland-stateless\/2026\/01\/210f821e-image-768x512.jpeg 768w, https:\/\/www.greenpeace.org\/static\/planet4-poland-stateless\/2026\/01\/210f821e-image-1536x1024.jpeg 1536w, https:\/\/www.greenpeace.org\/static\/planet4-poland-stateless\/2026\/01\/210f821e-image-510x340.jpeg 510w, https:\/\/www.greenpeace.org\/static\/planet4-poland-stateless\/2026\/01\/210f821e-image.jpeg 2048w\" sizes=\"auto, (max-width: 1024px) 100vw, 1024px\" \/><figcaption class=\"wp-element-caption\">Protest aktywist\u00f3w Greenpeace przed siedzib\u0105 Rady Europejskiej w Brukseli przeciwko uzale\u017cnieniu od importu gazu, 26 stycznia 2026<div class=\"credit icon-left\"> \u00a9 Greenpeace<\/div><\/figcaption><\/figure>\n\n<p><\/p>\n","protected":false},"excerpt":{"rendered":"<p>Kraje Unii Europejskiej zatwierdzi\u0142y dzi\u015b wprowadzenie zakazu importu gazu z Rosji od 2027 roku. Ma go zast\u0105pi\u0107 gaz z USA, mimo antyeuropejskiej postawy Donalda Trumpa i rekord\u00f3w OZE, daj\u0105cych Europie prawdziw\u0105 suwerenno\u015b\u0107 energetyczn\u0105.<\/p>\n","protected":false},"author":66,"featured_media":39246,"comment_status":"closed","ping_status":"open","sticky":false,"template":"","format":"standard","meta":{"ep_exclude_from_search":false,"p4_og_title":"","p4_og_description":"","p4_og_image":"","p4_og_image_id":"","p4_seo_canonical_url":"","p4_campaign_name":"","p4_local_project":"","p4_basket_name":"","p4_department":"","footnotes":"[{\"content\":\"<a href=\\\"https:\/\/ember-energy.org\/latest-insights\/european-electricity-review-2026\/\\\">https:\/\/ember-energy.org\/latest-insights\/european-electricity-review-2026\/<\/a>\",\"id\":\"1df07a81-ce0f-464c-9b4a-d908550de510\"},{\"content\":\"<a href=\\\"https:\/\/ieefa.org\/resources\/eu-risks-new-energy-dependence-us-could-supply-80-its-lng-imports-2030\\\">https:\/\/ieefa.org\/resources\/eu-risks-new-energy-dependence-us-could-supply-80-its-lng-imports-2030<\/a>\",\"id\":\"909a8a40-1e32-42a9-959a-cbfc07a79c29\"}]"},"categories":[2],"tags":[106,25,6,7],"p4-page-type":[14],"class_list":["post-39245","post","type-post","status-publish","format-standard","has-post-thumbnail","hentry","category-klimat-energia","tag-gaz","tag-paliwakopalne","tag-klimat","tag-czysta-energia","p4-page-type-aktualnosci"],"_links":{"self":[{"href":"https:\/\/www.greenpeace.org\/poland\/wp-json\/wp\/v2\/posts\/39245","targetHints":{"allow":["GET"]}}],"collection":[{"href":"https:\/\/www.greenpeace.org\/poland\/wp-json\/wp\/v2\/posts"}],"about":[{"href":"https:\/\/www.greenpeace.org\/poland\/wp-json\/wp\/v2\/types\/post"}],"author":[{"embeddable":true,"href":"https:\/\/www.greenpeace.org\/poland\/wp-json\/wp\/v2\/users\/66"}],"replies":[{"embeddable":true,"href":"https:\/\/www.greenpeace.org\/poland\/wp-json\/wp\/v2\/comments?post=39245"}],"version-history":[{"count":12,"href":"https:\/\/www.greenpeace.org\/poland\/wp-json\/wp\/v2\/posts\/39245\/revisions"}],"predecessor-version":[{"id":39268,"href":"https:\/\/www.greenpeace.org\/poland\/wp-json\/wp\/v2\/posts\/39245\/revisions\/39268"}],"wp:featuredmedia":[{"embeddable":true,"href":"https:\/\/www.greenpeace.org\/poland\/wp-json\/wp\/v2\/media\/39246"}],"wp:attachment":[{"href":"https:\/\/www.greenpeace.org\/poland\/wp-json\/wp\/v2\/media?parent=39245"}],"wp:term":[{"taxonomy":"category","embeddable":true,"href":"https:\/\/www.greenpeace.org\/poland\/wp-json\/wp\/v2\/categories?post=39245"},{"taxonomy":"post_tag","embeddable":true,"href":"https:\/\/www.greenpeace.org\/poland\/wp-json\/wp\/v2\/tags?post=39245"},{"taxonomy":"p4-page-type","embeddable":true,"href":"https:\/\/www.greenpeace.org\/poland\/wp-json\/wp\/v2\/p4-page-type?post=39245"}],"curies":[{"name":"wp","href":"https:\/\/api.w.org\/{rel}","templated":true}]}}