{"id":39287,"date":"2026-02-03T13:15:29","date_gmt":"2026-02-03T11:15:29","guid":{"rendered":"https:\/\/www.greenpeace.org\/poland\/?p=39287"},"modified":"2026-02-03T13:40:23","modified_gmt":"2026-02-03T11:40:23","slug":"flota-cienia-na-baltyku-czy-dojdzie-wreszcie-do-aresztowania-tankowca-pod-falszywa-flaga","status":"publish","type":"post","link":"https:\/\/www.greenpeace.org\/poland\/aktualnosci\/39287\/flota-cienia-na-baltyku-czy-dojdzie-wreszcie-do-aresztowania-tankowca-pod-falszywa-flaga\/","title":{"rendered":"Flota cienia na Ba\u0142tyku: czy dojdzie wreszcie do aresztowania tankowca pod fa\u0142szyw\u0105 flag\u0105?"},"content":{"rendered":"\n<p>Na wodach du\u0144skiej cie\u015bniny Kattegat mo\u017ce doj\u015b\u0107 do bezprecedensowej operacji. W pobli\u017cu tankowca \u201eAETHER\u201d, p\u0142yn\u0105cego z \u0142adunkiem ropy z Primorska, kr\u0105\u017c\u0105 okr\u0119ty wojenne NATO z Danii, Polski i Niemiec.<\/p>\n\n<figure class=\"wp-block-image size-full\"><img loading=\"lazy\" decoding=\"async\" width=\"932\" height=\"760\" src=\"https:\/\/www.greenpeace.org\/static\/planet4-poland-stateless\/2026\/02\/598eeda4-image-1.png\" alt=\"\" class=\"wp-image-39294\" srcset=\"https:\/\/www.greenpeace.org\/static\/planet4-poland-stateless\/2026\/02\/598eeda4-image-1.png 932w, https:\/\/www.greenpeace.org\/static\/planet4-poland-stateless\/2026\/02\/598eeda4-image-1-500x408.png 500w, https:\/\/www.greenpeace.org\/static\/planet4-poland-stateless\/2026\/02\/598eeda4-image-1-768x626.png 768w, https:\/\/www.greenpeace.org\/static\/planet4-poland-stateless\/2026\/02\/598eeda4-image-1-417x340.png 417w\" sizes=\"auto, (max-width: 932px) 100vw, 932px\" \/><figcaption class=\"wp-element-caption\">Tankowiec floty cienia Aether i okr\u0119ty NATO w cie\u015bninie Kattegat<div class=\"credit icon-left\"> \u00a9 Greenpeace<\/div><\/figcaption><\/figure>\n\n<p>Jednostka porusza si\u0119 pod tzw. fa\u0142szyw\u0105 bander\u0105 Gwinei, co w \u015bwietle prawa czyni j\u0105 statkiem bezpa\u0144stwowym. Zgodnie z deklaracj\u0105 UE z grudnia 2025 r. oraz niedawnym listem otwartym pa\u0144stw basenu Morza Ba\u0142tyckiego i P\u00f3\u0142nocnego, pozwala to na wej\u015bcie na pok\u0142ad i przeprowadzenie inspekcji przez dowolne pa\u0144stwo.<\/p>\n\n<p>Je\u015bli dojdzie do kontroli i potwierdzi ona, \u017ce statek nie posiada wa\u017cnego ubezpieczenia i pos\u0142uguje si\u0119 fa\u0142szyw\u0105 rejestracj\u0105, straci on \u201eprawo nieszkodliwego przep\u0142ywu\u201d gwarantowane przez Mi\u0119dzynarodow\u0105 Konwencj\u0119 o Prawie Morza (UNCLOS). Oznacza\u0107 to mo\u017ce natychmiastowe aresztowanie jednostki.<\/p>\n\n<p>Greenpeace Polska od miesi\u0119cy alarmuje: konieczne jest rozwi\u0105zanie problemu floty cieni. Ka\u017cdy dzie\u0144 zw\u0142oki to igranie z katastrof\u0105. \u201eAETHER\u201d mo\u017ce przewozi\u0107 nawet do 150 tysi\u0119cy ton ropy. Wyciek o takiej skali m\u00f3g\u0142by znacz\u0105co zaszkodzi\u0107 ekosystemom Ba\u0142tyku, w tym siedliskom mor\u015bwin\u00f3w i fok, oraz zrujnowa\u0107 turystyk\u0119 na wybrze\u017cach. Ropa z \u201efloty cienia\u201d zardzewia\u0142ych statk\u00f3w-widm to tykaj\u0105ca bomba ekologiczna.<\/p>\n\n<p>&#8211; Pozwalanie na swobodny tranzyt takich jednostek to nie tylko ryzyko katastrofy ekologicznej i ekonomicznej dla pa\u0144stw basenu Morza Ba\u0142tyckiego, ale i wspieranie bud\u017cetu wojennego Putina. Rocznie przez Ba\u0142tyk przep\u0142ywa ropa o warto\u015bci miliard\u00f3w euro, finansuj\u0105ca agresj\u0119 na Ukrain\u0119. Dzisiejsza akcja si\u0142 NATO, w tym polskiej marynarki, mo\u017ce by\u0107 historycznym prze\u0142omem w walce z nielegalnym procederem Kremla. Czy Europa w ko\u0144cu przejdzie od s\u0142\u00f3w do czyn\u00f3w? &#8211; komentuje Anna Ogniewska, ekspertka Greenpeace Polska.<\/p>\n","protected":false},"excerpt":{"rendered":"<p>Na wodach du\u0144skiej cie\u015bniny Kattegat trwa bezprecedensowa operacja morska. Tankowiec \u201eAETHER\u201d, p\u0142yn\u0105cy z \u0142adunkiem rosyjskiej ropy, jest okr\u0105\u017cany przez okr\u0119ty NATO z Danii, Polski, Holandii i Niemiec. <\/p>\n","protected":false},"author":66,"featured_media":39294,"comment_status":"closed","ping_status":"open","sticky":false,"template":"","format":"standard","meta":{"ep_exclude_from_search":false,"p4_og_title":"","p4_og_description":"","p4_og_image":"","p4_og_image_id":"","p4_seo_canonical_url":"","p4_campaign_name":"","p4_local_project":"","p4_basket_name":"","p4_department":"","footnotes":""},"categories":[2,3],"tags":[7,20,25,26],"p4-page-type":[14],"class_list":["post-39287","post","type-post","status-publish","format-standard","has-post-thumbnail","hentry","category-klimat-energia","category-przyroda","tag-czysta-energia","tag-morza","tag-paliwakopalne","tag-ochrona-przyrody","p4-page-type-aktualnosci"],"_links":{"self":[{"href":"https:\/\/www.greenpeace.org\/poland\/wp-json\/wp\/v2\/posts\/39287","targetHints":{"allow":["GET"]}}],"collection":[{"href":"https:\/\/www.greenpeace.org\/poland\/wp-json\/wp\/v2\/posts"}],"about":[{"href":"https:\/\/www.greenpeace.org\/poland\/wp-json\/wp\/v2\/types\/post"}],"author":[{"embeddable":true,"href":"https:\/\/www.greenpeace.org\/poland\/wp-json\/wp\/v2\/users\/66"}],"replies":[{"embeddable":true,"href":"https:\/\/www.greenpeace.org\/poland\/wp-json\/wp\/v2\/comments?post=39287"}],"version-history":[{"count":9,"href":"https:\/\/www.greenpeace.org\/poland\/wp-json\/wp\/v2\/posts\/39287\/revisions"}],"predecessor-version":[{"id":39310,"href":"https:\/\/www.greenpeace.org\/poland\/wp-json\/wp\/v2\/posts\/39287\/revisions\/39310"}],"wp:featuredmedia":[{"embeddable":true,"href":"https:\/\/www.greenpeace.org\/poland\/wp-json\/wp\/v2\/media\/39294"}],"wp:attachment":[{"href":"https:\/\/www.greenpeace.org\/poland\/wp-json\/wp\/v2\/media?parent=39287"}],"wp:term":[{"taxonomy":"category","embeddable":true,"href":"https:\/\/www.greenpeace.org\/poland\/wp-json\/wp\/v2\/categories?post=39287"},{"taxonomy":"post_tag","embeddable":true,"href":"https:\/\/www.greenpeace.org\/poland\/wp-json\/wp\/v2\/tags?post=39287"},{"taxonomy":"p4-page-type","embeddable":true,"href":"https:\/\/www.greenpeace.org\/poland\/wp-json\/wp\/v2\/p4-page-type?post=39287"}],"curies":[{"name":"wp","href":"https:\/\/api.w.org\/{rel}","templated":true}]}}