{"id":39515,"date":"2026-02-23T18:19:53","date_gmt":"2026-02-23T16:19:53","guid":{"rendered":"https:\/\/www.greenpeace.org\/poland\/?p=39515"},"modified":"2026-03-14T04:50:21","modified_gmt":"2026-03-14T02:50:21","slug":"czy-minister-rolnictwa-ochroni-nas-przed-toksycznymi-pestycydami","status":"publish","type":"post","link":"https:\/\/www.greenpeace.org\/poland\/aktualnosci\/39515\/czy-minister-rolnictwa-ochroni-nas-przed-toksycznymi-pestycydami\/","title":{"rendered":"Czy minister rolnictwa ochroni nas przed toksycznymi pestycydami?"},"content":{"rendered":"\n<p><strong>Greenpeace wezwa\u0142 polski rz\u0105d do odrzucenia propozycji Komisji Europejskiej, kt\u00f3ra chce znacz\u0105co poluzowa\u0107 unijne prawo dotycz\u0105ce stosowania pestycyd\u00f3w w rolnictwie. Os\u0142abienie przepis\u00f3w, kt\u00f3re nak\u0142adaj\u0105 pewne restrykcje na stosowanie chemicznych \u015brodk\u00f3w ochrony ro\u015blin to postawienie interes\u00f3w mi\u0119dzynarodowych korporacji ponad potrzebami ludzi &#8211; zauwa\u017ca Greenpeace.<\/strong><\/p>\n\n<div class=\"wp-block-group has-red-100-background-color has-background is-vertical is-layout-flex wp-container-core-group-is-layout-be89f44f wp-block-group-is-layout-flex\" style=\"padding-top:var(--wp--preset--spacing--30);padding-right:var(--wp--preset--spacing--30);padding-bottom:var(--wp--preset--spacing--30);padding-left:var(--wp--preset--spacing--30)\">\n<p>Greenpeace wymieni\u0142 zagro\u017cenia, kt\u00f3re znalaz\u0142y si\u0119 w propozycji Komisji Europejskiej, w ramach tzw. omnibusa, czyli propozycji deregulacji unijnego prawa. Omnibus dotycz\u0105cy \u017cywno\u015bci:<\/p>\n\n\n\n<ul class=\"wp-block-list\">\n<li>Doprowadzi m.in. do znacznego os\u0142abienia mo\u017cliwo\u015bci wycofania z rynku pestycyd\u00f3w, kt\u00f3re s\u0105 szkodliwe dla zdrowia i \u015brodowiska.<\/li>\n\n\n\n<li>Pa\u0144stwa cz\u0142onkowskie nie b\u0119d\u0105 mog\u0142y powo\u0142ywa\u0107 si\u0119 na najnowsze dane naukowe dotycz\u0105ce szkodliwo\u015bci konkretnych pestycyd\u00f3w, je\u015bli wcze\u015bniej na poziomie unijnym dana substancja zosta\u0142a zaakceptowana.<\/li>\n\n\n\n<li>Dodatkowo wyd\u0142u\u017cony zostanie okres, kiedy niebezpieczna substancja b\u0119dzie mog\u0142a by\u0107 sprzedawana po wprowadzeniu zakazu.<\/li>\n\n\n\n<li>W UE wci\u0105\u017c bez wi\u0119kszych problem\u00f3w b\u0119d\u0105 te\u017c mog\u0142y by\u0107 sprzedawane produkty, w kt\u00f3rych stwierdzono wyst\u0119powanie pestycyd\u00f3w nawet tych, kt\u00f3re zakazane s\u0105 w pa\u0144stwach unijnych.<\/li>\n<\/ul>\n<\/div>\n\n<p>To nie tylko cios w zdrowie publiczne, ale r\u00f3wnie\u017c w naszych rolnik\u00f3w, kt\u00f3rzy wci\u0105\u017c nara\u017ceni b\u0119d\u0105 na nieuczciw\u0105 konkurencj\u0119 ze strony pa\u0144stw, w kt\u00f3rych szkodliwe pestycydy s\u0105 jeszcze dozwolone.<\/p>\n\n<figure class=\"wp-block-image size-full\"><img loading=\"lazy\" decoding=\"async\" width=\"1000\" height=\"605\" src=\"https:\/\/www.greenpeace.org\/static\/planet4-poland-stateless\/2026\/02\/1a57adec-53102060055_8a803b8b6f_4k.jpg\" title=\"Bezzz pestycyd\u00f3w\" alt=\"Bezzz pestycyd\u00f3w\" class=\"wp-image-39524\" srcset=\"https:\/\/www.greenpeace.org\/static\/planet4-poland-stateless\/2026\/02\/1a57adec-53102060055_8a803b8b6f_4k.jpg 1000w, https:\/\/www.greenpeace.org\/static\/planet4-poland-stateless\/2026\/02\/1a57adec-53102060055_8a803b8b6f_4k-500x303.jpg 500w, https:\/\/www.greenpeace.org\/static\/planet4-poland-stateless\/2026\/02\/1a57adec-53102060055_8a803b8b6f_4k-768x465.jpg 768w, https:\/\/www.greenpeace.org\/static\/planet4-poland-stateless\/2026\/02\/1a57adec-53102060055_8a803b8b6f_4k-510x309.jpg 510w\" sizes=\"auto, (max-width: 1000px) 100vw, 1000px\" \/><\/figure>\n\n<p><em>&#8211; Proponuj\u0105c te okropne przepisy, <strong>Komisja spe\u0142nia postulaty mi\u0119dzynarodowych koncern\u00f3w agrochemicznych, i stawia ich biznes ponad ochron\u0105 przyrody i naszego zdrowia.<\/strong> Zdecydowana wi\u0119kszo\u015b\u0107 mieszka\u0144c\u00f3w i mieszkanek Polski zgadza si\u0119, \u017ce pa\u0144stwo powinno stosowa\u0107 restrykcyjne podej\u015bcie zapobiegawcze i zawiesza\u0107 zgod\u0119 na stosowanie pestycyd\u00f3w wsz\u0119dzie tam, gdzie pojawi\u0105 si\u0119 w\u0105tpliwo\u015bci dotycz\u0105ce wp\u0142ywu danej substancji na zdrowie i \u015brodowisko. Przepisy proponowane przez Komisj\u0119 Europejsk\u0105 id\u0105 w zupe\u0142nie odwrotnym kierunku i rozmontowuj\u0105 system ochrony. Polska nie mo\u017ce si\u0119 na to zgodzi\u0107 &#8211;<\/em> powiedzia\u0142 Krzysztof Cibor z Greenpeace.<\/p>\n\t\t\t<section\n\t\t\tclass=\"boxout post-39694  sticky-bottom-mobile collapse show\"\n\t\t\tid=\"action-card\"\n\t\t>\n\t\t\t<a\n\t\t\t\tdata-ga-category=\"Take Action Boxout\"\n\t\t\t\tdata-ga-action=\"Image\"\n\t\t\t\tdata-ga-label=\"n\/a\"\n\t\t\t\tclass=\"cover-card-overlay\"\n\t\t\t\thref=\"https:\/\/www.greenpeace.org\/poland\/petycje\/podpisz-stop-pestycydom-na-polach-i-lakach\/\" \n\t\t\t><\/a>\n\t\t\t\t\t\t\t<img\n\t\t\t\t\t\tsrc=\"https:\/\/www.greenpeace.org\/static\/planet4-poland-stateless\/2026\/03\/fbe118bf-pestycydy-cut.jpg\"\n\t\t\t\t\t\tsrcset=\"https:\/\/www.greenpeace.org\/static\/planet4-poland-stateless\/2026\/03\/fbe118bf-pestycydy-cut-500x375.jpg 500w, https:\/\/www.greenpeace.org\/static\/planet4-poland-stateless\/2026\/03\/fbe118bf-pestycydy-cut-768x576.jpg 768w, https:\/\/www.greenpeace.org\/static\/planet4-poland-stateless\/2026\/03\/fbe118bf-pestycydy-cut-453x340.jpg 453w, https:\/\/www.greenpeace.org\/static\/planet4-poland-stateless\/2026\/03\/fbe118bf-pestycydy-cut.jpg 954w\"\n\t\t\t\t\t\tsizes=\"(min-width: 1000px) 358px, (min-width: 780px) 313px, 88px\"\n\t\t\t\t\t\talt=\"\" title=\"\"\n\t\t\t\t\/>\n            \t\t\t<div class=\"boxout-content\">\n\t\t\t\t\t\t\t\t\t<a\n\t\t\t\t\t\tclass=\"boxout-heading medium\"\n\t\t\t\t\t\tdata-ga-category=\"Take Action Boxout\"\n\t\t\t\t\t\tdata-ga-action=\"Title\"\n\t\t\t\t\t\tdata-ga-label=\"n\/a\"\n\t\t\t\t\t\thref=\"https:\/\/www.greenpeace.org\/poland\/petycje\/podpisz-stop-pestycydom-na-polach-i-lakach\/\"\n\t\t\t\t\t\t\n\t\t\t\t\t>\n\t\t\t\t\t\tPodpisz: STOP pestycydom na polach i \u0142\u0105kach\n\t\t\t\t\t<\/a>\n\t\t\t\t\t\t\t\t\t\t\t\t\t<p class=\"boxout-excerpt\">Bezpieczna \u017cywno\u015b\u0107 i ochrona pszcz\u00f3\u0142 to nasz wsp\u00f3lny interes &#8211; nie mo\u017ce sta\u0107 w cieniu zysk\u00f3w chemicznych gigant\u00f3w.<\/p>\n\t\t\t\t                                    <a\n                        class=\"btn btn-primary\"\n                        data-ga-category=\"Take Action Boxout\"\n                        data-ga-action=\"Call to Action\"\n                        data-ga-label=\"n\/a\"\n                        href=\"https:\/\/www.greenpeace.org\/poland\/petycje\/podpisz-stop-pestycydom-na-polach-i-lakach\/\"\n                        \n                    >\n                        Dzia\u0142aj!\n                    <\/a>\n                \t\t\t<\/div>\n\t\t\t\t\t\t\t<a\n\t\t\t\t\tclass=\"not-now\"\n\t\t\t\t\trole=\"button\"\n\t\t\t\t\tdata-bs-toggle=\"collapse\"\n\t\t\t\t\thref=\"#action-card\"\n\t\t\t\t><\/a>\n\t\t\t\t\t<\/section>\n\t\n<p>Greenpeace przypomnia\u0142 w swoim li\u015bcie do ministra, \u017ce droga do rozwoju polskiego rolnictwa nie wiedzie przez realizacj\u0119 cel\u00f3w sprzeda\u017cowych koncern\u00f3w produkuj\u0105cych pestycydy kosztem naszego zdrowia i przyrody, tylko przez rozwi\u0105zania, kt\u00f3re s\u0142u\u017c\u0105 ludziom i \u015brodowisku. Organizacja wzywa rz\u0105d do odrzucenia propozycji omnibusa dotycz\u0105cego \u017cywno\u015bci i obrony naszego zdrowia oraz przyrody.<\/p>\n\n<p class=\"has-action-yellow-500-background-color has-background\">Do 16 kwietnia <a href=\"https:\/\/ec.europa.eu\/info\/law\/better-regulation\/have-your-say\/initiatives\/14824-Food-and-feed-safety-simplification-omnibus_pl\">na stronie Komisji Europejskiej zbierane s\u0105 opinie <\/a>na temat omnibusa &#8211; ka\u017cdy obywatel i obywatelka UE mo\u017ce wypowiedzie\u0107 si\u0119 tam w sprawie tej szkodliwej propozycji.<\/p>\n\n<div data-wp-interactive=\"core\/file\" class=\"wp-block-file alignfull\"><object data-wp-bind--hidden=\"!state.hasPdfPreview\" hidden class=\"wp-block-file__embed\" data=\"https:\/\/www.greenpeace.org\/static\/planet4-poland-stateless\/2026\/02\/e6e3f309-omnibus-deregulacja-pestycydy-list-do-ministra.pdf\" type=\"application\/pdf\" style=\"width:100%;height:1200px\" aria-label=\"Osadzone z Omnibus - deregulacja - pestycydy - list -do - ministra.\"><\/object><a id=\"wp-block-file--media-06ce579e-1adb-455a-809d-9553d803ccbd\" href=\"https:\/\/www.greenpeace.org\/static\/planet4-poland-stateless\/2026\/02\/e6e3f309-omnibus-deregulacja-pestycydy-list-do-ministra.pdf\">Omnibus &#8211; deregulacja &#8211; pestycydy &#8211; list -do &#8211; ministra<\/a><a href=\"https:\/\/www.greenpeace.org\/static\/planet4-poland-stateless\/2026\/02\/e6e3f309-omnibus-deregulacja-pestycydy-list-do-ministra.pdf\" class=\"wp-block-file__button wp-element-button\" download aria-describedby=\"wp-block-file--media-06ce579e-1adb-455a-809d-9553d803ccbd\">Download<\/a><\/div>\n","protected":false},"excerpt":{"rendered":"<p>Greenpeace wezwa\u0142 polski rz\u0105d do odrzucenia propozycji Komisji Europejskiej, kt\u00f3ra chce znacz\u0105co poluzowa\u0107 unijne prawo dotycz\u0105ce stosowania pestycyd\u00f3w w rolnictwie. Os\u0142abienie przepis\u00f3w, kt\u00f3re nak\u0142adaj\u0105 pewne restrykcje na stosowanie chemicznych \u015brodk\u00f3w&hellip;<\/p>\n","protected":false},"author":32,"featured_media":39524,"comment_status":"closed","ping_status":"open","sticky":false,"template":"","format":"standard","meta":{"ep_exclude_from_search":false,"p4_og_title":"","p4_og_description":"","p4_og_image":"","p4_og_image_id":"","p4_seo_canonical_url":"","p4_campaign_name":"","p4_local_project":"","p4_basket_name":"","p4_department":"","footnotes":""},"categories":[3],"tags":[28,27,29,36],"p4-page-type":[14],"class_list":["post-39515","post","type-post","status-publish","format-standard","has-post-thumbnail","hentry","category-przyroda","tag-pszczoly","tag-rolnictwo","tag-zywnosc","tag-substancjetoksyczne","p4-page-type-aktualnosci"],"_links":{"self":[{"href":"https:\/\/www.greenpeace.org\/poland\/wp-json\/wp\/v2\/posts\/39515","targetHints":{"allow":["GET"]}}],"collection":[{"href":"https:\/\/www.greenpeace.org\/poland\/wp-json\/wp\/v2\/posts"}],"about":[{"href":"https:\/\/www.greenpeace.org\/poland\/wp-json\/wp\/v2\/types\/post"}],"author":[{"embeddable":true,"href":"https:\/\/www.greenpeace.org\/poland\/wp-json\/wp\/v2\/users\/32"}],"replies":[{"embeddable":true,"href":"https:\/\/www.greenpeace.org\/poland\/wp-json\/wp\/v2\/comments?post=39515"}],"version-history":[{"count":3,"href":"https:\/\/www.greenpeace.org\/poland\/wp-json\/wp\/v2\/posts\/39515\/revisions"}],"predecessor-version":[{"id":39813,"href":"https:\/\/www.greenpeace.org\/poland\/wp-json\/wp\/v2\/posts\/39515\/revisions\/39813"}],"wp:featuredmedia":[{"embeddable":true,"href":"https:\/\/www.greenpeace.org\/poland\/wp-json\/wp\/v2\/media\/39524"}],"wp:attachment":[{"href":"https:\/\/www.greenpeace.org\/poland\/wp-json\/wp\/v2\/media?parent=39515"}],"wp:term":[{"taxonomy":"category","embeddable":true,"href":"https:\/\/www.greenpeace.org\/poland\/wp-json\/wp\/v2\/categories?post=39515"},{"taxonomy":"post_tag","embeddable":true,"href":"https:\/\/www.greenpeace.org\/poland\/wp-json\/wp\/v2\/tags?post=39515"},{"taxonomy":"p4-page-type","embeddable":true,"href":"https:\/\/www.greenpeace.org\/poland\/wp-json\/wp\/v2\/p4-page-type?post=39515"}],"curies":[{"name":"wp","href":"https:\/\/api.w.org\/{rel}","templated":true}]}}