{"id":3977,"date":"2019-10-25T14:11:07","date_gmt":"2019-10-25T12:11:07","guid":{"rendered":"https:\/\/www.greenpeace.org\/poland\/?p=3977"},"modified":"2023-12-14T21:52:23","modified_gmt":"2023-12-14T19:52:23","slug":"apokalipsa-w-swiecie-owadow-zapylajacych-potrzebuja-naszej-pomocy","status":"publish","type":"post","link":"https:\/\/www.greenpeace.org\/poland\/aktualnosci\/3977\/apokalipsa-w-swiecie-owadow-zapylajacych-potrzebuja-naszej-pomocy\/","title":{"rendered":"Apokalipsa w \u015bwiecie owad\u00f3w zapylaj\u0105cych. Potrzebuj\u0105 naszej pomocy"},"content":{"rendered":"\n<p><strong>Ponad 60.000 adoptowanych pszcz\u00f3\u0142 wskazuje licznik na stronie <\/strong><strong><a href=\"http:\/\/AdoptujPszczole.pl\">AdoptujPszczole.pl<\/a><\/strong><strong> na p\u00f3\u0142metku akcji spo\u0142ecznej Greenpeace. Tegoroczna, si\u00f3dma ju\u017c edycja Adoptuj Pszczo\u0142\u0119, po\u015bwi\u0119cona jest w szczeg\u00f3lno\u015bci tym zagro\u017ceniom dla owad\u00f3w zapylaj\u0105cych, kt\u00f3re wynikaj\u0105 ze zmian klimatu. Nasilaj\u0105cy si\u0119 kryzys klimatyczny zagra\u017ca nie tylko ludziom, ale ca\u0142ej przyrodzie, w tym \u2013 na dramatyczn\u0105 skal\u0119 \u2013 pszczo\u0142om i innym zapylaczom.<\/strong><\/p>\n\n<p>Co roku akcja Adoptuj Pszczo\u0142\u0119 anga\u017cuje tysi\u0105ce os\u00f3b, kt\u00f3re chc\u0105 ratowa\u0107 pszczo\u0142y. Nic dziwnego &#8211; co trzeci k\u0119s na naszym talerzu zawdzi\u0119czamy w\u0142a\u015bnie ich pracy.<\/p>\n\n<p><em>Wp\u0142yw zmian klimatu na los zapylaczy nie jest jeszcze powszechnie znany, dlatego bardzo poruszy\u0142 nas odzew na nasz apel &#8211; ponad 60 tysi\u0119cy adoptowanych pszcz\u00f3\u0142 w zaledwie 3 tygodnie to wynik, kt\u00f3ry pokazuje, \u017ce Polki i Polacy dobrze rozumiej\u0105, jak wa\u017cn\u0105 rol\u0119 w naszym \u017cyciu odgrywaj\u0105 owady zapylaj\u0105ce i chc\u0105 razem z nami czyni\u0107 Polsk\u0119 bardziej przyjazn\u0105 pszczo\u0142om. To bardzo wa\u017cne, poniewa\u017c zagra\u017caj\u0105ce zapylaczom skutki zmian klimatu mo\u017cemy obserwowa\u0107 ju\u017c teraz. Potwierdzaj\u0105 to naukowcy<\/em> &#8211; m\u00f3wi Dominika Soko\u0142owska z Greenpeace Polska.<\/p>\n\n<p>Rosn\u0105ca globalna temperatura oraz anomalie i gwa\u0142towne zjawiska pogodowe przynosz\u0105 szereg negatywnych dla zapylaczy konsekwencji. Jedne ro\u015bliny kwitn\u0105 zbyt wcze\u015bnie, inne zbyt p\u00f3\u017ano, co mo\u017ce powodowa\u0107 problemy z baz\u0105 pokarmow\u0105. Za kr\u00f3tka zima wyprowadza pszczo\u0142y z ula na \u0142\u0105ki, na kt\u00f3rych jeszcze nic nie kwitnie, ulewne deszcze niszcz\u0105 kwitn\u0105ce ro\u015bliny oraz gniazda zapylaczy, d\u0142ugotrwa\u0142e susze niszcz\u0105 baz\u0119 pokarmow\u0105, upa\u0142y uniemo\u017cliwiaj\u0105 owadom prac\u0119, a przez to grozi im g\u0142\u00f3d. A to dopiero wierzcho\u0142ek g\u00f3ry lodowej problem\u00f3w, kt\u00f3re nas czekaj\u0105.<\/p>\n\n<p>Greenpeace opublikowa\u0142 film, w kt\u00f3rym osoby ze \u015bwiata nauki wyja\u015bniaj\u0105, w jaki dok\u0142adnie spos\u00f3b kryzys klimatyczny wp\u0142ywa na owady zapylaj\u0105ce. Mo\u017cna go obejrze\u0107 tutaj: <a href=\"https:\/\/vimeo.com\/368721661\">https:\/\/vimeo.com\/368721661<\/a><\/p>\n\n<p><iframe loading=\"lazy\" src=\"https:\/\/player.vimeo.com\/video\/368721661\" width=\"640\" height=\"360\" frameborder=\"0\" allowfullscreen=\"allowfullscreen\"><\/iframe><\/p>\n\n<p><a href=\"https:\/\/vimeo.com\/368721661\">Apokalipsa w \u015bwiecie bezkr\u0119gowc\u00f3w<\/a> from <a href=\"https:\/\/vimeo.com\/greenpeacepl\">Greenpeace Polska<\/a> on <a href=\"https:\/\/vimeo.com\">Vimeo<\/a>.<\/p>\n\n<p><em>Kryzys klimatyczny jest w tej chwili najwi\u0119kszym zagro\u017ceniem dla naszego gatunku. W \u015bwiecie bezkr\u0119gowc\u00f3w odbywa si\u0119 prawdziwa apokalipsa<\/em> \u2013 alarmuje prof. Piotr Skuba\u0142a z Uniwersytetu \u015al\u0105skiego.<\/p>\n\n<p><em>Zwi\u0119kszenie temperatury zar\u00f3wno podczas rozwoju, jak i hibernacji zimowej, spowodowane zmianami klimatu, mo\u017ce skutkowa\u0107 wi\u0119ksz\u0105 \u015bmiertelno\u015bci\u0105 pszcz\u00f3\u0142, wi\u0119c bezpo\u015brednio wp\u0142ywa na ich prze\u017cywanie<\/em> \u2013 wyja\u015bnia dr Hajnalka Szentgy\u00f6rgyi z Uniwersytetu Jagiello\u0144skiego.<\/p>\n\n<p><em>Bez zapylaczy trudno sobie wyobrazi\u0107 produkcj\u0119 warzyw czy owoc\u00f3w. Ich brak nie tylko zubo\u017cy nasz\u0105 diet\u0119, wp\u0142ywaj\u0105c na nasze zdrowie, ale zubo\u017cy te\u017c ca\u0142y nasz \u015bwiat<\/em> &#8211; zauwa\u017ca ze smutkiem dr hab. Paulina Kramarz z Uniwersytetu Jagiello\u0144skiego.<\/p>\n\n<p>Sytuacja jest dramatyczna, a pszczo\u0142y pilnie potrzebuj\u0105 naszej pomocy. Dlatego zapraszamy Polki i Polak\u00f3w do wsp\u00f3lnego dzia\u0142ania na rzecz owad\u00f3w zapylaj\u0105cych. Wchodz\u0105c na stron\u0119 <a href=\"http:\/\/AdoptujPszczole.pl\">adoptujpszczole.pl<\/a> mo\u017cna dokona\u0107 wirtualnej adopcji pszcz\u00f3\u0142. Dzi\u0119ki temu ka\u017cda i ka\u017cdy z nas mo\u017ce w prosty spos\u00f3b wzmocni\u0107 dzia\u0142ania pomagaj\u0105ce zapylaczom przetrwa\u0107 te trudne czasy oraz sprawi\u0107, by Polska sta\u0142a si\u0119 bardziej przyjazna pszczo\u0142om.<\/p>\n","protected":false},"excerpt":{"rendered":"<p>Tegoroczna, si\u00f3dma ju\u017c edycja Adoptuj Pszczo\u0142\u0119, po\u015bwi\u0119cona jest w szczeg\u00f3lno\u015bci tym zagro\u017ceniom dla owad\u00f3w zapylaj\u0105cych, kt\u00f3re wynikaj\u0105 ze zmian klimatu. Nasilaj\u0105cy si\u0119 kryzys klimatyczny zagra\u017ca nie tylko ludziom, ale ca\u0142ej przyrodzie, w tym \u2013 na dramatyczn\u0105 skal\u0119 \u2013 pszczo\u0142om i innym zapylaczom.<\/p>\n","protected":false},"author":25,"featured_media":4077,"comment_status":"closed","ping_status":"open","sticky":false,"template":"","format":"standard","meta":{"ep_exclude_from_search":false,"p4_og_title":"","p4_og_description":"","p4_og_image":"","p4_og_image_id":"","p4_seo_canonical_url":"","p4_campaign_name":"not set","p4_local_project":"","p4_basket_name":"not set","p4_department":"","footnotes":""},"categories":[2,4],"tags":[6,28,29],"p4-page-type":[14],"class_list":["post-3977","post","type-post","status-publish","format-standard","has-post-thumbnail","hentry","category-klimat-energia","category-rolnictwo","tag-klimat","tag-pszczoly","tag-zywnosc","p4-page-type-aktualnosci"],"_links":{"self":[{"href":"https:\/\/www.greenpeace.org\/poland\/wp-json\/wp\/v2\/posts\/3977","targetHints":{"allow":["GET"]}}],"collection":[{"href":"https:\/\/www.greenpeace.org\/poland\/wp-json\/wp\/v2\/posts"}],"about":[{"href":"https:\/\/www.greenpeace.org\/poland\/wp-json\/wp\/v2\/types\/post"}],"author":[{"embeddable":true,"href":"https:\/\/www.greenpeace.org\/poland\/wp-json\/wp\/v2\/users\/25"}],"replies":[{"embeddable":true,"href":"https:\/\/www.greenpeace.org\/poland\/wp-json\/wp\/v2\/comments?post=3977"}],"version-history":[{"count":9,"href":"https:\/\/www.greenpeace.org\/poland\/wp-json\/wp\/v2\/posts\/3977\/revisions"}],"predecessor-version":[{"id":34061,"href":"https:\/\/www.greenpeace.org\/poland\/wp-json\/wp\/v2\/posts\/3977\/revisions\/34061"}],"wp:featuredmedia":[{"embeddable":true,"href":"https:\/\/www.greenpeace.org\/poland\/wp-json\/wp\/v2\/media\/4077"}],"wp:attachment":[{"href":"https:\/\/www.greenpeace.org\/poland\/wp-json\/wp\/v2\/media?parent=3977"}],"wp:term":[{"taxonomy":"category","embeddable":true,"href":"https:\/\/www.greenpeace.org\/poland\/wp-json\/wp\/v2\/categories?post=3977"},{"taxonomy":"post_tag","embeddable":true,"href":"https:\/\/www.greenpeace.org\/poland\/wp-json\/wp\/v2\/tags?post=3977"},{"taxonomy":"p4-page-type","embeddable":true,"href":"https:\/\/www.greenpeace.org\/poland\/wp-json\/wp\/v2\/p4-page-type?post=3977"}],"curies":[{"name":"wp","href":"https:\/\/api.w.org\/{rel}","templated":true}]}}