{"id":39920,"date":"2026-03-18T09:36:07","date_gmt":"2026-03-18T07:36:07","guid":{"rendered":"https:\/\/www.greenpeace.org\/poland\/?p=39920"},"modified":"2026-03-19T17:48:21","modified_gmt":"2026-03-19T15:48:21","slug":"ropa-i-gaz-to-wojna-greenpeace-pietnuje-trumpa-i-putina-w-centrum-stolicy","status":"publish","type":"post","link":"https:\/\/www.greenpeace.org\/poland\/aktualnosci\/39920\/ropa-i-gaz-to-wojna-greenpeace-pietnuje-trumpa-i-putina-w-centrum-stolicy\/","title":{"rendered":"\u201eRopa i gaz to wojna\u201d &#8211; Greenpeace pi\u0119tnuje Trumpa i Putina"},"content":{"rendered":"\n<p><strong>Dzisiejszej nocy grupa aktywistek i aktywist\u00f3w Greenpeace rozwiesi\u0142a w centrum Warszawy plakaty z podobiznami prezydent\u00f3w Trumpa i Putina wraz z przekazem: ropa i gaz to wojna, cierpienie, dro\u017cyzna, chaos i zagro\u017cenie. Podobne przes\u0142anie wy\u015bwietlili te\u017c w sercu stolicy &#8211; na budynku Muzeum Sztuki Nowoczesnej. W ten spos\u00f3b chc\u0105 przekona\u0107 rz\u0105d do szybkiej transformacji sektora energetycznego i trwa\u0142ego odci\u0119cia si\u0119 od importu paliw kopalnych.<\/strong><\/p>\n\n<figure class=\"wp-block-image size-large\"><img loading=\"lazy\" decoding=\"async\" width=\"1024\" height=\"419\" src=\"https:\/\/www.greenpeace.org\/static\/planet4-poland-stateless\/2026\/03\/f48e9f0e-gazropawojna-1024x419.jpg\" alt=\"\" class=\"wp-image-39921\" srcset=\"https:\/\/www.greenpeace.org\/static\/planet4-poland-stateless\/2026\/03\/f48e9f0e-gazropawojna-1024x419.jpg 1024w, https:\/\/www.greenpeace.org\/static\/planet4-poland-stateless\/2026\/03\/f48e9f0e-gazropawojna-500x205.jpg 500w, https:\/\/www.greenpeace.org\/static\/planet4-poland-stateless\/2026\/03\/f48e9f0e-gazropawojna-768x314.jpg 768w, https:\/\/www.greenpeace.org\/static\/planet4-poland-stateless\/2026\/03\/f48e9f0e-gazropawojna-1536x628.jpg 1536w, https:\/\/www.greenpeace.org\/static\/planet4-poland-stateless\/2026\/03\/f48e9f0e-gazropawojna-2048x838.jpg 2048w, https:\/\/www.greenpeace.org\/static\/planet4-poland-stateless\/2026\/03\/f48e9f0e-gazropawojna-510x209.jpg 510w\" sizes=\"auto, (max-width: 1024px) 100vw, 1024px\" \/><\/figure>\n\n<p>Greenpeace przypomina, \u017ce rynek ropy i gazu to g\u0142\u00f3wny pow\u00f3d trwaj\u0105cej w\u0142a\u015bnie na Bliskim Wschodzie wojny wywo\u0142anej przez Donalda Trumpa. Gaz i ropa nap\u0119dzaj\u0105 r\u00f3wnie\u017c trwaj\u0105c\u0105 ju\u017c czwarty rok wojn\u0119 w Ukrainie. Sankcje na paliwa kopalne z Rosji i ograniczenia w handlu nimi wynikaj\u0105ce z blokady Cie\u015bniny Ormuz ju\u017c teraz oznaczaj\u0105 podwy\u017cki cen tych surowc\u00f3w. Eksperci szacuj\u0105, \u017ce mo\u017ce prze\u0142o\u017cy\u0107 si\u0119 to wy\u017csz\u0105 inflacj\u0119 oraz zwi\u0119kszenie koszt\u00f3w \u017cycia.<\/p>\n\n<p>&#8211; W strefach obj\u0119tych dzia\u0142aniami wojennymi wiele rodzin op\u0142akuje swoich bliskich. Te ludzkie dramaty s\u0105 jednocze\u015bnie okazj\u0105 do liczenia dodatkowych zysk\u00f3w dla koncern\u00f3w paliwowych. Dla obrony tych zysk\u00f3w Donald Trump pr\u00f3buje wci\u0105gn\u0105\u0107 w konflikt swoich sojusznik\u00f3w oraz znosi sankcje na rosyjsk\u0105 rop\u0119. Ten patologiczny system musi zosta\u0107 zmieniony &#8211; powiedzia\u0142a Anna Meres z Greenpeace.<\/p>\n<div data-hydrate=\"planet4-blocks\/gallery\" data-attributes=\"{&quot;attributes&quot;:{&quot;multiple_image&quot;:&quot;39935,39934,39936,39937,39938&quot;,&quot;gallery_block_focus_points&quot;:&quot;{\\&quot;39934\\&quot;:\\&quot;50% 50%\\&quot;,\\&quot;39935\\&quot;:\\&quot;50% 50%\\&quot;,\\&quot;39936\\&quot;:\\&quot;61% 42%\\&quot;,\\&quot;39937\\&quot;:\\&quot;50% 50%\\&quot;,\\&quot;39938\\&quot;:\\&quot;50% 50%\\&quot;}&quot;,&quot;image_data&quot;:[{&quot;url&quot;:&quot;https:\\\/\\\/www.greenpeace.org\\\/static\\\/planet4-poland-stateless\\\/2026\\\/03\\\/039c10f7-55154535075_4d49f1641b_c.jpg&quot;,&quot;focalPoint&quot;:{&quot;x&quot;:0.5,&quot;y&quot;:0.5},&quot;id&quot;:39935},{&quot;url&quot;:&quot;https:\\\/\\\/www.greenpeace.org\\\/static\\\/planet4-poland-stateless\\\/2026\\\/03\\\/039c10f7-55153268077_0b0d6a2138_c.jpg&quot;,&quot;focalPoint&quot;:{&quot;x&quot;:0.5,&quot;y&quot;:0.5},&quot;id&quot;:39934},{&quot;url&quot;:&quot;https:\\\/\\\/www.greenpeace.org\\\/static\\\/planet4-poland-stateless\\\/2026\\\/03\\\/039c10f7-55153267637_2ca3534e01_c.jpg&quot;,&quot;focalPoint&quot;:{&quot;x&quot;:&quot;0.61&quot;,&quot;y&quot;:&quot;0.42&quot;},&quot;id&quot;:39936},{&quot;url&quot;:&quot;https:\\\/\\\/www.greenpeace.org\\\/static\\\/planet4-poland-stateless\\\/2026\\\/03\\\/039c10f7-55154168891_007ca091b6_c.jpg&quot;,&quot;focalPoint&quot;:{&quot;x&quot;:0.5,&quot;y&quot;:0.5},&quot;id&quot;:39937},{&quot;url&quot;:&quot;https:\\\/\\\/www.greenpeace.org\\\/static\\\/planet4-poland-stateless\\\/2026\\\/03\\\/039c10f7-55152680752_bc3c255f36_c.jpg&quot;,&quot;focalPoint&quot;:{&quot;x&quot;:0.5,&quot;y&quot;:0.5},&quot;id&quot;:39938}],&quot;gallery_block_style&quot;:0,&quot;gallery_block_title&quot;:&quot;&quot;,&quot;gallery_block_description&quot;:&quot;&quot;,&quot;images&quot;:[{&quot;image_src&quot;:&quot;https:\\\/\\\/www.greenpeace.org\\\/static\\\/planet4-poland-stateless\\\/2026\\\/03\\\/039c10f7-55154535075_4d49f1641b_c.jpg&quot;,&quot;image_srcset&quot;:&quot;https:\\\/\\\/www.greenpeace.org\\\/static\\\/planet4-poland-stateless\\\/2026\\\/03\\\/039c10f7-55154535075_4d49f1641b_c.jpg 799w, https:\\\/\\\/www.greenpeace.org\\\/static\\\/planet4-poland-stateless\\\/2026\\\/03\\\/039c10f7-55154535075_4d49f1641b_c-500x334.jpg 500w, https:\\\/\\\/www.greenpeace.org\\\/static\\\/planet4-poland-stateless\\\/2026\\\/03\\\/039c10f7-55154535075_4d49f1641b_c-768x512.jpg 768w, https:\\\/\\\/www.greenpeace.org\\\/static\\\/planet4-poland-stateless\\\/2026\\\/03\\\/039c10f7-55154535075_4d49f1641b_c-510x340.jpg 510w&quot;,&quot;image_sizes&quot;:false,&quot;alt_text&quot;:&quot;&quot;,&quot;caption&quot;:&quot;&quot;,&quot;focus_image&quot;:&quot;50% 50%&quot;,&quot;credits&quot;:&quot;&quot;},{&quot;image_src&quot;:&quot;https:\\\/\\\/www.greenpeace.org\\\/static\\\/planet4-poland-stateless\\\/2026\\\/03\\\/039c10f7-55153268077_0b0d6a2138_c.jpg&quot;,&quot;image_srcset&quot;:&quot;https:\\\/\\\/www.greenpeace.org\\\/static\\\/planet4-poland-stateless\\\/2026\\\/03\\\/039c10f7-55153268077_0b0d6a2138_c.jpg 799w, https:\\\/\\\/www.greenpeace.org\\\/static\\\/planet4-poland-stateless\\\/2026\\\/03\\\/039c10f7-55153268077_0b0d6a2138_c-500x334.jpg 500w, https:\\\/\\\/www.greenpeace.org\\\/static\\\/planet4-poland-stateless\\\/2026\\\/03\\\/039c10f7-55153268077_0b0d6a2138_c-768x512.jpg 768w, https:\\\/\\\/www.greenpeace.org\\\/static\\\/planet4-poland-stateless\\\/2026\\\/03\\\/039c10f7-55153268077_0b0d6a2138_c-510x340.jpg 510w&quot;,&quot;image_sizes&quot;:false,&quot;alt_text&quot;:&quot;&quot;,&quot;caption&quot;:&quot;&quot;,&quot;focus_image&quot;:&quot;50% 50%&quot;,&quot;credits&quot;:&quot;&quot;},{&quot;image_src&quot;:&quot;https:\\\/\\\/www.greenpeace.org\\\/static\\\/planet4-poland-stateless\\\/2026\\\/03\\\/039c10f7-55153267637_2ca3534e01_c.jpg&quot;,&quot;image_srcset&quot;:&quot;https:\\\/\\\/www.greenpeace.org\\\/static\\\/planet4-poland-stateless\\\/2026\\\/03\\\/039c10f7-55153267637_2ca3534e01_c.jpg 799w, https:\\\/\\\/www.greenpeace.org\\\/static\\\/planet4-poland-stateless\\\/2026\\\/03\\\/039c10f7-55153267637_2ca3534e01_c-500x334.jpg 500w, https:\\\/\\\/www.greenpeace.org\\\/static\\\/planet4-poland-stateless\\\/2026\\\/03\\\/039c10f7-55153267637_2ca3534e01_c-768x512.jpg 768w, https:\\\/\\\/www.greenpeace.org\\\/static\\\/planet4-poland-stateless\\\/2026\\\/03\\\/039c10f7-55153267637_2ca3534e01_c-510x340.jpg 510w&quot;,&quot;image_sizes&quot;:false,&quot;alt_text&quot;:&quot;&quot;,&quot;caption&quot;:&quot;&quot;,&quot;focus_image&quot;:&quot;61% 42%&quot;,&quot;credits&quot;:&quot;&quot;},{&quot;image_src&quot;:&quot;https:\\\/\\\/www.greenpeace.org\\\/static\\\/planet4-poland-stateless\\\/2026\\\/03\\\/039c10f7-55154168891_007ca091b6_c.jpg&quot;,&quot;image_srcset&quot;:&quot;https:\\\/\\\/www.greenpeace.org\\\/static\\\/planet4-poland-stateless\\\/2026\\\/03\\\/039c10f7-55154168891_007ca091b6_c.jpg 799w, https:\\\/\\\/www.greenpeace.org\\\/static\\\/planet4-poland-stateless\\\/2026\\\/03\\\/039c10f7-55154168891_007ca091b6_c-500x334.jpg 500w, https:\\\/\\\/www.greenpeace.org\\\/static\\\/planet4-poland-stateless\\\/2026\\\/03\\\/039c10f7-55154168891_007ca091b6_c-768x512.jpg 768w, https:\\\/\\\/www.greenpeace.org\\\/static\\\/planet4-poland-stateless\\\/2026\\\/03\\\/039c10f7-55154168891_007ca091b6_c-510x340.jpg 510w&quot;,&quot;image_sizes&quot;:false,&quot;alt_text&quot;:&quot;&quot;,&quot;caption&quot;:&quot;&quot;,&quot;focus_image&quot;:&quot;50% 50%&quot;,&quot;credits&quot;:&quot;&quot;},{&quot;image_src&quot;:&quot;https:\\\/\\\/www.greenpeace.org\\\/static\\\/planet4-poland-stateless\\\/2026\\\/03\\\/039c10f7-55152680752_bc3c255f36_c.jpg&quot;,&quot;image_srcset&quot;:&quot;https:\\\/\\\/www.greenpeace.org\\\/static\\\/planet4-poland-stateless\\\/2026\\\/03\\\/039c10f7-55152680752_bc3c255f36_c.jpg 799w, https:\\\/\\\/www.greenpeace.org\\\/static\\\/planet4-poland-stateless\\\/2026\\\/03\\\/039c10f7-55152680752_bc3c255f36_c-500x334.jpg 500w, https:\\\/\\\/www.greenpeace.org\\\/static\\\/planet4-poland-stateless\\\/2026\\\/03\\\/039c10f7-55152680752_bc3c255f36_c-768x512.jpg 768w, https:\\\/\\\/www.greenpeace.org\\\/static\\\/planet4-poland-stateless\\\/2026\\\/03\\\/039c10f7-55152680752_bc3c255f36_c-510x340.jpg 510w&quot;,&quot;image_sizes&quot;:false,&quot;alt_text&quot;:&quot;&quot;,&quot;caption&quot;:&quot;&quot;,&quot;focus_image&quot;:&quot;50% 50%&quot;,&quot;credits&quot;:&quot;&quot;}]}}\">\n<\/div>\n<p>Koncerny energetyczne planuj\u0105 zast\u0105pi\u0107 zamykane elektrownie w\u0119glowe elektrowniami na importowany gaz. Polski rz\u0105d i sp\u00f3\u0142ki sektora energetycznego zamierzaj\u0105 w ci\u0105gu najbli\u017cszej dekady wyda\u0107 nawet 300 miliard\u00f3w z\u0142otych na now\u0105 infrastruktur\u0119 gazow\u0105 i d\u0142ugoterminowe kontrakty importowe, kt\u00f3re na dekady uzale\u017cniaj\u0105 nasz kraj od dostaw gazu. Greenpeace podkre\u015bla, \u017ce zamiast coraz mocniej pcha\u0107 polsk\u0105 gospodark\u0119 w gazow\u0105 pu\u0142apk\u0119, rz\u0105d powinien jak najszybciej rozwija\u0107 produkcj\u0119 energii ze \u017ar\u00f3de\u0142 odnawialnych oraz wzmacnia\u0107 potencja\u0142 jej magazynowania. Uzale\u017cnienie od importu gazu grozi olbrzymimi podwy\u017ckami i tak wysokich cen pr\u0105du i ciep\u0142a.<\/p>\n\n<p>&#8211; Niestety wojna Rosji Putina przeciwko Ukrainie nie nauczy\u0142a niczego rz\u0105dz\u0105cych w Polsce. Wprawdzie pod presj\u0105 spo\u0142eczn\u0105 rz\u0105d zerwa\u0142 z dilerem z Moskwy, ale uzale\u017cni\u0142 nas od innych diler\u00f3w, mi\u0119dzy innymi z USA i Kataru. Prawdziwe bezpiecze\u0144stwo energetyczne mog\u0105 Polsce zapewni\u0107 tylko odnawialne \u017ar\u00f3d\u0142a energii wraz z magazynami energii i inteligentnymi sieciami, a tak\u017ce rozw\u00f3j energooszcz\u0119dno\u015bci &#8211; dodaje Anna Meres.<\/p>\n\t\t\t<section\n\t\t\tclass=\"boxout post-39801  sticky-bottom-mobile collapse show\"\n\t\t\tid=\"action-card\"\n\t\t>\n\t\t\t<a\n\t\t\t\tdata-ga-category=\"Take Action Boxout\"\n\t\t\t\tdata-ga-action=\"Image\"\n\t\t\t\tdata-ga-label=\"n\/a\"\n\t\t\t\tclass=\"cover-card-overlay\"\n\t\t\t\thref=\"https:\/\/www.greenpeace.org\/poland\/petycje\/podpisz-zatrzymajmy-brudna-energie-trumpa\/\" \n\t\t\t><\/a>\n\t\t\t\t\t\t\t<img\n\t\t\t\t\t\tsrc=\"https:\/\/www.greenpeace.org\/static\/planet4-poland-stateless\/2026\/03\/14c6d6ab-trump-stop.jpg\"\n\t\t\t\t\t\tsrcset=\"https:\/\/www.greenpeace.org\/static\/planet4-poland-stateless\/2026\/03\/14c6d6ab-trump-stop-500x250.jpg 500w, https:\/\/www.greenpeace.org\/static\/planet4-poland-stateless\/2026\/03\/14c6d6ab-trump-stop-768x384.jpg 768w, https:\/\/www.greenpeace.org\/static\/planet4-poland-stateless\/2026\/03\/14c6d6ab-trump-stop-510x255.jpg 510w, https:\/\/www.greenpeace.org\/static\/planet4-poland-stateless\/2026\/03\/14c6d6ab-trump-stop.jpg 800w\"\n\t\t\t\t\t\tsizes=\"(min-width: 1000px) 358px, (min-width: 780px) 313px, 88px\"\n\t\t\t\t\t\talt=\"\" title=\"\"\n\t\t\t\t\/>\n            \t\t\t<div class=\"boxout-content\">\n\t\t\t\t\t\t\t\t\t<a\n\t\t\t\t\t\tclass=\"boxout-heading medium\"\n\t\t\t\t\t\tdata-ga-category=\"Take Action Boxout\"\n\t\t\t\t\t\tdata-ga-action=\"Title\"\n\t\t\t\t\t\tdata-ga-label=\"n\/a\"\n\t\t\t\t\t\thref=\"https:\/\/www.greenpeace.org\/poland\/petycje\/podpisz-zatrzymajmy-brudna-energie-trumpa\/\"\n\t\t\t\t\t\t\n\t\t\t\t\t>\n\t\t\t\t\t\tPodpisz: Zatrzymajmy brudn\u0105 energi\u0119 Trumpa!\n\t\t\t\t\t<\/a>\n\t\t\t\t\t\t\t\t\t\t\t\t\t<p class=\"boxout-excerpt\">Nie pozw\u00f3lmy, by Europa zosta\u0142a zak\u0142adnikiem brudnych uk\u0142ad\u00f3w niszcz\u0105cych klimat i demokracj\u0119!<\/p>\n\t\t\t\t                                    <a\n                        class=\"btn btn-primary\"\n                        data-ga-category=\"Take Action Boxout\"\n                        data-ga-action=\"Call to Action\"\n                        data-ga-label=\"n\/a\"\n                        href=\"https:\/\/www.greenpeace.org\/poland\/petycje\/podpisz-zatrzymajmy-brudna-energie-trumpa\/\"\n                        \n                    >\n                        Podpisz!\n                    <\/a>\n                \t\t\t<\/div>\n\t\t\t\t\t\t\t<a\n\t\t\t\t\tclass=\"not-now\"\n\t\t\t\t\trole=\"button\"\n\t\t\t\t\tdata-bs-toggle=\"collapse\"\n\t\t\t\t\thref=\"#action-card\"\n\t\t\t\t><\/a>\n\t\t\t\t\t<\/section>\n\t\n<p><\/p>\n","protected":false},"excerpt":{"rendered":"<p>Dzisiejszej nocy grupa aktywistek i aktywist\u00f3w Greenpeace rozwiesi\u0142a w centrum Warszawy plakaty z podobiznami prezydent\u00f3w Trumpa i Putina wraz z przekazem: ropa i gaz to wojna, cierpienie, dro\u017cyzna, chaos i&hellip;<\/p>\n","protected":false},"author":32,"featured_media":39935,"comment_status":"closed","ping_status":"open","sticky":false,"template":"","format":"standard","meta":{"ep_exclude_from_search":false,"p4_og_title":"","p4_og_description":"","p4_og_image":"https:\/\/www.greenpeace.org\/static\/planet4-poland-stateless\/2026\/03\/904b7af7-dsc02352-scaled.jpg","p4_og_image_id":"39924","p4_seo_canonical_url":"","p4_campaign_name":"","p4_local_project":"","p4_basket_name":"","p4_department":"","footnotes":""},"categories":[2],"tags":[6,24,25,31,106],"p4-page-type":[14],"class_list":["post-39920","post","type-post","status-publish","format-standard","has-post-thumbnail","hentry","category-klimat-energia","tag-klimat","tag-aktywizm","tag-paliwakopalne","tag-demokracjaiprawaczlowieka","tag-gaz","p4-page-type-aktualnosci"],"_links":{"self":[{"href":"https:\/\/www.greenpeace.org\/poland\/wp-json\/wp\/v2\/posts\/39920","targetHints":{"allow":["GET"]}}],"collection":[{"href":"https:\/\/www.greenpeace.org\/poland\/wp-json\/wp\/v2\/posts"}],"about":[{"href":"https:\/\/www.greenpeace.org\/poland\/wp-json\/wp\/v2\/types\/post"}],"author":[{"embeddable":true,"href":"https:\/\/www.greenpeace.org\/poland\/wp-json\/wp\/v2\/users\/32"}],"replies":[{"embeddable":true,"href":"https:\/\/www.greenpeace.org\/poland\/wp-json\/wp\/v2\/comments?post=39920"}],"version-history":[{"count":4,"href":"https:\/\/www.greenpeace.org\/poland\/wp-json\/wp\/v2\/posts\/39920\/revisions"}],"predecessor-version":[{"id":39939,"href":"https:\/\/www.greenpeace.org\/poland\/wp-json\/wp\/v2\/posts\/39920\/revisions\/39939"}],"wp:featuredmedia":[{"embeddable":true,"href":"https:\/\/www.greenpeace.org\/poland\/wp-json\/wp\/v2\/media\/39935"}],"wp:attachment":[{"href":"https:\/\/www.greenpeace.org\/poland\/wp-json\/wp\/v2\/media?parent=39920"}],"wp:term":[{"taxonomy":"category","embeddable":true,"href":"https:\/\/www.greenpeace.org\/poland\/wp-json\/wp\/v2\/categories?post=39920"},{"taxonomy":"post_tag","embeddable":true,"href":"https:\/\/www.greenpeace.org\/poland\/wp-json\/wp\/v2\/tags?post=39920"},{"taxonomy":"p4-page-type","embeddable":true,"href":"https:\/\/www.greenpeace.org\/poland\/wp-json\/wp\/v2\/p4-page-type?post=39920"}],"curies":[{"name":"wp","href":"https:\/\/api.w.org\/{rel}","templated":true}]}}