{"id":39943,"date":"2026-03-19T17:53:06","date_gmt":"2026-03-19T15:53:06","guid":{"rendered":"https:\/\/www.greenpeace.org\/poland\/?p=39943"},"modified":"2026-03-31T19:38:12","modified_gmt":"2026-03-31T17:38:12","slug":"siedziba-komisji-europejskiej-jako-trump-tower-akcja-greenpeace-w-brukseli","status":"publish","type":"post","link":"https:\/\/www.greenpeace.org\/poland\/aktualnosci\/39943\/siedziba-komisji-europejskiej-jako-trump-tower-akcja-greenpeace-w-brukseli\/","title":{"rendered":"Siedziba Komisji Europejskiej jako Trump Tower &#8211; akcja Greenpeace w Brukseli"},"content":{"rendered":"\n<p><strong>Aktywistki i aktywi\u015bci Greenpeace wy\u015bwietlili dzi\u015b rano na fasadzie siedziby Komisji Europejskiej obraz, kt\u00f3ry upodobni\u0142 j\u0105 do jednego z drapaczy chmur nale\u017c\u0105cych do Donalda Trumpa. W ten spos\u00f3b zaprotestowali przeciwko uzale\u017cnieniu europejskiej gospodarki od ameryka\u0144skiego gazu oraz przeciw os\u0142abianiu unijnych przepis\u00f3w chroni\u0105cych nasze zdrowie i \u015brodowisko. Projekcji towarzyszy\u0142o has\u0142o \u201cResist Trump\u2019s Agenda\u201d (Przeciwstawcie si\u0119 agendzie Trumpa). W prote\u015bcie bra\u0142a udzia\u0142 polska aktywistka &#8211; Aleksandra.<\/strong><\/p>\n\n<figure class=\"wp-block-image size-large\"><img loading=\"lazy\" decoding=\"async\" width=\"1024\" height=\"772\" src=\"https:\/\/www.greenpeace.org\/static\/planet4-poland-stateless\/2026\/03\/9d491e9b-komisja-europejska-jako-trum-tower-1024x772.jpg\" title=\"Siedziba Komisji Europejskiej jako Trump Wower\" alt=\"Siedziba Komisji Europejskiej jako Trump Wower\" class=\"wp-image-39944\" srcset=\"https:\/\/www.greenpeace.org\/static\/planet4-poland-stateless\/2026\/03\/9d491e9b-komisja-europejska-jako-trum-tower-1024x772.jpg 1024w, https:\/\/www.greenpeace.org\/static\/planet4-poland-stateless\/2026\/03\/9d491e9b-komisja-europejska-jako-trum-tower-500x377.jpg 500w, https:\/\/www.greenpeace.org\/static\/planet4-poland-stateless\/2026\/03\/9d491e9b-komisja-europejska-jako-trum-tower-768x579.jpg 768w, https:\/\/www.greenpeace.org\/static\/planet4-poland-stateless\/2026\/03\/9d491e9b-komisja-europejska-jako-trum-tower-451x340.jpg 451w, https:\/\/www.greenpeace.org\/static\/planet4-poland-stateless\/2026\/03\/9d491e9b-komisja-europejska-jako-trum-tower.jpg 1536w\" sizes=\"auto, (max-width: 1024px) 100vw, 1024px\" \/><figcaption><div class=\"credit icon-left\"> \u00a9 Tim Dirven \/ Greenpeace<\/div><\/figcaption><\/figure>\n\n<p>Protest zbieg\u0142 si\u0119 w czasie ze szczytem przyw\u00f3dc\u00f3w pa\u0144stw cz\u0142onkowskich Unii Europejskiej. Na szczycie omawiane s\u0105 propozycje os\u0142abienia wielu unijnych przepis\u00f3w, chroni\u0105cych mi\u0119dzy innymi zdrowie oraz przyrod\u0119. <strong>Greenpeace zdecydowanie sprzeciwia si\u0119 tej deregulacji.<\/strong><\/p>\n\n<p><em>Donald Trump chce zdominowa\u0107 Europ\u0119, a wi\u0119kszo\u015b\u0107 europejskich polityk\u00f3w zdaje si\u0119 mu na to pozwala\u0107. Prezydent USA lekcewa\u017cy prawo mi\u0119dzynarodowe, wi\u0119c rol\u0105 lider\u00f3w kraj\u00f3w unijnych jest postawi\u0107 temu tam\u0119. Tymczasem unijni przyw\u00f3dcy pracuj\u0105 nad przepisami, kt\u00f3re doprowadz\u0105 do obni\u017cenia standard\u00f3w ochrony naszego zdrowia i \u015brodowiska oraz wzmacniaj\u0105 uzale\u017cnienie Europy od ameryka\u0144skiej ropy i gazu &#8211;<\/em> powiedzia\u0142a Ariadna Rodrigo z Greenpeace EU<\/p>\n\n<p><strong>Greenpeace Polska podkre\u015bla, \u017ce odbywaj\u0105cy si\u0119 w Brukseli szczyt powinien stanowi\u0107 dla polskiego rz\u0105du okazj\u0119 do rewizji strategicznego kierunku polityki energetycznej naszego kraju.<\/strong><\/p>\n\n<p><em>Polska wpad\u0142a w gazow\u0105 pu\u0142apk\u0119. Nasza energetyka coraz bardziej uzale\u017cnia si\u0119 od gazu sprowadzanego g\u0142\u00f3wnie z USA ale te\u017c Kataru. Do\u015bwiadczenia ostatnich tygodni pokazuj\u0105 jak \u0142atwo jest zachwia\u0107 naszym bezpiecze\u0144stwem energetycznym i narazi\u0107 obywateli na konieczno\u015b\u0107 ponoszenia coraz wy\u017cszych wydatk\u00f3w na tak podstawowe us\u0142ugi jak dostawa pr\u0105du i ciep\u0142a. \u017beby chroni\u0107 nas przed galopuj\u0105cymi podwy\u017ckami cen energii i ciep\u0142a rz\u0105d powinien jak najszybciej rozwija\u0107 odnawialne \u017ar\u00f3d\u0142a energii, kt\u00f3re w po\u0142\u0105czeniu z magazynami energii i elastycznymi sieciami przesy\u0142owymi dadz\u0105 nam prawdziwe bezpiecze\u0144stwo energetyczne &#8211;<\/em> powiedzia\u0142a Anna Meres z Greenpeace Polska.<\/p>\n\t\t\t<section\n\t\t\tclass=\"boxout post-39801  sticky-bottom-mobile collapse show\"\n\t\t\tid=\"action-card\"\n\t\t>\n\t\t\t<a\n\t\t\t\tdata-ga-category=\"Take Action Boxout\"\n\t\t\t\tdata-ga-action=\"Image\"\n\t\t\t\tdata-ga-label=\"n\/a\"\n\t\t\t\tclass=\"cover-card-overlay\"\n\t\t\t\thref=\"https:\/\/www.greenpeace.org\/poland\/petycje\/podpisz-zatrzymajmy-brudna-energie-trumpa\/\" \n\t\t\t><\/a>\n\t\t\t\t\t\t\t<img\n\t\t\t\t\t\tsrc=\"https:\/\/www.greenpeace.org\/static\/planet4-poland-stateless\/2026\/03\/14c6d6ab-trump-stop.jpg\"\n\t\t\t\t\t\tsrcset=\"https:\/\/www.greenpeace.org\/static\/planet4-poland-stateless\/2026\/03\/14c6d6ab-trump-stop-500x250.jpg 500w, https:\/\/www.greenpeace.org\/static\/planet4-poland-stateless\/2026\/03\/14c6d6ab-trump-stop-768x384.jpg 768w, https:\/\/www.greenpeace.org\/static\/planet4-poland-stateless\/2026\/03\/14c6d6ab-trump-stop-510x255.jpg 510w, https:\/\/www.greenpeace.org\/static\/planet4-poland-stateless\/2026\/03\/14c6d6ab-trump-stop.jpg 800w\"\n\t\t\t\t\t\tsizes=\"(min-width: 1000px) 358px, (min-width: 780px) 313px, 88px\"\n\t\t\t\t\t\talt=\"\" title=\"\"\n\t\t\t\t\/>\n            \t\t\t<div class=\"boxout-content\">\n\t\t\t\t\t\t\t\t\t<a\n\t\t\t\t\t\tclass=\"boxout-heading medium\"\n\t\t\t\t\t\tdata-ga-category=\"Take Action Boxout\"\n\t\t\t\t\t\tdata-ga-action=\"Title\"\n\t\t\t\t\t\tdata-ga-label=\"n\/a\"\n\t\t\t\t\t\thref=\"https:\/\/www.greenpeace.org\/poland\/petycje\/podpisz-zatrzymajmy-brudna-energie-trumpa\/\"\n\t\t\t\t\t\t\n\t\t\t\t\t>\n\t\t\t\t\t\tPodpisz: Zatrzymajmy brudn\u0105 energi\u0119 Trumpa!\n\t\t\t\t\t<\/a>\n\t\t\t\t\t\t\t\t\t\t\t\t\t<p class=\"boxout-excerpt\">Nie pozw\u00f3lmy, by Europa zosta\u0142a zak\u0142adnikiem brudnych uk\u0142ad\u00f3w niszcz\u0105cych klimat i demokracj\u0119!<\/p>\n\t\t\t\t                                    <a\n                        class=\"btn btn-primary\"\n                        data-ga-category=\"Take Action Boxout\"\n                        data-ga-action=\"Call to Action\"\n                        data-ga-label=\"n\/a\"\n                        href=\"https:\/\/www.greenpeace.org\/poland\/petycje\/podpisz-zatrzymajmy-brudna-energie-trumpa\/\"\n                        \n                    >\n                        Podpisz!\n                    <\/a>\n                \t\t\t<\/div>\n\t\t\t\t\t\t\t<a\n\t\t\t\t\tclass=\"not-now\"\n\t\t\t\t\trole=\"button\"\n\t\t\t\t\tdata-bs-toggle=\"collapse\"\n\t\t\t\t\thref=\"#action-card\"\n\t\t\t\t><\/a>\n\t\t\t\t\t<\/section>\n\t","protected":false},"excerpt":{"rendered":"<p>Aktywistki i aktywi\u015bci Greenpeace wy\u015bwietlili dzi\u015b rano na fasadzie siedziby Komisji Europejskiej obraz, kt\u00f3ry upodobni\u0142 j\u0105 do jednego z drapaczy chmur nale\u017c\u0105cych do Donalda Trumpa. W ten spos\u00f3b zaprotestowali przeciwko&hellip;<\/p>\n","protected":false},"author":25,"featured_media":39944,"comment_status":"closed","ping_status":"open","sticky":false,"template":"","format":"standard","meta":{"ep_exclude_from_search":false,"p4_og_title":"","p4_og_description":"","p4_og_image":"","p4_og_image_id":"","p4_seo_canonical_url":"","p4_campaign_name":"","p4_local_project":"","p4_basket_name":"","p4_department":"","footnotes":""},"categories":[2],"tags":[6,25,106,24],"p4-page-type":[14],"class_list":["post-39943","post","type-post","status-publish","format-standard","has-post-thumbnail","hentry","category-klimat-energia","tag-klimat","tag-paliwakopalne","tag-gaz","tag-aktywizm","p4-page-type-aktualnosci"],"_links":{"self":[{"href":"https:\/\/www.greenpeace.org\/poland\/wp-json\/wp\/v2\/posts\/39943","targetHints":{"allow":["GET"]}}],"collection":[{"href":"https:\/\/www.greenpeace.org\/poland\/wp-json\/wp\/v2\/posts"}],"about":[{"href":"https:\/\/www.greenpeace.org\/poland\/wp-json\/wp\/v2\/types\/post"}],"author":[{"embeddable":true,"href":"https:\/\/www.greenpeace.org\/poland\/wp-json\/wp\/v2\/users\/25"}],"replies":[{"embeddable":true,"href":"https:\/\/www.greenpeace.org\/poland\/wp-json\/wp\/v2\/comments?post=39943"}],"version-history":[{"count":2,"href":"https:\/\/www.greenpeace.org\/poland\/wp-json\/wp\/v2\/posts\/39943\/revisions"}],"predecessor-version":[{"id":39947,"href":"https:\/\/www.greenpeace.org\/poland\/wp-json\/wp\/v2\/posts\/39943\/revisions\/39947"}],"wp:featuredmedia":[{"embeddable":true,"href":"https:\/\/www.greenpeace.org\/poland\/wp-json\/wp\/v2\/media\/39944"}],"wp:attachment":[{"href":"https:\/\/www.greenpeace.org\/poland\/wp-json\/wp\/v2\/media?parent=39943"}],"wp:term":[{"taxonomy":"category","embeddable":true,"href":"https:\/\/www.greenpeace.org\/poland\/wp-json\/wp\/v2\/categories?post=39943"},{"taxonomy":"post_tag","embeddable":true,"href":"https:\/\/www.greenpeace.org\/poland\/wp-json\/wp\/v2\/tags?post=39943"},{"taxonomy":"p4-page-type","embeddable":true,"href":"https:\/\/www.greenpeace.org\/poland\/wp-json\/wp\/v2\/p4-page-type?post=39943"}],"curies":[{"name":"wp","href":"https:\/\/api.w.org\/{rel}","templated":true}]}}